{"id":30435,"date":"2026-01-22T15:35:34","date_gmt":"2026-01-22T18:35:34","guid":{"rendered":"https:\/\/imais.online\/portal\/?p=30435"},"modified":"2026-01-22T15:35:34","modified_gmt":"2026-01-22T18:35:34","slug":"sisu-2026-inscricoes-para-2748-mil-vagas-terminam-nesta-sexta-feira","status":"publish","type":"post","link":"https:\/\/imais.online\/portal\/sisu-2026-inscricoes-para-2748-mil-vagas-terminam-nesta-sexta-feira\/","title":{"rendered":"Sisu 2026: inscri\u00e7\u00f5es para 274,8 mil vagas terminam nesta sexta-feira"},"content":{"rendered":"<div class=\"imais-before-content-placement\" id=\"imais-1524558170\"><script async src=\"\/\/pagead2.googlesyndication.com\/pagead\/js\/adsbygoogle.js?client=ca-pub-8787528412751566\" crossorigin=\"anonymous\"><\/script><ins class=\"adsbygoogle\" style=\"display:block;\" data-ad-client=\"ca-pub-8787528412751566\" \ndata-ad-slot=\"\" \ndata-ad-format=\"auto\"><\/ins>\n<script> \n(adsbygoogle = window.adsbygoogle || []).push({}); \n<\/script>\n<\/div>\n<p class=\"has-text-align-center\">Podem concorrer participantes das \u00faltimas tr\u00eas edi\u00e7\u00f5es do Enem<\/p>\n\n\n\n<p class=\"has-text-align-left\"><strong>Os interessados em participar do processo seletivo de 2026 do Sistema de Sele\u00e7\u00e3o Unificada (Sisu) podem<a href=\"https:\/\/agenciabrasil.ebc.com.br\/educacao\/noticia\/2026-01\/inscricoes-no-prouni-comecam-na-segunda-confira-vagas-disponiveis\" target=\"_blank\" rel=\"noreferrer noopener\">&nbsp;se inscrever<\/a>&nbsp;at\u00e9 esta sexta-feira, 23 de janeiro.&nbsp;<\/strong><img decoding=\"async\" src=\"https:\/\/agenciabrasil.ebc.com.br\/ebc.png?id=1675696&amp;o=node\"><img decoding=\"async\" src=\"https:\/\/agenciabrasil.ebc.com.br\/ebc.gif?id=1675696&amp;o=node\"><\/p>\n\n\n\n<p>Uma das novidades desta edi\u00e7\u00e3o \u00e9 que quem participou de pelo menos uma das tr\u00eas \u00faltimas edi\u00e7\u00f5es do Enem \u2013 2023, 2024 e 2025 \u2013 pode se inscrever para concorrer a vagas oferecidas pelas institui\u00e7\u00f5es que aderiram ao processo seletivo. \u00c9 obrigat\u00f3rio, ainda, j\u00e1 ter conclu\u00eddo o ensino m\u00e9dio.&nbsp;<\/p>\n\n\n\n<p>O Sisu 2026 oferecer\u00e1 274,8 mil vagas em 7.388 cursos de 136 institui\u00e7\u00f5es p\u00fablicas de ensino superior &#8211; a maior oferta da hist\u00f3ria, de acordo com o Minist\u00e9rio da Educa\u00e7\u00e3o (MEC).&nbsp;<\/p>\n\n\n\n<h2 class=\"wp-block-heading\">Como participar do Sisu<\/h2>\n\n\n\n<p><strong>A inscri\u00e7\u00e3o para o Sisu \u00e9 gratuita<\/strong>. O candidato dever\u00e1 realiz\u00e1-la exclusivamente pela internet, por meio do&nbsp;<a href=\"https:\/\/acessounico.mec.gov.br\/sisu\" target=\"_blank\" rel=\"noreferrer noopener\">Portal \u00danico de Acesso ao Ensino Superior<\/a>.<\/p>\n\n\n\n<p>O participante poder\u00e1 se inscrever em at\u00e9 dois curso e indicar sua prefer\u00eancia como primeira e segunda op\u00e7\u00e3o.<\/p>\n\n\n\n<p>Ao se inscrever, \u00e9 preciso preencher, obrigatoriamente, um cadastro socioecon\u00f4mico. Aquele candidato que deseja concorrer \u00e0s modalidades de reserva de vagas, previstas na Lei de Cotas e nas a\u00e7\u00f5es afirmativas pr\u00f3prias das institui\u00e7\u00f5es, deve fazer a op\u00e7\u00e3o no momento da inscri\u00e7\u00e3o.<\/p>\n\n\n\n<h2 class=\"wp-block-heading\">Como \u00e9 feita a sele\u00e7\u00e3o<\/h2>\n\n\n\n<p><strong>A sele\u00e7\u00e3o do candidato ser\u00e1 com base na nota do Enem de 2023 a 2025 que resulte na melhor m\u00e9dia ponderada, de acordo com a op\u00e7\u00e3o de curso. O participante n\u00e3o pode ter tirado nota zero na reda\u00e7\u00e3o.<\/strong><\/p>\n\n\n\n<p>Aos candidatos que participaram de mais de uma das \u00faltimas edi\u00e7\u00f5es do Enem, o sistema&nbsp;de inscri\u00e7\u00e3o do Sisu&nbsp;selecionar\u00e1 automaticamente a edi\u00e7\u00e3o que oferece a melhor m\u00e9dia ponderada para cada op\u00e7\u00e3o de curso escolhida.&nbsp;<\/p>\n\n\n\n<p>As notas de treineiros (estudantes que n\u00e3o terminaram o ensino m\u00e9dio e fazem o exame apenas para autoavalia\u00e7\u00e3o) n\u00e3o ser\u00e3o consideradas.<\/p>\n\n\n\n<p><strong>O resultado da \u00fanica chamada regular ser\u00e1 divulgado em 29 de janeiro, conforme prev\u00ea o&nbsp;<a href=\"https:\/\/www.gov.br\/mec\/pt-br\/sisu\/legislacao\/documentos\/sei_6417071_edital_29.pdf\/view\" target=\"_blank\" rel=\"noreferrer noopener\">edital<\/a>.&nbsp;<\/strong><\/p>\n\n\n\n<h2 class=\"wp-block-heading\">Vagas&nbsp;<\/h2>\n\n\n\n<p><strong>Na edi\u00e7\u00e3o com n\u00famero recorde de vagas, o MEC destaca que o Sisu 2026 incluiu novos campi&nbsp;no processo seletivo&nbsp;e&nbsp;a&nbsp;ampliou os cursos&nbsp;de tecnologia,&nbsp;intelig\u00eancia artificial&nbsp;e licenciaturas.&nbsp;<\/strong><\/p>\n\n\n\n<p>Considerado apenas as vagas reservadas, no contexto da&nbsp;Lei de Cotas e demais a\u00e7\u00f5es afirmativas pr\u00f3prias&nbsp;das institui\u00e7\u00f5es de ensino, s\u00e3o mais de 148,9 mil&nbsp;vagas&nbsp;para pretos, pardos, ind\u00edgenas, quilombolas, estudantes&nbsp;egressos&nbsp;de escolas p\u00fablicas ou comunit\u00e1rias, al\u00e9m de pessoas com defici\u00eancia.&nbsp;<strong>Este quantitativo corresponde a&nbsp;54,3% de todas as vagas&nbsp;disponibilizadas.<\/strong><\/p>\n\n\n\n<p>Sobre os cursos, mais de 73 mil&nbsp;s\u00e3o&nbsp;para cursos&nbsp;de&nbsp;licenciaturas presenciais de 18 \u00e1reas.&nbsp;Os estudantes que optarem por esses cursos poder\u00e3o se inscrever no programa P\u00e9-de-Meia Licenciaturas e ter\u00e3o direito ao incentivo financeiro mensal no valor de R$ 1.050, durante todo o curso.<\/p>\n\n\n\n<p>A universidade com o maior n\u00famero de vagas no Sisu \u00e9 a Universidade Federal do Rio de Janeiro (UFRJ), com 9.120 vagas. Em seguida, est\u00e3o a Universidade Federal Fluminense (UFF), com 8.931; e a Universidade Federal da Para\u00edba (UFPB), 8.005.<\/p>\n\n\n\n<p><strong>A lista dos cursos com mais vagas \u00e9 liderada por pedagogia, com 10.145 oportunidades. Na segunda posi\u00e7\u00e3o, est\u00e1 o curso de administra\u00e7\u00e3o (9.462) e, na sequ\u00eancia, matem\u00e1tica (9.332 vagas).<\/strong><\/p>\n\n\n\n<h2 class=\"wp-block-heading\">Ferramenta<\/h2>\n\n\n\n<p>Para apoiar os estudantes no processo de escolha do curso, o&nbsp;<a href=\"https:\/\/acessounico.mec.gov.br\/sisu\" target=\"_blank\" rel=\"noreferrer noopener\">portal do Sisu<\/a>&nbsp;disponibiliza a consulta \u00e0s vagas de cursos por institui\u00e7\u00e3o, munic\u00edpio, turno, grau acad\u00eamico e modalidade de concorr\u00eancia.&nbsp;<strong>A plataforma possibilita acompanhar as informa\u00e7\u00f5es como n\u00famero de vagas e notas de corte parciais, durante o per\u00edodo de inscri\u00e7\u00f5es do Sisu.<\/strong><\/p>\n\n\n\n<h2 class=\"wp-block-heading\">Sisu<\/h2>\n\n\n\n<p class=\"has-text-align-left\">O programa federal tem como objetivo de ampliar o acesso dos estudantes do ensino m\u00e9dio a institui\u00e7\u00f5es p\u00fablicas de educa\u00e7\u00e3o superior, por meio do Enem. O Sisu re\u00fane as vagas ofertadas por institui\u00e7\u00f5es p\u00fablicas de educa\u00e7\u00e3o superior do Brasil que aderiram ao processo seletivo. A maioria das institui\u00e7\u00f5es participantes \u00e9 da rede federal de educa\u00e7\u00e3o superior, com destaque para universidades e institutos federais.<br><\/p>\n\n\n\n<p class=\"has-text-align-left\"><br><\/p>\n","protected":false},"excerpt":{"rendered":"<p>Podem concorrer participantes das \u00faltimas tr\u00eas edi\u00e7\u00f5es do Enem Os interessados em participar do processo seletivo de 2026 do Sistema de Sele\u00e7\u00e3o Unificada (Sisu) podem&nbsp;se inscrever&nbsp;at\u00e9 esta sexta-feira, 23 de janeiro.&nbsp; Uma das novidades desta edi\u00e7\u00e3o \u00e9 que quem participou de pelo menos uma das tr\u00eas \u00faltimas edi\u00e7\u00f5es do Enem \u2013 2023, 2024 e 2025 [&hellip;]<\/p>\n","protected":false},"author":7,"featured_media":30436,"comment_status":"closed","ping_status":"open","sticky":false,"template":"","format":"standard","meta":{"rop_custom_images_group":[],"rop_custom_messages_group":[],"rop_publish_now":"initial","rop_publish_now_accounts":[],"rop_publish_now_history":[],"rop_publish_now_status":"pending","footnotes":""},"categories":[189],"tags":[73],"class_list":["post-30435","post","type-post","status-publish","format-standard","has-post-thumbnail","hentry","category-brasil","tag-featured"],"amp_enabled":true,"_links":{"self":[{"href":"https:\/\/imais.online\/portal\/wp-json\/wp\/v2\/posts\/30435","targetHints":{"allow":["GET"]}}],"collection":[{"href":"https:\/\/imais.online\/portal\/wp-json\/wp\/v2\/posts"}],"about":[{"href":"https:\/\/imais.online\/portal\/wp-json\/wp\/v2\/types\/post"}],"author":[{"embeddable":true,"href":"https:\/\/imais.online\/portal\/wp-json\/wp\/v2\/users\/7"}],"replies":[{"embeddable":true,"href":"https:\/\/imais.online\/portal\/wp-json\/wp\/v2\/comments?post=30435"}],"version-history":[{"count":1,"href":"https:\/\/imais.online\/portal\/wp-json\/wp\/v2\/posts\/30435\/revisions"}],"predecessor-version":[{"id":30437,"href":"https:\/\/imais.online\/portal\/wp-json\/wp\/v2\/posts\/30435\/revisions\/30437"}],"wp:featuredmedia":[{"embeddable":true,"href":"https:\/\/imais.online\/portal\/wp-json\/wp\/v2\/media\/30436"}],"wp:attachment":[{"href":"https:\/\/imais.online\/portal\/wp-json\/wp\/v2\/media?parent=30435"}],"wp:term":[{"taxonomy":"category","embeddable":true,"href":"https:\/\/imais.online\/portal\/wp-json\/wp\/v2\/categories?post=30435"},{"taxonomy":"post_tag","embeddable":true,"href":"https:\/\/imais.online\/portal\/wp-json\/wp\/v2\/tags?post=30435"}],"curies":[{"name":"wp","href":"https:\/\/api.w.org\/{rel}","templated":true}]}}