{"id":30450,"date":"2026-01-25T16:41:11","date_gmt":"2026-01-25T19:41:11","guid":{"rendered":"https:\/\/imais.online\/portal\/?p=30450"},"modified":"2026-01-25T16:41:12","modified_gmt":"2026-01-25T19:41:12","slug":"raio-em-brasilia-72-manifestantes-sao-atingidos-e-30-levados-para-hospitais","status":"publish","type":"post","link":"https:\/\/imais.online\/portal\/raio-em-brasilia-72-manifestantes-sao-atingidos-e-30-levados-para-hospitais\/","title":{"rendered":"Raio em Bras\u00edlia: 72 manifestantes s\u00e3o atingidos e 30 levados para hospitais"},"content":{"rendered":"<div class=\"imais-before-content-placement\" id=\"imais-239941907\"><script async src=\"\/\/pagead2.googlesyndication.com\/pagead\/js\/adsbygoogle.js?client=ca-pub-8787528412751566\" crossorigin=\"anonymous\"><\/script><ins class=\"adsbygoogle\" style=\"display:block;\" data-ad-client=\"ca-pub-8787528412751566\" \ndata-ad-slot=\"\" \ndata-ad-format=\"auto\"><\/ins>\n<script> \n(adsbygoogle = window.adsbygoogle || []).push({}); \n<\/script>\n<\/div>\n<h2 class=\"wp-block-heading\">Secretaria de Sa\u00fade informou que 8 pessoas est\u00e3o em estado grave<\/h2>\n\n\n\n<p><\/p>\n\n\n\n<p>O r<a href=\"https:\/\/noticias.r7.com\/brasilia\/raio-atinge-manifestantes-pro-bolsonaro-em-ato-na-praca-do-cruzeiro-em-brasilia-25012026\/\">aio que atingiu a regi\u00e3o central de Bras\u00edlia<\/a>&nbsp;deixou ao menos 30 feridos neste domingo (25). Eles foram levados ao Hran (Hospital Regional da Asa Norte), e ao HBDF (Hospital de Base do Distrito Federal), segundo o Corpo de Bombeiros do DF.<\/p>\n\n\n\n<p>N\u00e3o foi registrada nenhuma morte, no entanto 8 pessoas est\u00e3o em estado grave. De acordo com informa\u00e7\u00f5es dos militares, 10 ambul\u00e2ncias foram usadas nos resgates.<\/p>\n\n\n\n<p>No momento da queda do raio, manifestantes se reuniam em ato convocado pelo deputado Nikolas Ferreira (PL-MG), na Pra\u00e7a do Cruzeiro. O parlamentar come\u00e7ou uma caminhada em dire\u00e7\u00e3o a Bras\u00edlia h\u00e1 sete dias, em Paracatu (MG).<\/p>\n\n\n\n<p>A Pra\u00e7a do Cruzeiro foi escolhida para o encerramento da caminhada ap\u00f3s o ministro Alexandre de Moraes, do STF (Supremo Tribunal Federal), proibir manifesta\u00e7\u00f5es em frente ao Complexo Penitenci\u00e1rio da Papuda, onde o ex-presidente Jair Bolsonaro est\u00e1 preso.<\/p>\n\n\n\n<p>Mais cedo, ao come\u00e7ar o \u00faltimo dia de caminhada, Nikolas disse que o objetivo j\u00e1 tinha sido alcan\u00e7ado. \u201cO objetivo foi alcan\u00e7ado antes mesmo do ato final, que \u00e9 despertar as pessoas, abrir seus olhos para o que est\u00e1 acontecendo&#8230;\u201d, disse. Desde ontem, o deputado come\u00e7ou a usar um colete \u00e0 prova de balas, segundo ele, seguindo orienta\u00e7\u00e3o da pol\u00edcia legislativa, devido a amea\u00e7as.<\/p>\n\n\n\n<p>Fonte R7<\/p>\n","protected":false},"excerpt":{"rendered":"<p>Secretaria de Sa\u00fade informou que 8 pessoas est\u00e3o em estado grave O raio que atingiu a regi\u00e3o central de Bras\u00edlia&nbsp;deixou ao menos 30 feridos neste domingo (25). Eles foram levados ao Hran (Hospital Regional da Asa Norte), e ao HBDF (Hospital de Base do Distrito Federal), segundo o Corpo de Bombeiros do DF. N\u00e3o foi [&hellip;]<\/p>\n","protected":false},"author":8,"featured_media":30451,"comment_status":"closed","ping_status":"open","sticky":false,"template":"","format":"standard","meta":{"rop_custom_images_group":[],"rop_custom_messages_group":[],"rop_publish_now":"initial","rop_publish_now_accounts":[],"rop_publish_now_history":[],"rop_publish_now_status":"pending","footnotes":""},"categories":[189],"tags":[],"class_list":["post-30450","post","type-post","status-publish","format-standard","has-post-thumbnail","hentry","category-brasil"],"amp_enabled":true,"_links":{"self":[{"href":"https:\/\/imais.online\/portal\/wp-json\/wp\/v2\/posts\/30450","targetHints":{"allow":["GET"]}}],"collection":[{"href":"https:\/\/imais.online\/portal\/wp-json\/wp\/v2\/posts"}],"about":[{"href":"https:\/\/imais.online\/portal\/wp-json\/wp\/v2\/types\/post"}],"author":[{"embeddable":true,"href":"https:\/\/imais.online\/portal\/wp-json\/wp\/v2\/users\/8"}],"replies":[{"embeddable":true,"href":"https:\/\/imais.online\/portal\/wp-json\/wp\/v2\/comments?post=30450"}],"version-history":[{"count":1,"href":"https:\/\/imais.online\/portal\/wp-json\/wp\/v2\/posts\/30450\/revisions"}],"predecessor-version":[{"id":30452,"href":"https:\/\/imais.online\/portal\/wp-json\/wp\/v2\/posts\/30450\/revisions\/30452"}],"wp:featuredmedia":[{"embeddable":true,"href":"https:\/\/imais.online\/portal\/wp-json\/wp\/v2\/media\/30451"}],"wp:attachment":[{"href":"https:\/\/imais.online\/portal\/wp-json\/wp\/v2\/media?parent=30450"}],"wp:term":[{"taxonomy":"category","embeddable":true,"href":"https:\/\/imais.online\/portal\/wp-json\/wp\/v2\/categories?post=30450"},{"taxonomy":"post_tag","embeddable":true,"href":"https:\/\/imais.online\/portal\/wp-json\/wp\/v2\/tags?post=30450"}],"curies":[{"name":"wp","href":"https:\/\/api.w.org\/{rel}","templated":true}]}}