{"id":30453,"date":"2026-01-25T16:43:34","date_gmt":"2026-01-25T19:43:34","guid":{"rendered":"https:\/\/imais.online\/portal\/?p=30453"},"modified":"2026-01-25T16:43:35","modified_gmt":"2026-01-25T19:43:35","slug":"o-que-ha-sob-o-gelo-da-groenlandia-pode-acelerar-subida-do-nivel-do-mar","status":"publish","type":"post","link":"https:\/\/imais.online\/portal\/o-que-ha-sob-o-gelo-da-groenlandia-pode-acelerar-subida-do-nivel-do-mar\/","title":{"rendered":"O que h\u00e1 sob o gelo da Groenl\u00e2ndia pode acelerar subida do n\u00edvel do mar"},"content":{"rendered":"<div class=\"imais-before-content-placement\" id=\"imais-1794924077\"><script async src=\"\/\/pagead2.googlesyndication.com\/pagead\/js\/adsbygoogle.js?client=ca-pub-8787528412751566\" crossorigin=\"anonymous\"><\/script><ins class=\"adsbygoogle\" style=\"display:block;\" data-ad-client=\"ca-pub-8787528412751566\" \ndata-ad-slot=\"\" \ndata-ad-format=\"auto\"><\/ins>\n<script> \n(adsbygoogle = window.adsbygoogle || []).push({}); \n<\/script>\n<\/div>\n<h2 class=\"wp-block-heading\">Estudo diz que ilha que se tornou alvo de disputa vem perdendo camada congelada de forma acelerada<\/h2>\n\n\n\n<p><\/p>\n\n\n\n<p>Um novo estudo encabe\u00e7ado por pesquisadores da Sociedade Geol\u00f3gica dos&nbsp;<a href=\"https:\/\/www.r7.com\/tudo-sobre\/estados-unidos\/\">Estados Unidos<\/a>&nbsp;revelou que o que est\u00e1 escondido sob a camada de gelo da&nbsp;<a href=\"https:\/\/www.r7.com\/tudo-sobre\/groenlandia\/\">Groenl\u00e2ndia<\/a>&nbsp;poder\u00e1 ter um papel decisivo no ritmo da eleva\u00e7\u00e3o do&nbsp;<a href=\"https:\/\/noticias.r7.com\/internacional\/mudancas-bruscas-no-nivel-do-mar-estao-ocorrendo-na-costa-do-japao-20122025\/\">n\u00edvel do mar<\/a>&nbsp;nas pr\u00f3ximas d\u00e9cadas.<\/p>\n\n\n\n<p>Os cientistas verificaram que a presen\u00e7a de sedimentos subglaciais (camadas de solo e rocha) sob a camada de gelo da ilha \u00e9 maior do que se tinha conhecimento anteriormente, o que pode facilitar o deslizamento do gelo das geleiras \u00e0 medida que o clima esquenta.<\/p>\n\n\n\n<p>A\u00a0<a href=\"https:\/\/noticias.r7.com\/internacional\/escudo-antimisseis-como-funcionaria-o-domo-de-ouro-de-trump-na-groenlandia-22012026\/\">Groenl\u00e2ndia<\/a>\u00a0abriga a segunda maior massa de gelo do planeta, mas a est\u00e1 perdendo de forma acelerada desde os anos 1990, o que contribui para o aumento do n\u00edvel do mar em escala global.<\/p>\n\n\n\n<p>Usando t\u00e9cnicas s\u00edsmicas coletados ao longo de quase 30 anos, os cientistas tamb\u00e9m analisaram estruturas subglaciais. Isto \u00e9, as forma\u00e7\u00f5es geol\u00f3gicas, lagos, rios ou fei\u00e7\u00f5es de relevo que existem embaixo de geleiras ou grandes camadas de gelo.<\/p>\n\n\n\n<p>A t\u00e9cnica mostrou que as forma\u00e7\u00f5es est\u00e3o amplamente distribu\u00eddas sob a Groenl\u00e2ndia. As mudan\u00e7as de temperatura, por sua vez, podem acelerar futuras perdas de gelo em um cen\u00e1rio de clima mais quente.<\/p>\n\n\n\n<p>A acelera\u00e7\u00e3o da perda de massa da Groenl\u00e2ndia, que vem sendo alvo de disputa entre o governo dos Estados Unidos e a&nbsp;<a href=\"https:\/\/noticias.r7.com\/internacional\/dinamarca-e-otan-buscam-aumentar-seguranca-no-artico-em-meio-a-crise-na-groenlandia-23012026\/\">Dinamarca<\/a>, tem como uma de suas consequ\u00eancias a maior e mais r\u00e1pida para a eleva\u00e7\u00e3o do n\u00edvel do mar, com impactos diretos sobre cidades costeiras em todo o mundo.<\/p>\n\n\n\n<p>Fonte R7 <\/p>\n","protected":false},"excerpt":{"rendered":"<p>Estudo diz que ilha que se tornou alvo de disputa vem perdendo camada congelada de forma acelerada Um novo estudo encabe\u00e7ado por pesquisadores da Sociedade Geol\u00f3gica dos&nbsp;Estados Unidos&nbsp;revelou que o que est\u00e1 escondido sob a camada de gelo da&nbsp;Groenl\u00e2ndia&nbsp;poder\u00e1 ter um papel decisivo no ritmo da eleva\u00e7\u00e3o do&nbsp;n\u00edvel do mar&nbsp;nas pr\u00f3ximas d\u00e9cadas. Os cientistas verificaram [&hellip;]<\/p>\n","protected":false},"author":8,"featured_media":30454,"comment_status":"closed","ping_status":"open","sticky":false,"template":"","format":"standard","meta":{"rop_custom_images_group":[],"rop_custom_messages_group":[],"rop_publish_now":"initial","rop_publish_now_accounts":[],"rop_publish_now_history":[],"rop_publish_now_status":"pending","footnotes":""},"categories":[212],"tags":[],"class_list":["post-30453","post","type-post","status-publish","format-standard","has-post-thumbnail","hentry","category-internacional"],"amp_enabled":true,"_links":{"self":[{"href":"https:\/\/imais.online\/portal\/wp-json\/wp\/v2\/posts\/30453","targetHints":{"allow":["GET"]}}],"collection":[{"href":"https:\/\/imais.online\/portal\/wp-json\/wp\/v2\/posts"}],"about":[{"href":"https:\/\/imais.online\/portal\/wp-json\/wp\/v2\/types\/post"}],"author":[{"embeddable":true,"href":"https:\/\/imais.online\/portal\/wp-json\/wp\/v2\/users\/8"}],"replies":[{"embeddable":true,"href":"https:\/\/imais.online\/portal\/wp-json\/wp\/v2\/comments?post=30453"}],"version-history":[{"count":1,"href":"https:\/\/imais.online\/portal\/wp-json\/wp\/v2\/posts\/30453\/revisions"}],"predecessor-version":[{"id":30455,"href":"https:\/\/imais.online\/portal\/wp-json\/wp\/v2\/posts\/30453\/revisions\/30455"}],"wp:featuredmedia":[{"embeddable":true,"href":"https:\/\/imais.online\/portal\/wp-json\/wp\/v2\/media\/30454"}],"wp:attachment":[{"href":"https:\/\/imais.online\/portal\/wp-json\/wp\/v2\/media?parent=30453"}],"wp:term":[{"taxonomy":"category","embeddable":true,"href":"https:\/\/imais.online\/portal\/wp-json\/wp\/v2\/categories?post=30453"},{"taxonomy":"post_tag","embeddable":true,"href":"https:\/\/imais.online\/portal\/wp-json\/wp\/v2\/tags?post=30453"}],"curies":[{"name":"wp","href":"https:\/\/api.w.org\/{rel}","templated":true}]}}