{"id":30459,"date":"2026-01-25T17:07:25","date_gmt":"2026-01-25T20:07:25","guid":{"rendered":"https:\/\/imais.online\/portal\/?p=30459"},"modified":"2026-01-25T17:07:26","modified_gmt":"2026-01-25T20:07:26","slug":"ivete-sangalo-vai-se-apresentar-no-carnaval-de-rua-de-sp-em-7-de-fevereiro-no-circuito-do-ibirapuera-diz-nunes","status":"publish","type":"post","link":"https:\/\/imais.online\/portal\/ivete-sangalo-vai-se-apresentar-no-carnaval-de-rua-de-sp-em-7-de-fevereiro-no-circuito-do-ibirapuera-diz-nunes\/","title":{"rendered":"Ivete Sangalo vai se apresentar no carnaval de rua de SP em 7 de fevereiro no circuito do Ibirapuera, diz Nunes"},"content":{"rendered":"<div class=\"imais-before-content-placement\" id=\"imais-5354231\"><script async src=\"\/\/pagead2.googlesyndication.com\/pagead\/js\/adsbygoogle.js?client=ca-pub-8787528412751566\" crossorigin=\"anonymous\"><\/script><ins class=\"adsbygoogle\" style=\"display:block;\" data-ad-client=\"ca-pub-8787528412751566\" \ndata-ad-slot=\"\" \ndata-ad-format=\"auto\"><\/ins>\n<script> \n(adsbygoogle = window.adsbygoogle || []).push({}); \n<\/script>\n<\/div>\n<h2 class=\"wp-block-heading\">A apresenta\u00e7\u00e3o come\u00e7a \u00e0s 9h. Esta \u00e9 a primeira participa\u00e7\u00e3o da cantora na folia paulista.<\/h2>\n\n\n\n<p><\/p>\n\n\n\n<p>O prefeito\u00a0Ricardo Nunes\u00a0(MDB) confirmou nesta sexta-feira (23) que a cantora baiana\u00a0Ivete Sangalo\u00a0vai participar pela primeira vez do carnaval de rua de\u00a0S\u00e3o Paulo.\u00a0A informa\u00e7\u00e3o foi divulgada primeiro pelo\u00a0<strong>g1\u00a0<\/strong>e pela\u00a0<strong>TV Globo\u00a0<\/strong>na quinta-feira (22).<\/p>\n\n\n\n<p>\u00cdcone do carnaval e do ax\u00e9, Ivete vai se apresentar no dia 7 de fevereiro \u00e0s 9h, no circuito do Ibirapuera, na Zona Sul da capital. O nome do bloco no qual a cantora vai desfilar ainda n\u00e3o foi divulgado.<\/p>\n\n\n\n<p>Nunes refor\u00e7ou que a apresenta\u00e7\u00e3o da baiana n\u00e3o \u00e9 uma contrata\u00e7\u00e3o da prefeitura, mas, sim, de uma empresa privada.<\/p>\n\n\n\n<p><strong>&#8220;\u00c9 uma empresa que est\u00e1 patrocinando e foi articulado com um dos blocos. A prefeitura fica feliz com a iniciativa desse bloco e dessa empresa poder fazer esse patroc\u00ednio. Voltando a frisar, n\u00e3o \u00e9 uma contrata\u00e7\u00e3o da Prefeitura de S\u00e3o Paulo, mas tem todo o nosso apoio&#8221;, explicou o prefeito.<\/strong><\/p>\n\n\n\n<figure class=\"wp-block-image\"><img decoding=\"async\" src=\"https:\/\/s2-g1.glbimg.com\/ezDiz1jGDOswgYSGQVAe1CW0cNE=\/0x0:2000x1333\/984x0\/smart\/filters:strip_icc()\/i.s3.glbimg.com\/v1\/AUTH_59edd422c0c84a879bd37670ae4f538a\/internal_photos\/bs\/2025\/v\/p\/HnVPfNSkCADXf5xBAUuA\/ivete-sangalo-dsc01026-fabio-tito.jpg\" alt=\"Ivete Sangalo se apresenta no The Town 2025 \u2014 Foto: F\u00e1bio Tito\/g1\"\/><\/figure>\n\n\n\n<p>Ivete Sangalo se apresenta no The Town 2025 \u2014 Foto: F\u00e1bio Tito\/g1<\/p>\n\n\n\n<p>Em S\u00e3o Paulo, o pr\u00e9-carnaval de rua da capital paulista acontece nos dias 7 e 8 de fevereiro e \u00e9 organizado pela SPTuris. As datas oficiais do carnaval neste ano s\u00e3o 14, 15, 16 e 17 de fevereiro.<\/p>\n\n\n\n<h2 class=\"wp-block-heading\"><strong>2026: calend\u00e1rio do carnaval de rua de SP<\/strong><\/h2>\n\n\n\n<ul class=\"wp-block-list\">\n<li><strong>Pr\u00e9-carnaval:<\/strong>\u00a0dias 7 e 8 de fevereiro<\/li>\n\n\n\n<li><strong>Carnaval:\u00a0<\/strong>14, 15, 16 e 17 de fevereiro<\/li>\n\n\n\n<li><strong>P\u00f3s-carnaval:<\/strong>\u00a021 e 22 de fevereiro<\/li>\n<\/ul>\n\n\n\n<figure class=\"wp-block-image\"><img decoding=\"async\" src=\"https:\/\/s2-g1.glbimg.com\/5zUj-7Gj9T0wlv0F0LEYs7jJn6A=\/0x0:1616x1080\/984x0\/smart\/filters:strip_icc()\/i.s3.glbimg.com\/v1\/AUTH_59edd422c0c84a879bd37670ae4f538a\/internal_photos\/bs\/2024\/p\/8\/Qn1D3wSw2BI6Zg0Rry0g\/img-8943.jpg\" alt=\"Ivete Sangalo abre Palco Mundo, nesta sexta-feira (20), no Rock in Rio \u2014 Foto: Stephanie Rodrigues\/g1\"\/><\/figure>\n\n\n\n<p>Ivete Sangalo abre Palco Mundo, nesta sexta-feira (20), no Rock in Rio \u2014 Foto: Stephanie Rodrigues\/g1<\/p>\n\n\n\n<p><strong><br>MENU<\/strong><\/p>\n\n\n\n<p><a href=\"https:\/\/g1.globo.com\/\"><\/a><\/p>\n\n\n\n<p><a href=\"https:\/\/g1.globo.com\/sp\/sao-paulo\/carnaval\/2026\/\">CARNAVAL 2026 EM S\u00c3O PAULO<\/a><\/p>\n\n\n\n<p>Entrar com Conta Globo<\/p>\n\n\n\n<p>Uma s\u00f3 conta para todos os produtos Globo.&nbsp;<strong>\u00c9 gr\u00e1tis!<\/strong><\/p>\n\n\n\n<figure class=\"wp-block-image\"><img decoding=\"async\" src=\"https:\/\/s3.glbimg.com\/v1\/AUTH_b922f1376f6c452e9bb337cc7d996a6e\/logo\/tenant\/oglobo.svg\" alt=\"\"\/><\/figure>\n\n\n\n<figure class=\"wp-block-image\"><img decoding=\"async\" src=\"https:\/\/s3.glbimg.com\/v1\/AUTH_b922f1376f6c452e9bb337cc7d996a6e\/logo\/tenant\/cartola.svg\" alt=\"\"\/><\/figure>\n\n\n\n<figure class=\"wp-block-image\"><img decoding=\"async\" src=\"https:\/\/s3.glbimg.com\/v1\/AUTH_b922f1376f6c452e9bb337cc7d996a6e\/logo\/tenant\/ge.svg\" alt=\"\"\/><\/figure>\n\n\n\n<figure class=\"wp-block-image\"><img decoding=\"async\" src=\"https:\/\/s3.glbimg.com\/v1\/AUTH_b922f1376f6c452e9bb337cc7d996a6e\/logo\/tenant\/g1.svg\" alt=\"\"\/><\/figure>\n\n\n\n<figure class=\"wp-block-image\"><img decoding=\"async\" src=\"https:\/\/s3.glbimg.com\/v1\/AUTH_b922f1376f6c452e9bb337cc7d996a6e\/logo\/tenant\/globoplay.svg\" alt=\"\"\/><\/figure>\n\n\n\n<figure class=\"wp-block-image\"><img decoding=\"async\" src=\"https:\/\/s3.glbimg.com\/v1\/AUTH_b922f1376f6c452e9bb337cc7d996a6e\/logo\/tenant\/globocom.svg\" alt=\"\"\/><\/figure>\n\n\n\n<figure class=\"wp-block-image\"><img decoding=\"async\" src=\"https:\/\/s3.glbimg.com\/v1\/AUTH_b922f1376f6c452e9bb337cc7d996a6e\/logo\/tenant\/gshow.svg\" alt=\"\"\/><\/figure>\n\n\n\n<figure class=\"wp-block-image\"><img decoding=\"async\" src=\"https:\/\/s3.glbimg.com\/v1\/AUTH_b922f1376f6c452e9bb337cc7d996a6e\/logo\/tenant\/oglobo.svg\" alt=\"\"\/><\/figure>\n\n\n\n<figure class=\"wp-block-image\"><img decoding=\"async\" src=\"https:\/\/s3.glbimg.com\/v1\/AUTH_b922f1376f6c452e9bb337cc7d996a6e\/logo\/tenant\/cartola.svg\" alt=\"\"\/><\/figure>\n\n\n\n<figure class=\"wp-block-image\"><img decoding=\"async\" src=\"https:\/\/s3.glbimg.com\/v1\/AUTH_b922f1376f6c452e9bb337cc7d996a6e\/logo\/tenant\/ge.svg\" alt=\"\"\/><\/figure>\n\n\n\n<figure class=\"wp-block-image\"><img decoding=\"async\" src=\"https:\/\/s3.glbimg.com\/v1\/AUTH_b922f1376f6c452e9bb337cc7d996a6e\/logo\/tenant\/g1.svg\" alt=\"\"\/><\/figure>\n\n\n\n<figure class=\"wp-block-image\"><img decoding=\"async\" src=\"https:\/\/s3.glbimg.com\/v1\/AUTH_b922f1376f6c452e9bb337cc7d996a6e\/logo\/tenant\/globoplay.svg\" alt=\"\"\/><\/figure>\n\n\n\n<figure class=\"wp-block-image\"><img decoding=\"async\" src=\"https:\/\/s3.glbimg.com\/v1\/AUTH_b922f1376f6c452e9bb337cc7d996a6e\/logo\/tenant\/globocom.svg\" alt=\"\"\/><\/figure>\n\n\n\n<figure class=\"wp-block-image\"><img decoding=\"async\" src=\"https:\/\/s3.glbimg.com\/v1\/AUTH_b922f1376f6c452e9bb337cc7d996a6e\/logo\/tenant\/gshow.svg\" alt=\"\"\/><\/figure>\n\n\n\n<p>Utilize o mesmo login para todos os produtos Globo e receba recomenda\u00e7\u00f5es e ofertas exclusivas para voc\u00ea.EntrarCriar uma conta<\/p>\n\n\n\n<figure class=\"wp-block-embed\"><div class=\"wp-block-embed__wrapper\">\nhttps:\/\/faf35276f0d52b68a4b384bfa7bf9fd1.safeframe.googlesyndication.com\/safeframe\/1-0-45\/html\/container.html\n<\/div><\/figure>\n\n\n\n<h1 class=\"wp-block-heading\">Ivete Sangalo vai se apresentar no carnaval de rua de SP em 7 de fevereiro no circuito do Ibirapuera, diz Nunes<\/h1>\n\n\n\n<h2 class=\"wp-block-heading\">A apresenta\u00e7\u00e3o come\u00e7a \u00e0s 9h. Esta \u00e9 a primeira participa\u00e7\u00e3o da cantora na folia paulista.<\/h2>\n\n\n\n<p>Por&nbsp;<a href=\"https:\/\/g1.globo.com\/autores\/redacao-g1-sp\/\">Reda\u00e7\u00e3o g1 SP<\/a><\/p>\n\n\n\n<p>23\/01\/2026 13h17&nbsp;&nbsp;Atualizado&nbsp;h\u00e1 2 dias<\/p>\n\n\n\n<figure class=\"wp-block-image\"><img decoding=\"async\" src=\"https:\/\/s04.video.glbimg.com\/x240\/13388351.jpg\" alt=\"Ivete canta 'O Mundo Vai' no carnaval de Salvador\" title=\"Ivete canta 'O Mundo Vai' no carnaval de Salvador\"\/><\/figure>\n\n\n\n<p><a href=\"https:\/\/globoplay.globo.com\/categorias\/lollapalooza\/?origemId=1779&amp;utm_source=g1&amp;utm_medium=tapume&amp;utm_campaign=aq-org_g1_conteudo_up_perf_banner_web_tier2_live_lolla-24&amp;utm_content=banner&amp;utm_term=tapume-g1-assista\"><\/a><\/p>\n\n\n\n<figure class=\"wp-block-video\"><\/figure>\n\n\n\n<p>Ivete canta &#8216;O Mundo Vai&#8217; no carnaval de Salvador<\/p>\n\n\n\n<p>O prefeito&nbsp;<a class=\"\" href=\"https:\/\/g1.globo.com\/politica\/politico\/ricardo-luis-reis-nunes\/\">Ricardo Nunes<\/a>&nbsp;(<a class=\"\" href=\"https:\/\/g1.globo.com\/politica\/partido\/mdb\/\">MDB<\/a>) confirmou nesta sexta-feira (23) que a cantora baiana&nbsp;<a class=\"\" href=\"https:\/\/g1.globo.com\/tudo-sobre\/ivete-sangalo\/\">Ivete Sangalo<\/a>&nbsp;vai participar pela primeira vez do carnaval de rua de&nbsp;<a class=\"\" href=\"https:\/\/g1.globo.com\/sp\/sao-paulo\/cidade\/sao-paulo\/\">S\u00e3o Paulo<\/a>.&nbsp;<a class=\"\" href=\"https:\/\/g1.globo.com\/sp\/sao-paulo\/carnaval\/2026\/noticia\/2026\/01\/22\/ivete-sangalo-vai-puxar-bloco-de-carnaval-de-rua-em-sao-paulo-pela-primeira-vez.ghtml\">A informa\u00e7\u00e3o foi divulgada primeiro pelo&nbsp;<strong>g1&nbsp;<\/strong>e pela&nbsp;<strong>TV Globo&nbsp;<\/strong>na quinta-feira (22).<\/a><\/p>\n\n\n\n<p>\u00cdcone do carnaval e do ax\u00e9, Ivete vai se apresentar no dia 7 de fevereiro \u00e0s 9h, no circuito do Ibirapuera, na Zona Sul da capital. O nome do bloco no qual a cantora vai desfilar ainda n\u00e3o foi divulgado.<\/p>\n\n\n\n<p>Nunes refor\u00e7ou que a apresenta\u00e7\u00e3o da baiana n\u00e3o \u00e9 uma contrata\u00e7\u00e3o da prefeitura, mas, sim, de uma empresa privada.<\/p>\n\n\n\n<figure class=\"wp-block-embed\"><div class=\"wp-block-embed__wrapper\">\nhttps:\/\/faf35276f0d52b68a4b384bfa7bf9fd1.safeframe.googlesyndication.com\/safeframe\/1-0-45\/html\/container.html\n<\/div><\/figure>\n\n\n\n<ul class=\"wp-block-list\">\n<li><a href=\"https:\/\/g1.globo.com\/sp\/sao-paulo\/carnaval\/2026\/noticia\/2026\/01\/23\/apos-criticas-por-demora-prefeitura-de-sp-divulga-lista-de-blocos-de-rua-do-carnaval-2026.ghtml\" class=\"\">Carnaval 2026: Prefeitura de SP divulga programa\u00e7\u00e3o de blocos de rua ap\u00f3s cr\u00edticas por demora; veja hor\u00e1rios e trajetos<\/a><\/li>\n<\/ul>\n\n\n\n<blockquote class=\"wp-block-quote is-layout-flow wp-block-quote-is-layout-flow\">\n<p>&#8220;\u00c9 uma empresa que est\u00e1 patrocinando e foi articulado com um dos blocos. A prefeitura fica feliz com a iniciativa desse bloco e dessa empresa poder fazer esse patroc\u00ednio. Voltando a frisar, n\u00e3o \u00e9 uma contrata\u00e7\u00e3o da Prefeitura de S\u00e3o Paulo, mas tem todo o nosso apoio&#8221;, explicou o prefeito.<\/p>\n<\/blockquote>\n\n\n\n<p>Em 2026,&nbsp;<a class=\"\" href=\"https:\/\/g1.globo.com\/rj\/rio-de-janeiro\/carnaval\/2026\/noticia\/2026\/01\/14\/ivete-sangalo-estreia-no-carnaval-de-rua-do-rio-em-2026-puxando-megabloco-no-centro.ghtml\">Ivete tamb\u00e9m deve se apresentar pela 1\u00aa vez no carnaval de rua do Rio de Janeiro.<\/a><\/p>\n\n\n\n<figure class=\"wp-block-image\"><img decoding=\"async\" src=\"https:\/\/s2-g1.glbimg.com\/ezDiz1jGDOswgYSGQVAe1CW0cNE=\/0x0:2000x1333\/984x0\/smart\/filters:strip_icc()\/i.s3.glbimg.com\/v1\/AUTH_59edd422c0c84a879bd37670ae4f538a\/internal_photos\/bs\/2025\/v\/p\/HnVPfNSkCADXf5xBAUuA\/ivete-sangalo-dsc01026-fabio-tito.jpg\" alt=\"Ivete Sangalo se apresenta no The Town 2025 \u2014 Foto: F\u00e1bio Tito\/g1\"\/><\/figure>\n\n\n\n<p>Ivete Sangalo se apresenta no The Town 2025 \u2014 Foto: F\u00e1bio Tito\/g1<\/p>\n\n\n\n<p><strong>MAIS SOBRE O CARNAVAL EM SP:<\/strong><\/p>\n\n\n\n<ul class=\"wp-block-list\">\n<li><a href=\"https:\/\/g1.globo.com\/sp\/sao-paulo\/carnaval\/2026\/noticia\/2026\/01\/20\/prefeitura-de-sp-oferece-vagas-para-quem-deseja-trabalhar-no-carnaval.ghtml\" class=\"\"><strong>Prefeitura de SP oferece vagas para quem deseja trabalhar no carnaval<\/strong><\/a><\/li>\n\n\n\n<li><a href=\"https:\/\/g1.globo.com\/sp\/sao-paulo\/carnaval\/2026\/noticia\/2026\/01\/22\/apos-colar-tapa-sexo-com-supercola-e-ser-hospitalizada-musa-da-3-milenio-diz-nao-querer-repetir-erros-no-sambodromo-de-sp.ghtml\" class=\"\"><strong>Ap\u00f3s colar tapa-sexo com supercola e ser hospitalizada, musa da 3\u00b0 Mil\u00eanio diz n\u00e3o querer repetir erro no Samb\u00f3dromo de SP<\/strong><\/a><\/li>\n\n\n\n<li><a href=\"https:\/\/g1.globo.com\/sp\/sao-paulo\/carnaval\/2026\/noticia\/2026\/01\/21\/a-menos-de-um-mes-do-carnaval-prefeitura-de-sp-nao-tem-previsao-de-quando-divulgara-trajetos-e-horarios-blocos-criticam-demora.ghtml\" class=\"\"><strong>A menos de um m\u00eas do carnaval, Prefeitura de SP n\u00e3o divulga trajetos e hor\u00e1rios; blocos criticam demora e falta de di\u00e1logo<\/strong><\/a><\/li>\n<\/ul>\n\n\n\n<figure class=\"wp-block-embed\"><div class=\"wp-block-embed__wrapper\">\nhttps:\/\/faf35276f0d52b68a4b384bfa7bf9fd1.safeframe.googlesyndication.com\/safeframe\/1-0-45\/html\/container.html\n<\/div><\/figure>\n\n\n\n<p>Em S\u00e3o Paulo, o pr\u00e9-carnaval de rua da capital paulista acontece nos dias 7 e 8 de fevereiro e \u00e9 organizado pela SPTuris. As datas oficiais do carnaval neste ano s\u00e3o 14, 15, 16 e 17 de fevereiro.<\/p>\n\n\n\n<h2 class=\"wp-block-heading\"><strong>2026: calend\u00e1rio do carnaval de rua de SP<\/strong><\/h2>\n\n\n\n<ul class=\"wp-block-list\">\n<li><strong>Pr\u00e9-carnaval:<\/strong>\u00a0dias 7 e 8 de fevereiro<\/li>\n\n\n\n<li><strong>Carnaval:\u00a0<\/strong>14, 15, 16 e 17 de fevereiro<\/li>\n\n\n\n<li><strong>P\u00f3s-carnaval:<\/strong>\u00a021 e 22 de fevereiro<\/li>\n<\/ul>\n\n\n\n<figure class=\"wp-block-image\"><img decoding=\"async\" src=\"https:\/\/s2-g1.glbimg.com\/5zUj-7Gj9T0wlv0F0LEYs7jJn6A=\/0x0:1616x1080\/984x0\/smart\/filters:strip_icc()\/i.s3.glbimg.com\/v1\/AUTH_59edd422c0c84a879bd37670ae4f538a\/internal_photos\/bs\/2024\/p\/8\/Qn1D3wSw2BI6Zg0Rry0g\/img-8943.jpg\" alt=\"Ivete Sangalo abre Palco Mundo, nesta sexta-feira (20), no Rock in Rio \u2014 Foto: Stephanie Rodrigues\/g1\"\/><\/figure>\n\n\n\n<p>Ivete Sangalo abre Palco Mundo, nesta sexta-feira (20), no Rock in Rio \u2014 Foto: Stephanie Rodrigues\/g1<\/p>\n\n\n\n<h2 class=\"wp-block-heading\">Rio de Janeiro<\/h2>\n\n\n\n<p>Al\u00e9m de S\u00e3o Paulo,\u00a0Ivete tamb\u00e9m vai puxar um megabloco de carnaval de rua no Rio de Janeiro, no dia 1\u00b0 de fevereiro.\u00a0Na capital fluminense, ela ter\u00e1 um trio el\u00e9trico todo seu para embalar os desfiles da cidade.<\/p>\n\n\n\n<p>O bloco &#8220;Ser\u00e1QAbre?&#8221; integra a lista dos 10 megablocos confirmados no calend\u00e1rio oficial do carnaval de rua do Rio em 2026.<\/p>\n\n\n\n<p>O bloco desfila pela manh\u00e3 no principal circuito da folia e tem expectativa de reunir dezenas de milhares de foli\u00f5es, em um dos dias mais movimentados do pr\u00e9-carnaval carioca.<\/p>\n\n\n\n<p>Em 2026, o calend\u00e1rio oficial do Rio prev\u00ea mais de<a class=\"\" href=\"https:\/\/g1.globo.com\/rj\/rio-de-janeiro\/carnaval\/2026\/noticia\/2026\/01\/09\/carnaval-2026-com-135-desfiles-no-centro-e-100-na-zona-sul-rio-ve-numero-de-blocos-inscritos-aumentar-17percent-em-um-ano.ghtml\">&nbsp;460 desfiles<\/a>, entre janeiro e fevereiro, consolidando o Rio como um dos maiores carnavais de rua do pa\u00eds.<\/p>\n\n\n\n<figure class=\"wp-block-image\"><img decoding=\"async\" src=\"https:\/\/s2-g1.glbimg.com\/Q1lm-3-6Ql1BC38stGnOBsx4C5c=\/0x0:1600x1066\/984x0\/smart\/filters:strip_icc()\/i.s3.glbimg.com\/v1\/AUTH_59edd422c0c84a879bd37670ae4f538a\/internal_photos\/bs\/2025\/I\/Y\/RMUk5YRACjbCehNnIlnQ\/whatsapp-image-2025-03-03-at-15.46.26.jpeg\" alt=\"Ivete Sangalo estreia no Carnaval de Rua do Rio em 2026 puxando megabloco no Centro \u2014 Foto: Inara Alves\/ Ag. Picnews\"\/><\/figure>\n\n\n\n<p>Ivete Sangalo estreia no Carnaval de Rua do Rio em 2026 puxando megabloco no Centro \u2014 Foto: Inara Alves\/ Ag. Picnews<\/p>\n\n\n\n<p>Fonte G1 <\/p>\n","protected":false},"excerpt":{"rendered":"<p>A apresenta\u00e7\u00e3o come\u00e7a \u00e0s 9h. Esta \u00e9 a primeira participa\u00e7\u00e3o da cantora na folia paulista. O prefeito\u00a0Ricardo Nunes\u00a0(MDB) confirmou nesta sexta-feira (23) que a cantora baiana\u00a0Ivete Sangalo\u00a0vai participar pela primeira vez do carnaval de rua de\u00a0S\u00e3o Paulo.\u00a0A informa\u00e7\u00e3o foi divulgada primeiro pelo\u00a0g1\u00a0e pela\u00a0TV Globo\u00a0na quinta-feira (22). \u00cdcone do carnaval e do ax\u00e9, Ivete vai se [&hellip;]<\/p>\n","protected":false},"author":8,"featured_media":30460,"comment_status":"closed","ping_status":"open","sticky":false,"template":"","format":"standard","meta":{"rop_custom_images_group":[],"rop_custom_messages_group":[],"rop_publish_now":"initial","rop_publish_now_accounts":[],"rop_publish_now_history":[],"rop_publish_now_status":"pending","footnotes":""},"categories":[264],"tags":[],"class_list":["post-30459","post","type-post","status-publish","format-standard","has-post-thumbnail","hentry","category-carnaval"],"amp_enabled":true,"_links":{"self":[{"href":"https:\/\/imais.online\/portal\/wp-json\/wp\/v2\/posts\/30459","targetHints":{"allow":["GET"]}}],"collection":[{"href":"https:\/\/imais.online\/portal\/wp-json\/wp\/v2\/posts"}],"about":[{"href":"https:\/\/imais.online\/portal\/wp-json\/wp\/v2\/types\/post"}],"author":[{"embeddable":true,"href":"https:\/\/imais.online\/portal\/wp-json\/wp\/v2\/users\/8"}],"replies":[{"embeddable":true,"href":"https:\/\/imais.online\/portal\/wp-json\/wp\/v2\/comments?post=30459"}],"version-history":[{"count":1,"href":"https:\/\/imais.online\/portal\/wp-json\/wp\/v2\/posts\/30459\/revisions"}],"predecessor-version":[{"id":30461,"href":"https:\/\/imais.online\/portal\/wp-json\/wp\/v2\/posts\/30459\/revisions\/30461"}],"wp:featuredmedia":[{"embeddable":true,"href":"https:\/\/imais.online\/portal\/wp-json\/wp\/v2\/media\/30460"}],"wp:attachment":[{"href":"https:\/\/imais.online\/portal\/wp-json\/wp\/v2\/media?parent=30459"}],"wp:term":[{"taxonomy":"category","embeddable":true,"href":"https:\/\/imais.online\/portal\/wp-json\/wp\/v2\/categories?post=30459"},{"taxonomy":"post_tag","embeddable":true,"href":"https:\/\/imais.online\/portal\/wp-json\/wp\/v2\/tags?post=30459"}],"curies":[{"name":"wp","href":"https:\/\/api.w.org\/{rel}","templated":true}]}}