{"id":30462,"date":"2026-01-26T22:30:20","date_gmt":"2026-01-27T01:30:20","guid":{"rendered":"https:\/\/imais.online\/portal\/?p=30462"},"modified":"2026-01-26T22:30:21","modified_gmt":"2026-01-27T01:30:21","slug":"indaiatuba-registra-crescimento-de-1796-no-numero-de-empresas-em-2025","status":"publish","type":"post","link":"https:\/\/imais.online\/portal\/indaiatuba-registra-crescimento-de-1796-no-numero-de-empresas-em-2025\/","title":{"rendered":"Indaiatuba registra crescimento de 17,96% no n\u00famero de empresas em 2025"},"content":{"rendered":"<div class=\"imais-before-content-placement\" id=\"imais-2516118488\"><script async src=\"\/\/pagead2.googlesyndication.com\/pagead\/js\/adsbygoogle.js?client=ca-pub-8787528412751566\" crossorigin=\"anonymous\"><\/script><ins class=\"adsbygoogle\" style=\"display:block;\" data-ad-client=\"ca-pub-8787528412751566\" \ndata-ad-slot=\"\" \ndata-ad-format=\"auto\"><\/ins>\n<script> \n(adsbygoogle = window.adsbygoogle || []).push({}); \n<\/script>\n<\/div>\n<p><small>Levantamento aponta fortalecimento do ambiente empreendedor e avan\u00e7o da economia municipal<\/small><\/p>\n\n\n\n<p><\/p>\n\n\n\n<p>A Secretaria de Tecnologia, Inova\u00e7\u00e3o e Desenvolvimento Econ\u00f4mico, por meio do Observat\u00f3rio Econ\u00f4mico, respons\u00e1vel pela intelig\u00eancia em dados e indicadores econ\u00f4micos municipais, registrou um crescimento de 17,96% no n\u00famero de empresas em 2025, em compara\u00e7\u00e3o com o ano de 2024. Os dados s\u00e3o disponibilizados com base nas informa\u00e7\u00f5es da Receita Federal.<\/p>\n\n\n\n<p>Para o prefeito de Indaiatuba, Dr. Cust\u00f3dio Tavares (MDB), os n\u00fameros refletem a efetividade das pol\u00edticas p\u00fablicas implementadas pela administra\u00e7\u00e3o municipal. \u201cEsses resultados demonstram que as pol\u00edticas p\u00fablicas adotadas t\u00eam contribu\u00eddo para a cria\u00e7\u00e3o de um ambiente favor\u00e1vel ao empreendedorismo, \u00e0 inova\u00e7\u00e3o e \u00e0 gera\u00e7\u00e3o de oportunidades, fortalecendo de forma consistente a economia do munic\u00edpio\u201d, pontua.<\/p>\n\n\n\n<p>Ao final de 2025, o munic\u00edpio contabilizava 9.761 empresas ativas. Desse total, 6.758 pertencem ao setor de servi\u00e7os, 1.418 ao com\u00e9rcio, 782 \u00e0 constru\u00e7\u00e3o civil, 774 \u00e0 ind\u00fastria e 29 \u00e0 agropecu\u00e1ria, evidenciando a predomin\u00e2ncia do setor de servi\u00e7os na economia local.<\/p>\n\n\n\n<p>O secret\u00e1rio de Tecnologia, Inova\u00e7\u00e3o e Desenvolvimento Econ\u00f4mico, Jos\u00e9 Augusto Gon\u00e7alves, destaca que o desempenho positivo \u00e9 resultado de planejamento e uso estrat\u00e9gico de informa\u00e7\u00f5es. \u201cO crescimento de 17,96% no n\u00famero de empresas em 2025 reflete o trabalho t\u00e9cnico desenvolvido pela Secretaria, aliado \u00e0 utiliza\u00e7\u00e3o qualificada de dados e indicadores econ\u00f4micos por meio do Observat\u00f3rio Econ\u00f4mico. O levantamento refor\u00e7a o avan\u00e7o do ambiente empreendedor no munic\u00edpio e o fortalecimento da economia local, impulsionado principalmente pelos setores de servi\u00e7os e com\u00e9rcio\u201d, esclarece.<\/p>\n\n\n\n<p>No recorte territorial, os bairros que mais concentraram a abertura de novas empresas foram o Jardim Morada do Sol, com 1.694 novos empreendimentos, seguido pelo Centro, com 404, e pela Cidade Nova, com 340 registros.<\/p>\n\n\n\n<p><strong>#PraTodosVerem:<\/strong>&nbsp;Imagem a\u00e9rea panor\u00e2mica do munic\u00edpio de Indaiatuba. Em primeiro plano, observa-se uma extensa \u00e1rea industrial, com diversos galp\u00f5es de grande porte dispostos de forma organizada, cortados por ruas largas e vias de acesso. Ao centro, uma importante rodovia atravessa a cidade, separando a regi\u00e3o industrial de \u00e1reas residenciais. Ao fundo, a paisagem se estende at\u00e9 \u00e1reas verdes e zonas rurais, sob um c\u00e9u claro, refor\u00e7ando a dimens\u00e3o territorial e o desenvolvimento urbano do munic\u00edpio. Fim da descri\u00e7\u00e3o.<\/p>\n","protected":false},"excerpt":{"rendered":"<p>Levantamento aponta fortalecimento do ambiente empreendedor e avan\u00e7o da economia municipal A Secretaria de Tecnologia, Inova\u00e7\u00e3o e Desenvolvimento Econ\u00f4mico, por meio do Observat\u00f3rio Econ\u00f4mico, respons\u00e1vel pela intelig\u00eancia em dados e indicadores econ\u00f4micos municipais, registrou um crescimento de 17,96% no n\u00famero de empresas em 2025, em compara\u00e7\u00e3o com o ano de 2024. Os dados s\u00e3o disponibilizados [&hellip;]<\/p>\n","protected":false},"author":8,"featured_media":30463,"comment_status":"closed","ping_status":"open","sticky":false,"template":"","format":"standard","meta":{"rop_custom_images_group":[],"rop_custom_messages_group":[],"rop_publish_now":"initial","rop_publish_now_accounts":[],"rop_publish_now_history":[],"rop_publish_now_status":"pending","footnotes":""},"categories":[188],"tags":[73],"class_list":["post-30462","post","type-post","status-publish","format-standard","has-post-thumbnail","hentry","category-indaiatuba","tag-featured"],"amp_enabled":true,"_links":{"self":[{"href":"https:\/\/imais.online\/portal\/wp-json\/wp\/v2\/posts\/30462","targetHints":{"allow":["GET"]}}],"collection":[{"href":"https:\/\/imais.online\/portal\/wp-json\/wp\/v2\/posts"}],"about":[{"href":"https:\/\/imais.online\/portal\/wp-json\/wp\/v2\/types\/post"}],"author":[{"embeddable":true,"href":"https:\/\/imais.online\/portal\/wp-json\/wp\/v2\/users\/8"}],"replies":[{"embeddable":true,"href":"https:\/\/imais.online\/portal\/wp-json\/wp\/v2\/comments?post=30462"}],"version-history":[{"count":1,"href":"https:\/\/imais.online\/portal\/wp-json\/wp\/v2\/posts\/30462\/revisions"}],"predecessor-version":[{"id":30464,"href":"https:\/\/imais.online\/portal\/wp-json\/wp\/v2\/posts\/30462\/revisions\/30464"}],"wp:featuredmedia":[{"embeddable":true,"href":"https:\/\/imais.online\/portal\/wp-json\/wp\/v2\/media\/30463"}],"wp:attachment":[{"href":"https:\/\/imais.online\/portal\/wp-json\/wp\/v2\/media?parent=30462"}],"wp:term":[{"taxonomy":"category","embeddable":true,"href":"https:\/\/imais.online\/portal\/wp-json\/wp\/v2\/categories?post=30462"},{"taxonomy":"post_tag","embeddable":true,"href":"https:\/\/imais.online\/portal\/wp-json\/wp\/v2\/tags?post=30462"}],"curies":[{"name":"wp","href":"https:\/\/api.w.org\/{rel}","templated":true}]}}