{"id":30466,"date":"2026-01-26T22:31:56","date_gmt":"2026-01-27T01:31:56","guid":{"rendered":"https:\/\/imais.online\/portal\/?p=30466"},"modified":"2026-01-26T22:31:56","modified_gmt":"2026-01-27T01:31:56","slug":"fiec-abre-inscricoes-para-o-programa-de-inclusao-e-educacao-digital-a-partir-de-04-de-fevereiro","status":"publish","type":"post","link":"https:\/\/imais.online\/portal\/fiec-abre-inscricoes-para-o-programa-de-inclusao-e-educacao-digital-a-partir-de-04-de-fevereiro\/","title":{"rendered":"Fiec abre inscri\u00e7\u00f5es para o Programa de Inclus\u00e3o e Educa\u00e7\u00e3o Digital a partir de 04 de fevereiro"},"content":{"rendered":"<div class=\"imais-before-content-placement\" id=\"imais-2826966805\"><script async src=\"\/\/pagead2.googlesyndication.com\/pagead\/js\/adsbygoogle.js?client=ca-pub-8787528412751566\" crossorigin=\"anonymous\"><\/script><ins class=\"adsbygoogle\" style=\"display:block;\" data-ad-client=\"ca-pub-8787528412751566\" \ndata-ad-slot=\"\" \ndata-ad-format=\"auto\"><\/ins>\n<script> \n(adsbygoogle = window.adsbygoogle || []).push({}); \n<\/script>\n<\/div>\n<p><small>Programa amplia o acesso \u00e0 tecnologia e oferece forma\u00e7\u00e3o gratuita em inform\u00e1tica em diferentes regi\u00f5es do munic\u00edpio<\/small><\/p>\n\n\n\n<p><\/p>\n\n\n\n<p>A Prefeitura Municipal de Indaiatuba, por meio da Funda\u00e7\u00e3o Indaiatubana de Educa\u00e7\u00e3o e Cultura (Fiec), abre inscri\u00e7\u00f5es para o&nbsp;<strong>Programa de Inclus\u00e3o e Educa\u00e7\u00e3o Digital \u2013 Ciclo I de 2026<\/strong>, iniciativa que tem como objetivo ampliar o acesso da popula\u00e7\u00e3o ao conhecimento tecnol\u00f3gico e promover a inclus\u00e3o digital em diferentes faixas et\u00e1rias.<\/p>\n\n\n\n<p>O programa oferece forma\u00e7\u00e3o gratuita em inform\u00e1tica, com turmas nos n\u00edveis&nbsp;<strong>B\u00e1sico, Intermedi\u00e1rio e Avan\u00e7ado<\/strong>, atendendo tanto quem est\u00e1 iniciando quanto quem j\u00e1 possui conhecimentos pr\u00e9vios e deseja se aprimorar. As aulas s\u00e3o abertas ao p\u00fablico em geral, a partir dos 12 anos, e ser\u00e3o realizadas em diversos polos distribu\u00eddos pelo munic\u00edpio, facilitando o acesso da comunidade.<\/p>\n\n\n\n<p>As inscri\u00e7\u00f5es acontecem nos dias&nbsp;<strong>04 e 05 de fevereiro<\/strong>, de forma&nbsp;<strong>online<\/strong>, pelo site da Fiec, ou&nbsp;<strong>presencialmente<\/strong>, na sede da Funda\u00e7\u00e3o, das 9h \u00e0s 17h. Para se inscrever, \u00e9 necess\u00e1rio apresentar&nbsp;<strong>documento com foto e comprovante de endere\u00e7o<\/strong><strong>.<\/strong><\/p>\n\n\n\n<p>Candidatos que j\u00e1 possuem conhecimentos em inform\u00e1tica poder\u00e3o se inscrever diretamente nos m\u00f3dulos Intermedi\u00e1rio ou Avan\u00e7ado, desde que atendam aos pr\u00e9-requisitos estabelecidos. Para o m\u00f3dulo Intermedi\u00e1rio, \u00e9 necess\u00e1rio ter conclu\u00eddo o n\u00edvel b\u00e1sico ou demonstrar dom\u00ednio de opera\u00e7\u00f5es fundamentais, como uso do sistema operacional Windows, manipula\u00e7\u00e3o de arquivos e pastas, edi\u00e7\u00e3o de textos, navega\u00e7\u00e3o na internet e utiliza\u00e7\u00e3o de ferramentas do Google. J\u00e1 para o m\u00f3dulo Avan\u00e7ado, exige-se conhecimento mais aprofundado, incluindo o uso de aplicativos do Microsoft Office, como Word, PowerPoint e Excel, al\u00e9m das ferramentas digitais j\u00e1 mencionadas.<\/p>\n\n\n\n<p>O Programa de Inclus\u00e3o e Educa\u00e7\u00e3o Digital refor\u00e7a o compromisso da FIEC com a democratiza\u00e7\u00e3o do acesso \u00e0 educa\u00e7\u00e3o, contribuindo para o desenvolvimento social, profissional e tecnol\u00f3gico da popula\u00e7\u00e3o de Indaiatuba.<\/p>\n\n\n\n<p>Para maiores informa\u00e7\u00f5es ou d\u00favidas entrar em contato pelo WhatsApp (19) 97102-6176.<\/p>\n\n\n\n<h3 class=\"wp-block-heading\"><strong>Servi\u00e7o<\/strong><\/h3>\n\n\n\n<p><strong>Programa de Inclus\u00e3o e Educa\u00e7\u00e3o Digital \u2013 Ciclo I de 2026<br>Curso gratuito<\/strong><br><strong>Inscri\u00e7\u00f5es:<\/strong>&nbsp;04 e 05 de fevereiro de 2026<br><strong>Inscri\u00e7\u00e3o online:<\/strong>&nbsp;<a href=\"http:\/\/www.fiec.com.br\/\">www.fiec.com.br<\/a><br><strong>Inscri\u00e7\u00e3o presencial:<\/strong>&nbsp;FIEC das 9h \u00e0s 17h<br>Avenida F\u00e1bio Roberto Barnab\u00e9, 3405 \u2013 Jardim Regina<br><strong>Documentos necess\u00e1rios:<\/strong>&nbsp;documento com foto e comprovante de endere\u00e7o<br><strong>P\u00fablico-alvo:<\/strong>&nbsp;a partir de 12 anos<\/p>\n","protected":false},"excerpt":{"rendered":"<p>Programa amplia o acesso \u00e0 tecnologia e oferece forma\u00e7\u00e3o gratuita em inform\u00e1tica em diferentes regi\u00f5es do munic\u00edpio A Prefeitura Municipal de Indaiatuba, por meio da Funda\u00e7\u00e3o Indaiatubana de Educa\u00e7\u00e3o e Cultura (Fiec), abre inscri\u00e7\u00f5es para o&nbsp;Programa de Inclus\u00e3o e Educa\u00e7\u00e3o Digital \u2013 Ciclo I de 2026, iniciativa que tem como objetivo ampliar o acesso da [&hellip;]<\/p>\n","protected":false},"author":8,"featured_media":30467,"comment_status":"closed","ping_status":"open","sticky":false,"template":"","format":"standard","meta":{"rop_custom_images_group":[],"rop_custom_messages_group":[],"rop_publish_now":"initial","rop_publish_now_accounts":[],"rop_publish_now_history":[],"rop_publish_now_status":"pending","footnotes":""},"categories":[188],"tags":[],"class_list":["post-30466","post","type-post","status-publish","format-standard","has-post-thumbnail","hentry","category-indaiatuba"],"amp_enabled":true,"_links":{"self":[{"href":"https:\/\/imais.online\/portal\/wp-json\/wp\/v2\/posts\/30466","targetHints":{"allow":["GET"]}}],"collection":[{"href":"https:\/\/imais.online\/portal\/wp-json\/wp\/v2\/posts"}],"about":[{"href":"https:\/\/imais.online\/portal\/wp-json\/wp\/v2\/types\/post"}],"author":[{"embeddable":true,"href":"https:\/\/imais.online\/portal\/wp-json\/wp\/v2\/users\/8"}],"replies":[{"embeddable":true,"href":"https:\/\/imais.online\/portal\/wp-json\/wp\/v2\/comments?post=30466"}],"version-history":[{"count":1,"href":"https:\/\/imais.online\/portal\/wp-json\/wp\/v2\/posts\/30466\/revisions"}],"predecessor-version":[{"id":30468,"href":"https:\/\/imais.online\/portal\/wp-json\/wp\/v2\/posts\/30466\/revisions\/30468"}],"wp:featuredmedia":[{"embeddable":true,"href":"https:\/\/imais.online\/portal\/wp-json\/wp\/v2\/media\/30467"}],"wp:attachment":[{"href":"https:\/\/imais.online\/portal\/wp-json\/wp\/v2\/media?parent=30466"}],"wp:term":[{"taxonomy":"category","embeddable":true,"href":"https:\/\/imais.online\/portal\/wp-json\/wp\/v2\/categories?post=30466"},{"taxonomy":"post_tag","embeddable":true,"href":"https:\/\/imais.online\/portal\/wp-json\/wp\/v2\/tags?post=30466"}],"curies":[{"name":"wp","href":"https:\/\/api.w.org\/{rel}","templated":true}]}}