{"id":30491,"date":"2026-01-29T13:53:28","date_gmt":"2026-01-29T16:53:28","guid":{"rendered":"https:\/\/imais.online\/portal\/?p=30491"},"modified":"2026-01-29T13:53:29","modified_gmt":"2026-01-29T16:53:29","slug":"operacao-integrada-mira-faccoes-envolvidas-em-crimes-violentos-no-interior-paulista","status":"publish","type":"post","link":"https:\/\/imais.online\/portal\/operacao-integrada-mira-faccoes-envolvidas-em-crimes-violentos-no-interior-paulista\/","title":{"rendered":"Opera\u00e7\u00e3o integrada mira fac\u00e7\u00f5es envolvidas em crimes violentos no interior paulista"},"content":{"rendered":"<div class=\"imais-before-content-placement\" id=\"imais-594622982\"><script async src=\"\/\/pagead2.googlesyndication.com\/pagead\/js\/adsbygoogle.js?client=ca-pub-8787528412751566\" crossorigin=\"anonymous\"><\/script><ins class=\"adsbygoogle\" style=\"display:block;\" data-ad-client=\"ca-pub-8787528412751566\" \ndata-ad-slot=\"\" \ndata-ad-format=\"auto\"><\/ins>\n<script> \n(adsbygoogle = window.adsbygoogle || []).push({}); \n<\/script>\n<\/div>\n<p class=\"has-text-align-center\">Pol\u00edcia Militar e Gaeco cumprem 25 mandados de busca e apreens\u00e3o em Piracicaba e cidades da regi\u00e3o<\/p>\n\n\n\n<p class=\"has-text-align-left\">A Pol\u00edcia Militar e o Minist\u00e9rio P\u00fablico do Estado de S\u00e3o Paulo, por meio do Grupo de Atua\u00e7\u00e3o Especial de Combate ao Crime Organizado (Gaeco), deflagraram a Opera\u00e7\u00e3o Keravnos, voltada ao enfrentamento de organiza\u00e7\u00f5es criminosas envolvidas em crimes violentos no interior paulista. Nesta quinta-feira (29), s\u00e3o cumpridos 25 mandados de busca e apreens\u00e3o nos munic\u00edpios de Piracicaba, Limeira, Rio Claro, Americana e Hortol\u00e2ndia.<\/p>\n\n\n\n<p class=\"has-text-align-left\">Os alvos s\u00e3o investigados por envolvimento em atividades il\u00edcitas, como roubos, homic\u00eddios e conflitos entre fac\u00e7\u00f5es criminosas que atuam na regi\u00e3o do Comando de Policiamento do Interior 9 (CPI-9), sediado em Piracicaba.<\/p>\n\n\n\n<p class=\"has-text-align-left\">O objetivo da a\u00e7\u00e3o \u00e9 apreender armas, drogas e documentos que possam contribuir para o avan\u00e7o das investiga\u00e7\u00f5es, al\u00e9m de fortalecer as a\u00e7\u00f5es de repress\u00e3o ao crime organizado.<\/p>\n\n\n\n<p class=\"has-text-align-left\">\u201cEssa a\u00e7\u00e3o demonstra o esfor\u00e7o do Estado de S\u00e3o Paulo para o aprimoramento da seguran\u00e7a p\u00fablica, refor\u00e7ando a atua\u00e7\u00e3o integrada entre as institui\u00e7\u00f5es e a ado\u00e7\u00e3o de estrat\u00e9gias voltadas \u00e0 redu\u00e7\u00e3o da criminalidade e ao controle da viol\u00eancia\u201d, afirmou o coronel Cleotheos Sabino, comandante do CPI-9.<\/p>\n\n\n\n<p class=\"has-text-align-left\">At\u00e9 o momento, tr\u00eas homens foram presos. Dinheiro, por\u00e7\u00f5es de drogas, celulares e armas tamb\u00e9m foram apreendidos. A Opera\u00e7\u00e3o Keravnos, na qual o nome faz refer\u00eancia ao raio de Zeus, segue em andamento.<br><\/p>\n","protected":false},"excerpt":{"rendered":"<p>Pol\u00edcia Militar e Gaeco cumprem 25 mandados de busca e apreens\u00e3o em Piracicaba e cidades da regi\u00e3o A Pol\u00edcia Militar e o Minist\u00e9rio P\u00fablico do Estado de S\u00e3o Paulo, por meio do Grupo de Atua\u00e7\u00e3o Especial de Combate ao Crime Organizado (Gaeco), deflagraram a Opera\u00e7\u00e3o Keravnos, voltada ao enfrentamento de organiza\u00e7\u00f5es criminosas envolvidas em crimes [&hellip;]<\/p>\n","protected":false},"author":7,"featured_media":30492,"comment_status":"closed","ping_status":"open","sticky":false,"template":"","format":"standard","meta":{"rop_custom_images_group":[],"rop_custom_messages_group":[],"rop_publish_now":"initial","rop_publish_now_accounts":[],"rop_publish_now_history":[],"rop_publish_now_status":"pending","footnotes":""},"categories":[230],"tags":[],"class_list":["post-30491","post","type-post","status-publish","format-standard","has-post-thumbnail","hentry","category-interior"],"amp_enabled":true,"_links":{"self":[{"href":"https:\/\/imais.online\/portal\/wp-json\/wp\/v2\/posts\/30491","targetHints":{"allow":["GET"]}}],"collection":[{"href":"https:\/\/imais.online\/portal\/wp-json\/wp\/v2\/posts"}],"about":[{"href":"https:\/\/imais.online\/portal\/wp-json\/wp\/v2\/types\/post"}],"author":[{"embeddable":true,"href":"https:\/\/imais.online\/portal\/wp-json\/wp\/v2\/users\/7"}],"replies":[{"embeddable":true,"href":"https:\/\/imais.online\/portal\/wp-json\/wp\/v2\/comments?post=30491"}],"version-history":[{"count":1,"href":"https:\/\/imais.online\/portal\/wp-json\/wp\/v2\/posts\/30491\/revisions"}],"predecessor-version":[{"id":30493,"href":"https:\/\/imais.online\/portal\/wp-json\/wp\/v2\/posts\/30491\/revisions\/30493"}],"wp:featuredmedia":[{"embeddable":true,"href":"https:\/\/imais.online\/portal\/wp-json\/wp\/v2\/media\/30492"}],"wp:attachment":[{"href":"https:\/\/imais.online\/portal\/wp-json\/wp\/v2\/media?parent=30491"}],"wp:term":[{"taxonomy":"category","embeddable":true,"href":"https:\/\/imais.online\/portal\/wp-json\/wp\/v2\/categories?post=30491"},{"taxonomy":"post_tag","embeddable":true,"href":"https:\/\/imais.online\/portal\/wp-json\/wp\/v2\/tags?post=30491"}],"curies":[{"name":"wp","href":"https:\/\/api.w.org\/{rel}","templated":true}]}}