{"id":30829,"date":"2026-03-06T10:19:00","date_gmt":"2026-03-06T13:19:00","guid":{"rendered":"https:\/\/imais.online\/portal\/?p=30829"},"modified":"2026-02-22T19:20:00","modified_gmt":"2026-02-22T22:20:00","slug":"aydil-bonachela-a-voz-que-ajudou-a-construir-a-identidade-de-indaiatuba","status":"publish","type":"post","link":"https:\/\/imais.online\/portal\/aydil-bonachela-a-voz-que-ajudou-a-construir-a-identidade-de-indaiatuba\/","title":{"rendered":"Aydil Bonachela: a voz que ajudou a construir a identidade de Indaiatuba"},"content":{"rendered":"<div class=\"imais-before-content-placement\" id=\"imais-2698607234\"><script async src=\"\/\/pagead2.googlesyndication.com\/pagead\/js\/adsbygoogle.js?client=ca-pub-8787528412751566\" crossorigin=\"anonymous\"><\/script><ins class=\"adsbygoogle\" style=\"display:block;\" data-ad-client=\"ca-pub-8787528412751566\" \ndata-ad-slot=\"\" \ndata-ad-format=\"auto\"><\/ins>\n<script> \n(adsbygoogle = window.adsbygoogle || []).push({}); \n<\/script>\n<\/div>\n<p>No M\u00eas da Mulher, o portal iMais relembra e valoriza a trajet\u00f3ria de <strong>Aydil Pinesi Bonachela (1936\u20132008)<\/strong>, uma das figuras mais marcantes da hist\u00f3ria da comunica\u00e7\u00e3o em Indaiatuba. Mais do que radialista, Aydil foi protagonista de uma \u00e9poca de profundas transforma\u00e7\u00f5es na cidade, atuando como ponte entre popula\u00e7\u00e3o, poder p\u00fablico e desenvolvimento social.<\/p>\n\n\n\n<h2 class=\"wp-block-heading\">A voz do r\u00e1dio que aproximou a cidade<\/h2>\n\n\n\n<p>Entre as d\u00e9cadas de 1970 e 2000, Indaiatuba deixou de ter caracter\u00edsticas essencialmente rurais para se tornar um importante polo urbano e industrial. Nesse per\u00edodo de mudan\u00e7as aceleradas, o r\u00e1dio desempenhava papel central na vida das pessoas \u2014 e Aydil soube usar esse meio como ningu\u00e9m.<\/p>\n\n\n\n<p>\u00c0 frente da programa\u00e7\u00e3o da <strong>R\u00e1dio Jornal (107,1 FM)<\/strong>, ela n\u00e3o apenas informava. Traduzia decis\u00f5es p\u00fablicas, explicava mudan\u00e7as na cidade e dava voz \u00e0s demandas da popula\u00e7\u00e3o, tornando a comunica\u00e7\u00e3o mais acess\u00edvel, clara e pr\u00f3xima do cotidiano.<\/p>\n\n\n\n<p>Formada em Direito, Aydil levava ao microfone um olhar t\u00e9cnico e respons\u00e1vel, algo raro na radiodifus\u00e3o regional da \u00e9poca. Seu trabalho se consolidou como um verdadeiro servi\u00e7o de utilidade p\u00fablica.<\/p>\n\n\n\n<h2 class=\"wp-block-heading\">Comunica\u00e7\u00e3o com prop\u00f3sito social<\/h2>\n\n\n\n<p>A atua\u00e7\u00e3o de Aydil ultrapassou o jornalismo tradicional. Ela ajudou a moldar a forma como a cidade se reconhecia e se organizava.<\/p>\n\n\n\n<ul class=\"wp-block-list\">\n<li>Foi elo entre moradores e administra\u00e7\u00e3o p\u00fablica, levando reivindica\u00e7\u00f5es e solu\u00e7\u00f5es ao debate.<\/li>\n\n\n\n<li>Contribuiu com a preserva\u00e7\u00e3o hist\u00f3rica ao colaborar com iniciativas de mem\u00f3ria da transforma\u00e7\u00e3o de \u201cfazenda\u201d para cidade.<\/li>\n\n\n\n<li>Ocupou espa\u00e7os de lideran\u00e7a feminina quando isso ainda era incomum, tornando-se refer\u00eancia para outras mulheres.<\/li>\n\n\n\n<li>Participou da articula\u00e7\u00e3o de a\u00e7\u00f5es solid\u00e1rias e apoio a entidades assistenciais do munic\u00edpio.<\/li>\n\n\n\n<li><\/li>\n<\/ul>\n\n\n\n<h2 class=\"wp-block-heading\">\u201cA Hebe Indaiatubana\u201d: carisma com credibilidade<\/h2>\n\n\n\n<p>Conhecida carinhosamente como a <strong>\u201cHebe Indaiatubana\u201d<\/strong>, Aydil conquistou a confian\u00e7a do p\u00fablico por unir carisma, firmeza e sensibilidade.<\/p>\n\n\n\n<p>Seu programa, <strong>\u201cAydil Falando de Gente e Koisas\u201d<\/strong>, tornou-se um verdadeiro term\u00f4metro da cidade. Era ali que temas sociais, desenvolvimento urbano e qualidade de vida ganhavam espa\u00e7o, muito antes de esses assuntos se tornarem pauta comum.<\/p>\n\n\n\n<p>Ela transitava com naturalidade entre o entretenimento e a informa\u00e7\u00e3o, mantendo sempre o compromisso com a comunidade.<\/p>\n\n\n\n<h2 class=\"wp-block-heading\">For\u00e7a pessoal transformada em compromisso coletivo<\/h2>\n\n\n\n<p>A perda de sua filha, Andr\u00e9a Maria Bonachela, em 1983, marcou profundamente sua vida. A dor foi transformada em dedica\u00e7\u00e3o ainda maior \u00e0s causas sociais e \u00e0 juventude.<\/p>\n\n\n\n<p>A homenagem que deu nome \u00e0 Pra\u00e7a Andr\u00e9a Maria Bonachela simboliza como sua hist\u00f3ria pessoal se entrela\u00e7ou com a pr\u00f3pria hist\u00f3ria de Indaiatuba.<\/p>\n\n\n\n<h2 class=\"wp-block-heading\">Um legado que permanece vivo<\/h2>\n\n\n\n<p>O falecimento de Aydil, em 20 de mar\u00e7o de 2008, ocorreu de forma simb\u00f3lica: nos bastidores da r\u00e1dio, ambiente onde construiu sua miss\u00e3o de vida.<\/p>\n\n\n\n<p>Hoje, seu nome est\u00e1 eternizado no <strong>Centro de Conven\u00e7\u00f5es Aydil Pinesi Bonachela<\/strong>, espa\u00e7o que representa exatamente aquilo que ela fez durante d\u00e9cadas: reunir pessoas, ideias e iniciativas em favor da cidade.<\/p>\n\n\n\n<h2 class=\"wp-block-heading\">Mais do que homenagem, reconhecimento hist\u00f3rico<\/h2>\n\n\n\n<p>Celebrar Aydil Bonachela \u00e9 reconhecer o papel fundamental que a comunica\u00e7\u00e3o tem na constru\u00e7\u00e3o de uma comunidade. Antes mesmo da era digital, ela j\u00e1 compreendia que informar era tamb\u00e9m acolher, orientar e conectar.<\/p>\n\n\n\n<p>Aydil n\u00e3o apenas contou a hist\u00f3ria de Indaiatuba.<br>Ela ajudou a escrev\u00ea-la.<\/p>\n","protected":false},"excerpt":{"rendered":"<p>No M\u00eas da Mulher, o portal iMais relembra e valoriza a trajet\u00f3ria de Aydil Pinesi Bonachela (1936\u20132008), uma das figuras mais marcantes da hist\u00f3ria da comunica\u00e7\u00e3o em Indaiatuba. Mais do que radialista, Aydil foi protagonista de uma \u00e9poca de profundas transforma\u00e7\u00f5es na cidade, atuando como ponte entre popula\u00e7\u00e3o, poder p\u00fablico e desenvolvimento social. A voz [&hellip;]<\/p>\n","protected":false},"author":7,"featured_media":30830,"comment_status":"closed","ping_status":"open","sticky":false,"template":"","format":"standard","meta":{"rop_custom_images_group":[],"rop_custom_messages_group":[],"rop_publish_now":"yes","rop_publish_now_accounts":[],"rop_publish_now_history":[],"rop_publish_now_status":"pending","footnotes":""},"categories":[1,248],"tags":[],"class_list":["post-30829","post","type-post","status-publish","format-standard","has-post-thumbnail","hentry","category-sem-categoria","category-nossa-cidade"],"amp_enabled":true,"_links":{"self":[{"href":"https:\/\/imais.online\/portal\/wp-json\/wp\/v2\/posts\/30829","targetHints":{"allow":["GET"]}}],"collection":[{"href":"https:\/\/imais.online\/portal\/wp-json\/wp\/v2\/posts"}],"about":[{"href":"https:\/\/imais.online\/portal\/wp-json\/wp\/v2\/types\/post"}],"author":[{"embeddable":true,"href":"https:\/\/imais.online\/portal\/wp-json\/wp\/v2\/users\/7"}],"replies":[{"embeddable":true,"href":"https:\/\/imais.online\/portal\/wp-json\/wp\/v2\/comments?post=30829"}],"version-history":[{"count":1,"href":"https:\/\/imais.online\/portal\/wp-json\/wp\/v2\/posts\/30829\/revisions"}],"predecessor-version":[{"id":30831,"href":"https:\/\/imais.online\/portal\/wp-json\/wp\/v2\/posts\/30829\/revisions\/30831"}],"wp:featuredmedia":[{"embeddable":true,"href":"https:\/\/imais.online\/portal\/wp-json\/wp\/v2\/media\/30830"}],"wp:attachment":[{"href":"https:\/\/imais.online\/portal\/wp-json\/wp\/v2\/media?parent=30829"}],"wp:term":[{"taxonomy":"category","embeddable":true,"href":"https:\/\/imais.online\/portal\/wp-json\/wp\/v2\/categories?post=30829"},{"taxonomy":"post_tag","embeddable":true,"href":"https:\/\/imais.online\/portal\/wp-json\/wp\/v2\/tags?post=30829"}],"curies":[{"name":"wp","href":"https:\/\/api.w.org\/{rel}","templated":true}]}}