{"id":30864,"date":"2026-03-13T09:04:00","date_gmt":"2026-03-13T12:04:00","guid":{"rendered":"https:\/\/imais.online\/portal\/?p=30864"},"modified":"2026-02-24T20:11:18","modified_gmt":"2026-02-24T23:11:18","slug":"clain-ferrari-o-arquiteto-da-indaiatuba-moderna","status":"publish","type":"post","link":"https:\/\/imais.online\/portal\/clain-ferrari-o-arquiteto-da-indaiatuba-moderna\/","title":{"rendered":"Clain Ferrari: o arquiteto da Indaiatuba moderna"},"content":{"rendered":"<div class=\"imais-before-content-placement\" id=\"imais-1924323579\"><script async src=\"\/\/pagead2.googlesyndication.com\/pagead\/js\/adsbygoogle.js?client=ca-pub-8787528412751566\" crossorigin=\"anonymous\"><\/script><ins class=\"adsbygoogle\" style=\"display:block;\" data-ad-client=\"ca-pub-8787528412751566\" \ndata-ad-slot=\"\" \ndata-ad-format=\"auto\"><\/ins>\n<script> \n(adsbygoogle = window.adsbygoogle || []).push({}); \n<\/script>\n<\/div>\n<p>A hist\u00f3ria de uma cidade n\u00e3o \u00e9 feita apenas de datas e documentos, mas das m\u00e3os que ousaram desenhar o seu futuro. Quando olhamos para a Indaiatuba de hoje, reconhecida nacionalmente por sua qualidade de vida e planejamento urbano, \u00e9 imposs\u00edvel n\u00e3o esbarrar no legado de Clain Ferrari. Longe das disputas partid\u00e1rias e do calor das urnas, a trajet\u00f3ria deste homem \u2014 que foi professor de educa\u00e7\u00e3o f\u00edsica, advogado e prefeito por dois mandatos \u2014 confunde-se com a pr\u00f3pria metamorfose da &#8220;Cidade do Sol&#8221; .<\/p>\n\n\n\n<p>Nascido em Campo Grande (MS), filho de Augusto Ferrari e Judith Campos Ferrari, Clain trouxe consigo uma vis\u00e3o que transcendia o imediatismo da pol\u00edtica local. Sua primeira gest\u00e3o (1977-1982) ocorreu em um momento em que Indaiatuba come\u00e7ava a sentir as dores e as del\u00edcias do crescimento industrial. Foi sob seu comando que a cidade ganhou estruturas que, d\u00e9cadas depois, continuam sendo pilares da conviv\u00eancia social .<\/p>\n\n\n\n<h3 class=\"wp-block-heading\">O Salto para o Futuro: A Primeira Gest\u00e3o (1977-1982)<\/h3>\n\n\n\n<p>Clain Ferrari compreendeu cedo que uma cidade pr\u00f3spera precisava de espa\u00e7os p\u00fablicos que dignificassem o cidad\u00e3o. Um dos marcos mais simb\u00f3licos desse per\u00edodo foi a cria\u00e7\u00e3o do Cemit\u00e9rio Parque dos Indai\u00e1s. Na \u00e9poca, a introdu\u00e7\u00e3o do conceito de &#8220;cemit\u00e9rio jardim&#8221; foi uma revolu\u00e7\u00e3o cultural, substituindo o aspecto l\u00fagubre das necr\u00f3poles tradicionais por um ambiente de paz e integra\u00e7\u00e3o com a natureza .<\/p>\n\n\n\n<p>Seu olhar para o esporte, heran\u00e7a de sua forma\u00e7\u00e3o como professor de educa\u00e7\u00e3o f\u00edsica, resultou na constru\u00e7\u00e3o do Gin\u00e1sio Municipal de Esportes e do Centro Esportivo do Trabalhador. Mais do que obras de concreto, eram convites \u00e0 sa\u00fade e ao lazer comunit\u00e1rio. Al\u00e9m disso, a abertura de vias como a Avenida Visconde de Indaiatuba e as Avenidas Itoror\u00f3 e dos Trabalhadores pavimentou o caminho para a integra\u00e7\u00e3o de bairros que antes pareciam distantes do cora\u00e7\u00e3o da cidade. A delimita\u00e7\u00e3o do Distrito Industrial por meio da Lei Municipal n\u00ba 1.723 tamb\u00e9m foi crucial para o desenvolvimento econ\u00f4mico organizado do munic\u00edpio .<\/p>\n\n\n\n<h3 class=\"wp-block-heading\">O Legado Ecol\u00f3gico e Industrial: A Segunda Gest\u00e3o (1989-1992)<\/h3>\n\n\n\n<figure class=\"wp-block-image size-large\"><img loading=\"lazy\" decoding=\"async\" width=\"1024\" height=\"683\" src=\"https:\/\/imais.online\/portal\/wp-content\/uploads\/2026\/02\/parque_ecologico_1-1024x683.jpg\" alt=\"\" class=\"wp-image-30866\" srcset=\"https:\/\/imais.online\/portal\/wp-content\/uploads\/2026\/02\/parque_ecologico_1-1024x683.jpg 1024w, https:\/\/imais.online\/portal\/wp-content\/uploads\/2026\/02\/parque_ecologico_1-300x200.jpg 300w, https:\/\/imais.online\/portal\/wp-content\/uploads\/2026\/02\/parque_ecologico_1-768x512.jpg 768w, https:\/\/imais.online\/portal\/wp-content\/uploads\/2026\/02\/parque_ecologico_1-1536x1024.jpg 1536w, https:\/\/imais.online\/portal\/wp-content\/uploads\/2026\/02\/parque_ecologico_1.jpg 1620w\" sizes=\"auto, (max-width: 1024px) 100vw, 1024px\" \/><figcaption class=\"wp-element-caption\">\u00a0Magnitude do projeto de Ruy Ohtake, o maior legado da Gest\u00e3o Clain Ferrari. Foto: reprodu\u00e7\u00e3o<\/figcaption><\/figure>\n\n\n\n<p>Ao retornar ao Pa\u00e7o Municipal em seu segundo mandato (1989-1992), Clain Ferrari consolidou o que hoje chamamos de &#8220;Indaiatuba Planejada&#8221;. Foi nesta fase que ele tomou uma das decis\u00f5es mais audaciosas da hist\u00f3ria do munic\u00edpio: a contrata\u00e7\u00e3o do renomado arquiteto Ruy Ohtake para projetar o Parque Ecol\u00f3gico .<\/p>\n\n\n\n<p>O que antes era um vale degradado pelo C\u00f3rrego Barnab\u00e9 tornou-se o pulm\u00e3o da cidade. O Parque Ecol\u00f3gico n\u00e3o apenas despoluiu as \u00e1guas e recuperou as margens, mas integrou as zonas Norte e Sul, criando um eixo de desenvolvimento que hoje \u00e9 o principal cart\u00e3o-postal de Indaiatuba. Em reconhecimento a essa vis\u00e3o monumental, o local hoje ostenta oficialmente o nome de Parque Ecol\u00f3gico Prefeito Dr. Clain Ferrari .<\/p>\n\n\n\n<p>&#8220;Clain Ferrari n\u00e3o construiu apenas pr\u00e9dios; ele desenhou o fluxo da vida urbana, prevendo que o desenvolvimento industrial precisava caminhar de m\u00e3os dadas com a preserva\u00e7\u00e3o ambiental e o bem-estar social.&#8221;<\/p>\n\n\n\n<p>No campo econ\u00f4mico, sua habilidade diplom\u00e1tica foi fundamental para que a Toyota escolhesse Indaiatuba para sediar sua primeira f\u00e1brica no Brasil. Esse movimento n\u00e3o apenas gerou milhares de empregos, mas elevou o status da cidade no cen\u00e1rio industrial internacional. Foi tamb\u00e9m Clain quem instituiu a FAICI (Festa Agropecu\u00e1ria, Industrial e Comercial de Indaiatuba), um evento que at\u00e9 hoje celebra a identidade e a for\u00e7a produtiva da regi\u00e3o .<\/p>\n\n\n\n<h3 class=\"wp-block-heading\">O Homem por Tr\u00e1s do Prefeito: Hist\u00f3rias e Car\u00e1ter<\/h3>\n\n\n<div class=\"wp-block-image\">\n<figure class=\"aligncenter size-large\"><img loading=\"lazy\" decoding=\"async\" width=\"1024\" height=\"683\" src=\"https:\/\/imais.online\/portal\/wp-content\/uploads\/2026\/02\/ChatGPT-Image-24-de-fev.-de-2026-20_01_37-1024x683.png\" alt=\"\" class=\"wp-image-30868\" srcset=\"https:\/\/imais.online\/portal\/wp-content\/uploads\/2026\/02\/ChatGPT-Image-24-de-fev.-de-2026-20_01_37-1024x683.png 1024w, https:\/\/imais.online\/portal\/wp-content\/uploads\/2026\/02\/ChatGPT-Image-24-de-fev.-de-2026-20_01_37-300x200.png 300w, https:\/\/imais.online\/portal\/wp-content\/uploads\/2026\/02\/ChatGPT-Image-24-de-fev.-de-2026-20_01_37-768x512.png 768w, https:\/\/imais.online\/portal\/wp-content\/uploads\/2026\/02\/ChatGPT-Image-24-de-fev.-de-2026-20_01_37.png 1536w\" sizes=\"auto, (max-width: 1024px) 100vw, 1024px\" \/><\/figure>\n<\/div>\n\n\n<p>Al\u00e9m dos feitos administrativos, Clain Ferrari era uma figura de personalidade marcante. Descrito por sua esposa, Ana Maria Costa Ferrari, como um homem &#8220;muito correto&#8221;, ele n\u00e3o tolerava &#8220;falcatruas&#8221; e podia ser explosivo quando seus princ\u00edpios eram contrariados . Uma anedota famosa conta que, irritado com um pedido absurdo na prefeitura, ele chegou a jogar uma jarra de \u00e1gua na parede, que por pouco n\u00e3o atingiu sua esposa e um vereador .<\/p>\n\n\n\n<p>Sua coragem f\u00edsica tamb\u00e9m \u00e9 lend\u00e1ria. Em um epis\u00f3dio, ele enfrentou o dono da Yammar, que se deitou na frente de um trator para impedir a abertura da Avenida dos Trabalhadores, com Clain subindo no ve\u00edculo para demonstrar que a obra seria realizada. Em outra ocasi\u00e3o, um fazendeiro chegou a apontar uma arma para sua cabe\u00e7a, mas Clain n\u00e3o se intimidou, afirmando: &#8220;Pode atirar, mas o servi\u00e7o vai ser feito&#8221; .<\/p>\n\n\n\n<p>Clain Ferrari era tamb\u00e9m um orador nato, com uma capacidade impressionante de discursar sem a necessidade de textos escritos, utilizando apenas t\u00f3picos. Sua experi\u00eancia como advogado, onde nunca perdeu um j\u00fari, contribuiu para essa habilidade. Ele tamb\u00e9m foi um entusiasta da cultura e do lazer, trazendo grandes artistas para a cidade e iniciando a tradicional decora\u00e7\u00e3o de Natal na Rua 24 de Maio .<\/p>\n\n\n\n<h3 class=\"wp-block-heading\">Uma Vida Dedicada ao Coletivo<\/h3>\n\n\n\n<p>Clain Ferrari faleceu em 31 de janeiro de 2022, deixando um vazio que s\u00f3 pode ser preenchido pela mem\u00f3ria de suas realiza\u00e7\u00f5es . Sua partida marcou o fim de uma era, mas o in\u00edcio de um reconhecimento hist\u00f3rico que transcende siglas.<\/p>\n\n\n\n<p>Ao caminhar pelo Parque Ecol\u00f3gico, ao buscar atendimento no antigo &#8220;Mini Hospital&#8221; do Jardim Morada do Sol (hoje transformado em centro de especialidades) ou ao participar da FAICI, o indaiatubano toca o legado de um homem que via na administra\u00e7\u00e3o p\u00fablica uma ferramenta de transforma\u00e7\u00e3o perene. Clain Ferrari foi, acima de tudo, um vision\u00e1rio que soube ler o tempo e preparar a terra para os frutos que as futuras gera\u00e7\u00f5es colhem hoje .<\/p>\n\n\n\n<p>A hist\u00f3ria de Indaiatuba \u00e9, em grande parte, a hist\u00f3ria de Clain Ferrari \u2014 um cap\u00edtulo escrito com coragem, planejamento e um amor profundo pela terra que escolheu para deixar sua marca eterna.<\/p>\n\n\n\n<figure class=\"wp-block-table\"><table class=\"has-fixed-layout\"><thead><tr><th>Mandato<\/th><th>Principais Obras e Feitos<\/th><th>Impacto Hist\u00f3rico<\/th><\/tr><\/thead><tbody><tr><td><strong>1977-1982<\/strong><\/td><td>Cemit\u00e9rio Parque dos Indai\u00e1s, Gin\u00e1sio Municipal de Esportes, Pra\u00e7a da Liberdade, Centro Esportivo do Trabalhador, Avenidas Itoror\u00f3, dos Trabalhadores e Visconde de Indaiatuba, Delimita\u00e7\u00e3o do Distrito Industrial.<\/td><td>Moderniza\u00e7\u00e3o da infraestrutura urbana e social, planejamento para o crescimento econ\u00f4mico.<\/td><\/tr><tr><td><strong>1989-1992<\/strong><\/td><td>Parque Ecol\u00f3gico (projeto Ruy Ohtake), &#8220;Mini Hospital&#8221; (Jardim Morada do Sol), Duplica\u00e7\u00e3o da Av. Presidente Vargas e in\u00edcio da Av. Francisco de Paula Leite, Institui\u00e7\u00e3o da FAICI, Atra\u00e7\u00e3o da Toyota.<\/td><td>Consolida\u00e7\u00e3o do planejamento urbano e ambiental, impulso decisivo para o desenvolvimento industrial e cultural.<\/td><\/tr><\/tbody><\/table><\/figure>\n","protected":false},"excerpt":{"rendered":"<p>A hist\u00f3ria de uma cidade n\u00e3o \u00e9 feita apenas de datas e documentos, mas das m\u00e3os que ousaram desenhar o seu futuro. Quando olhamos para a Indaiatuba de hoje, reconhecida nacionalmente por sua qualidade de vida e planejamento urbano, \u00e9 imposs\u00edvel n\u00e3o esbarrar no legado de Clain Ferrari. Longe das disputas partid\u00e1rias e do calor [&hellip;]<\/p>\n","protected":false},"author":7,"featured_media":30865,"comment_status":"closed","ping_status":"open","sticky":false,"template":"","format":"standard","meta":{"rop_custom_images_group":[],"rop_custom_messages_group":[],"rop_publish_now":"yes","rop_publish_now_accounts":[],"rop_publish_now_history":[],"rop_publish_now_status":"pending","footnotes":""},"categories":[248],"tags":[],"class_list":["post-30864","post","type-post","status-publish","format-standard","has-post-thumbnail","hentry","category-nossa-cidade"],"amp_enabled":true,"_links":{"self":[{"href":"https:\/\/imais.online\/portal\/wp-json\/wp\/v2\/posts\/30864","targetHints":{"allow":["GET"]}}],"collection":[{"href":"https:\/\/imais.online\/portal\/wp-json\/wp\/v2\/posts"}],"about":[{"href":"https:\/\/imais.online\/portal\/wp-json\/wp\/v2\/types\/post"}],"author":[{"embeddable":true,"href":"https:\/\/imais.online\/portal\/wp-json\/wp\/v2\/users\/7"}],"replies":[{"embeddable":true,"href":"https:\/\/imais.online\/portal\/wp-json\/wp\/v2\/comments?post=30864"}],"version-history":[{"count":1,"href":"https:\/\/imais.online\/portal\/wp-json\/wp\/v2\/posts\/30864\/revisions"}],"predecessor-version":[{"id":30869,"href":"https:\/\/imais.online\/portal\/wp-json\/wp\/v2\/posts\/30864\/revisions\/30869"}],"wp:featuredmedia":[{"embeddable":true,"href":"https:\/\/imais.online\/portal\/wp-json\/wp\/v2\/media\/30865"}],"wp:attachment":[{"href":"https:\/\/imais.online\/portal\/wp-json\/wp\/v2\/media?parent=30864"}],"wp:term":[{"taxonomy":"category","embeddable":true,"href":"https:\/\/imais.online\/portal\/wp-json\/wp\/v2\/categories?post=30864"},{"taxonomy":"post_tag","embeddable":true,"href":"https:\/\/imais.online\/portal\/wp-json\/wp\/v2\/tags?post=30864"}],"curies":[{"name":"wp","href":"https:\/\/api.w.org\/{rel}","templated":true}]}}