{"id":30945,"date":"2026-03-01T22:02:29","date_gmt":"2026-03-02T01:02:29","guid":{"rendered":"https:\/\/imais.online\/portal\/?p=30945"},"modified":"2026-03-01T22:02:30","modified_gmt":"2026-03-02T01:02:30","slug":"mpox-segue-ativa-no-mundo-entenda-como-ocorre-o-contagio-e-como-se-prevenir","status":"publish","type":"post","link":"https:\/\/imais.online\/portal\/mpox-segue-ativa-no-mundo-entenda-como-ocorre-o-contagio-e-como-se-prevenir\/","title":{"rendered":"Mpox segue ativa no mundo: entenda como ocorre o cont\u00e1gio e como se prevenir"},"content":{"rendered":"<div class=\"imais-before-content-placement\" id=\"imais-1990377071\"><script async src=\"\/\/pagead2.googlesyndication.com\/pagead\/js\/adsbygoogle.js?client=ca-pub-8787528412751566\" crossorigin=\"anonymous\"><\/script><ins class=\"adsbygoogle\" style=\"display:block;\" data-ad-client=\"ca-pub-8787528412751566\" \ndata-ad-slot=\"\" \ndata-ad-format=\"auto\"><\/ins>\n<script> \n(adsbygoogle = window.adsbygoogle || []).push({}); \n<\/script>\n<\/div>\n<h2 class=\"wp-block-heading\">Mesmo com queda de casos no Brasil, aten\u00e7\u00e3o \u00e0 preven\u00e7\u00e3o continua essencial<\/h2>\n\n\n\n<p><\/p>\n\n\n\n<p>A&nbsp;<strong>mpox<\/strong>&nbsp;deixou de ser uma emerg\u00eancia global, mas ainda est\u00e1 longe de desaparecer. Em 2026, o Brasil registra menos casos do que no ano anterior, por\u00e9m o v\u00edrus continua circulando em diferentes regi\u00f5es do planeta. Esse cen\u00e1rio refor\u00e7a uma mensagem importante:&nbsp;<strong>redu\u00e7\u00e3o de n\u00fameros n\u00e3o significa aus\u00eancia de risco<\/strong>.<\/p>\n\n\n\n<p>De acordo com o&nbsp;<strong>Minist\u00e9rio da Sa\u00fade<\/strong>, at\u00e9 fevereiro deste ano foram contabilizados&nbsp;<strong>90 casos de mpox no pa\u00eds<\/strong>, entre confirma\u00e7\u00f5es e notifica\u00e7\u00f5es em investiga\u00e7\u00e3o. O dado representa uma queda expressiva em compara\u00e7\u00e3o com o in\u00edcio de 2025, quando os registros eram quase tr\u00eas vezes maiores no mesmo intervalo. Ainda assim, autoridades mant\u00eam o monitoramento ativo.<\/p>\n\n\n\n<p>No panorama internacional, a&nbsp;<strong>Organiza\u00e7\u00e3o Mundial da Sa\u00fade<\/strong>&nbsp;aponta que a mpox permanece presente em dezenas de pa\u00edses. Em janeiro de 2026, mais de&nbsp;<strong>1.300 novos diagn\u00f3sticos<\/strong>&nbsp;foram confirmados globalmente, com maior concentra\u00e7\u00e3o no continente africano, onde o v\u00edrus circula h\u00e1 mais tempo.<\/p>\n\n\n\n<h2 class=\"wp-block-heading\">De que forma o v\u00edrus da mpox se espalha<\/h2>\n\n\n\n<p>A transmiss\u00e3o da mpox est\u00e1 fortemente associada ao&nbsp;<strong>contato pr\u00f3ximo e prolongado entre pessoas<\/strong>. Diferentemente de doen\u00e7as respirat\u00f3rias cl\u00e1ssicas, o v\u00edrus depende mais do contato direto do que da simples perman\u00eancia em ambientes compartilhados.<\/p>\n\n\n\n<p>As formas mais comuns de infec\u00e7\u00e3o incluem:<\/p>\n\n\n\n<ul class=\"wp-block-list\">\n<li>\u00a0<strong>Contato direto com a pele ou les\u00f5es<\/strong>\u00a0de pessoas infectadas<\/li>\n\n\n\n<li>\u00a0<strong>Rela\u00e7\u00f5es \u00edntimas<\/strong>, inclusive contato sexual<\/li>\n\n\n\n<li><strong>Beijos ou contato boca com pele<\/strong><\/li>\n\n\n\n<li>\u00a0<strong>Proximidade face a face<\/strong>, com exposi\u00e7\u00e3o a secre\u00e7\u00f5es respirat\u00f3rias<\/li>\n\n\n\n<li>\u00a0<strong>Uso de objetos contaminados<\/strong>, como roupas, toalhas e len\u00e7\u00f3is<\/li>\n\n\n\n<li>\u00a0<strong>Exposi\u00e7\u00e3o ocupacional<\/strong>, em ambientes de sa\u00fade ou est\u00e9tica<\/li>\n\n\n\n<li>\u00a0<strong>Transmiss\u00e3o vertical<\/strong>, da gestante para o beb\u00ea<\/li>\n\n\n\n<li>\u00a0<strong>Contato com animais infectados<\/strong>, especialmente roedores<\/li>\n<\/ul>\n\n\n\n<p>Pessoas com&nbsp;<strong>m\u00faltiplos parceiros<\/strong>&nbsp;ou exposi\u00e7\u00e3o frequente a contatos \u00edntimos t\u00eam maior probabilidade de infec\u00e7\u00e3o.<\/p>\n\n\n\n<h2 class=\"wp-block-heading\">Sinais e sintomas que ajudam a identificar a doen\u00e7a<\/h2>\n\n\n\n<p>Ap\u00f3s a exposi\u00e7\u00e3o ao v\u00edrus, os sintomas costumam surgir&nbsp;<strong>entre alguns dias e at\u00e9 tr\u00eas semanas<\/strong>. O quadro pode variar de leve a moderado, mas exige aten\u00e7\u00e3o para evitar novas transmiss\u00f5es.<\/p>\n\n\n\n<p>Os sinais mais frequentes s\u00e3o:<\/p>\n\n\n\n<ul class=\"wp-block-list\">\n<li>\u00a0<strong>Les\u00f5es na pele<\/strong>, que evoluem at\u00e9 formar crostas<\/li>\n\n\n\n<li><strong>Febre e calafrios<\/strong><\/li>\n\n\n\n<li><strong>Dor de cabe\u00e7a e dores musculares<\/strong><\/li>\n\n\n\n<li>\u00a0<strong>\u00cdnguas<\/strong>, especialmente no pesco\u00e7o e axilas<\/li>\n\n\n\n<li><strong>Cansa\u00e7o intenso<\/strong><\/li>\n<\/ul>\n\n\n\n<p>As les\u00f5es podem aparecer em qualquer regi\u00e3o do corpo, inclusive genitais, boca e \u00e1rea anal.&nbsp;<strong>A pessoa deixa de transmitir o v\u00edrus apenas ap\u00f3s a cicatriza\u00e7\u00e3o completa da pele<\/strong>.<\/p>\n\n\n\n<h2 class=\"wp-block-heading\">Como reduzir o risco de contamina\u00e7\u00e3o<\/h2>\n\n\n\n<p>A preven\u00e7\u00e3o da mpox depende de medidas simples, mas eficazes, focadas na interrup\u00e7\u00e3o do contato com o v\u00edrus. Entre as principais orienta\u00e7\u00f5es est\u00e3o:<\/p>\n\n\n\n<ul class=\"wp-block-list\">\n<li>Evitar contato f\u00edsico com pessoas com suspeita ou diagn\u00f3stico confirmado<\/li>\n\n\n\n<li>N\u00e3o compartilhar objetos de uso pessoal<\/li>\n\n\n\n<li>Higienizar as m\u00e3os com frequ\u00eancia<\/li>\n\n\n\n<li>Lavar roupas e tecidos usados por pessoas infectadas<\/li>\n\n\n\n<li>Desinfetar superf\u00edcies e objetos<\/li>\n\n\n\n<li>Cumprir isolamento at\u00e9 o fim do per\u00edodo infeccioso<\/li>\n<\/ul>\n\n\n\n<p>Em ambientes de sa\u00fade, o uso de&nbsp;<strong>equipamentos de prote\u00e7\u00e3o individual<\/strong>&nbsp;\u00e9 indispens\u00e1vel.<\/p>\n\n\n\n<h2 class=\"wp-block-heading\">Vacina\u00e7\u00e3o e prote\u00e7\u00e3o de grupos mais vulner\u00e1veis<\/h2>\n\n\n\n<p>No Brasil, a vacina\u00e7\u00e3o contra mpox \u00e9 direcionada a&nbsp;<strong>pessoas com maior risco de infec\u00e7\u00e3o ou de evolu\u00e7\u00e3o grave<\/strong>, incluindo indiv\u00edduos imunossuprimidos, profissionais que lidam com o v\u00edrus e pessoas com exposi\u00e7\u00e3o recente considerada relevante.<\/p>\n\n\n\n<p>Como o per\u00edodo de incuba\u00e7\u00e3o \u00e9 relativamente longo, a vacina pode ser administrada&nbsp;<strong>ap\u00f3s a exposi\u00e7\u00e3o<\/strong>, ajudando a reduzir o risco de adoecimento ou a gravidade do quadro.<\/p>\n\n\n\n<h2 class=\"wp-block-heading\">Vigil\u00e2ncia cont\u00ednua \u00e9 fundamental<\/h2>\n\n\n\n<p>A queda de casos \u00e9 um sinal positivo, mas n\u00e3o elimina a necessidade de aten\u00e7\u00e3o.&nbsp;<strong>Informa\u00e7\u00e3o, diagn\u00f3stico precoce e preven\u00e7\u00e3o<\/strong>&nbsp;continuam sendo as principais ferramentas para evitar novos surtos e proteger a popula\u00e7\u00e3o.<\/p>\n\n\n\n<p>Fonte R7 <\/p>\n","protected":false},"excerpt":{"rendered":"<p>Mesmo com queda de casos no Brasil, aten\u00e7\u00e3o \u00e0 preven\u00e7\u00e3o continua essencial A&nbsp;mpox&nbsp;deixou de ser uma emerg\u00eancia global, mas ainda est\u00e1 longe de desaparecer. Em 2026, o Brasil registra menos casos do que no ano anterior, por\u00e9m o v\u00edrus continua circulando em diferentes regi\u00f5es do planeta. Esse cen\u00e1rio refor\u00e7a uma mensagem importante:&nbsp;redu\u00e7\u00e3o de n\u00fameros n\u00e3o [&hellip;]<\/p>\n","protected":false},"author":8,"featured_media":30946,"comment_status":"closed","ping_status":"open","sticky":false,"template":"","format":"standard","meta":{"rop_custom_images_group":[],"rop_custom_messages_group":[],"rop_publish_now":"yes","rop_publish_now_accounts":[],"rop_publish_now_history":[],"rop_publish_now_status":"pending","footnotes":""},"categories":[205],"tags":[73],"class_list":["post-30945","post","type-post","status-publish","format-standard","has-post-thumbnail","hentry","category-saude","tag-featured"],"amp_enabled":true,"_links":{"self":[{"href":"https:\/\/imais.online\/portal\/wp-json\/wp\/v2\/posts\/30945","targetHints":{"allow":["GET"]}}],"collection":[{"href":"https:\/\/imais.online\/portal\/wp-json\/wp\/v2\/posts"}],"about":[{"href":"https:\/\/imais.online\/portal\/wp-json\/wp\/v2\/types\/post"}],"author":[{"embeddable":true,"href":"https:\/\/imais.online\/portal\/wp-json\/wp\/v2\/users\/8"}],"replies":[{"embeddable":true,"href":"https:\/\/imais.online\/portal\/wp-json\/wp\/v2\/comments?post=30945"}],"version-history":[{"count":1,"href":"https:\/\/imais.online\/portal\/wp-json\/wp\/v2\/posts\/30945\/revisions"}],"predecessor-version":[{"id":30947,"href":"https:\/\/imais.online\/portal\/wp-json\/wp\/v2\/posts\/30945\/revisions\/30947"}],"wp:featuredmedia":[{"embeddable":true,"href":"https:\/\/imais.online\/portal\/wp-json\/wp\/v2\/media\/30946"}],"wp:attachment":[{"href":"https:\/\/imais.online\/portal\/wp-json\/wp\/v2\/media?parent=30945"}],"wp:term":[{"taxonomy":"category","embeddable":true,"href":"https:\/\/imais.online\/portal\/wp-json\/wp\/v2\/categories?post=30945"},{"taxonomy":"post_tag","embeddable":true,"href":"https:\/\/imais.online\/portal\/wp-json\/wp\/v2\/tags?post=30945"}],"curies":[{"name":"wp","href":"https:\/\/api.w.org\/{rel}","templated":true}]}}