{"id":30954,"date":"2026-03-03T18:28:00","date_gmt":"2026-03-03T21:28:00","guid":{"rendered":"https:\/\/imais.online\/portal\/?p=30954"},"modified":"2026-03-02T21:03:57","modified_gmt":"2026-03-03T00:03:57","slug":"prefeitura-e-camara-firmam-termo-de-cooperacao-para-tvs-publicas","status":"publish","type":"post","link":"https:\/\/imais.online\/portal\/prefeitura-e-camara-firmam-termo-de-cooperacao-para-tvs-publicas\/","title":{"rendered":"Prefeitura e C\u00e2mara firmam termo de coopera\u00e7\u00e3o para TVs p\u00fablicas"},"content":{"rendered":"<div class=\"imais-before-content-placement\" id=\"imais-449143074\"><script async src=\"\/\/pagead2.googlesyndication.com\/pagead\/js\/adsbygoogle.js?client=ca-pub-8787528412751566\" crossorigin=\"anonymous\"><\/script><ins class=\"adsbygoogle\" style=\"display:block;\" data-ad-client=\"ca-pub-8787528412751566\" \ndata-ad-slot=\"\" \ndata-ad-format=\"auto\"><\/ins>\n<script> \n(adsbygoogle = window.adsbygoogle || []).push({}); \n<\/script>\n<\/div>\n<p class=\"has-text-align-center\"><strong>Parceria permite o compartilhamento de estrutura e equipamentos entre a TV C\u00e2mara e a Set TV<\/strong><\/p>\n\n\n\n<p>A Prefeitura de Indaiatuba e a C\u00e2mara Municipal formalizaram, nesta ter\u00e7a-feira (10), um termo de coopera\u00e7\u00e3o para o compartilhamento de estrutura e equipamentos das emissoras p\u00fablicas de TV dos dois poderes: a TV C\u00e2mara e a Set TV. O acordo foi assinado pelo prefeito Dr. Cust\u00f3dio Tavares (MDB) e pelo presidente do Legislativo, Dr. T\u00falio Tomass do Couto, e permite o uso conjunto da infraestrutura t\u00e9cnica necess\u00e1ria para viabilizar as transmiss\u00f5es dos dois canais.<\/p>\n\n\n\n<p>\u201cIndaiatuba sai novamente na frente ao disponibilizar dois canais mantidos pela C\u00e2mara e pela Prefeitura, em sinal aberto e digital, 24 horas por dia, todos os dias da semana\u201d, afirma o presidente da C\u00e2mara. \u201cCom isso, garantimos informa\u00e7\u00e3o de interesse p\u00fablico, presta\u00e7\u00e3o de servi\u00e7os e a divulga\u00e7\u00e3o da nossa cultura e hist\u00f3ria\u201d, destaca o prefeito Dr. Cust\u00f3dio Tavares.<\/p>\n\n\n\n<p>A parceria possibilita, por exemplo, que a TV C\u00e2mara utilize a central de antenas localizada nas proximidades da Esta\u00e7\u00e3o de Tratamento de \u00c1gua (ETA I), na Vila Ava\u00ed, estrutura mantida pela Prefeitura. Em contrapartida, o Legislativo ser\u00e1 respons\u00e1vel por apoiar a conserva\u00e7\u00e3o e a manuten\u00e7\u00e3o do local. As duas emissoras ser\u00e3o transmitidas em sinal aberto, com acesso tanto pelos televisores dom\u00e9sticos quanto por dispositivos m\u00f3veis.<\/p>\n\n\n\n<p>A disponibiliza\u00e7\u00e3o de um espa\u00e7o adequado \u00e9 uma das exig\u00eancias do Minist\u00e9rio das Comunica\u00e7\u00f5es para o fornecimento dos equipamentos de transmiss\u00e3o. A Set TV receber\u00e1 transmissores e demais aparelhos por meio de parceria com a Empresa Brasileira de Comunica\u00e7\u00e3o (EBC).<\/p>\n\n\n\n<p>A Set TV est\u00e1 em atividade desde 2023, com uma programa\u00e7\u00e3o diversificada de car\u00e1ter jornal\u00edstico e cultural, inicialmente no formato de WebTV. A plataforma j\u00e1 re\u00fane produ\u00e7\u00f5es pr\u00f3prias, como Indaiatuba Podcast, Momento Pipoca e Semana SET. Com a chegada do canal digital, novos programas passar\u00e3o a integrar a grade, ampliando o alcance do conte\u00fado, que tamb\u00e9m estar\u00e1 dispon\u00edvel nos televisores da cidade. O in\u00edcio das opera\u00e7\u00f5es depende da libera\u00e7\u00e3o e da instala\u00e7\u00e3o dos equipamentos t\u00e9cnicos.<\/p>\n\n\n\n<p>Para a secret\u00e1ria de Comunica\u00e7\u00e3o, Dra. Graziela Milani, o termo de coopera\u00e7\u00e3o representa um avan\u00e7o significativo na comunica\u00e7\u00e3o p\u00fablica do munic\u00edpio. \u201cA uni\u00e3o entre Prefeitura e C\u00e2mara permite otimizar recursos, fortalecer a transpar\u00eancia e ampliar o acesso da popula\u00e7\u00e3o \u00e0 informa\u00e7\u00e3o de interesse p\u00fablico. Com dois canais em sinal aberto, digital e gratuito, garantimos mais presta\u00e7\u00e3o de servi\u00e7os, valoriza\u00e7\u00e3o da cultura local e uma comunica\u00e7\u00e3o cada vez mais pr\u00f3xima do cidad\u00e3o\u201d, ressalta.<\/p>\n\n\n\n<p>J\u00e1 a TV C\u00e2mara foi selecionada para receber infraestrutura por meio da Rede Legislativa Digital, iniciativa da C\u00e2mara dos Deputados. Inicialmente, a emissora exibir\u00e1 as sess\u00f5es legislativas, j\u00e1 transmitidas ao vivo pelo YouTube, videoaulas da Escola do Legislativo, al\u00e9m de programas e entrevistas gravados no Pal\u00e1cio Votura. A Casa tamb\u00e9m firmou parcerias com as TVs da C\u00e2mara dos Deputados e do Tribunal de Contas do Estado (TCE) para a exibi\u00e7\u00e3o de conte\u00fados institucionais.<\/p>\n\n\n\n<p>De acordo com o presidente da C\u00e2mara, Dr. T\u00falio Tomass do Couto, a iniciativa marca mais um avan\u00e7o para a comunica\u00e7\u00e3o institucional do munic\u00edpio. \u201cA parceria com a Prefeitura permite que a TV C\u00e2mara e a Set TV utilizem uma estrutura moderna e compartilhada, garantindo transmiss\u00f5es em sinal aberto, 24 horas por dia. \u00c9 mais transpar\u00eancia, mais acesso \u00e0s atividades do Legislativo e mais informa\u00e7\u00e3o de qualidade para a popula\u00e7\u00e3o\u201d, afirma.<\/p>\n\n\n\n<p>Em uma etapa posterior, ambos os canais contar\u00e3o com espa\u00e7os pr\u00f3prios na plataforma DTV, sistema gratuito criado pelo governo federal, semelhante aos servi\u00e7os de streaming. Alguns programas da grade tamb\u00e9m poder\u00e3o ser compartilhados entre as emissoras, conforme o interesse e a relev\u00e2ncia dos temas abordados.<\/p>\n\n\n\n<p>\u201cEssa parceria assegura que a popula\u00e7\u00e3o acompanhe tanto as a\u00e7\u00f5es do executivo quanto os trabalhos do legislativo, pela TV e tamb\u00e9m em dispositivos m\u00f3veis. \u00c9 mais transpar\u00eancia, mais comunica\u00e7\u00e3o e mais cidadania para todos\u201d, esclarece o Diretor de Comunica\u00e7\u00e3o da C\u00e2mara Municipal, Jo\u00e3o Guilherme D\u2019Arcadia.<\/p>\n","protected":false},"excerpt":{"rendered":"<p>Parceria permite o compartilhamento de estrutura e equipamentos entre a TV C\u00e2mara e a Set TV A Prefeitura de Indaiatuba e a C\u00e2mara Municipal formalizaram, nesta ter\u00e7a-feira (10), um termo de coopera\u00e7\u00e3o para o compartilhamento de estrutura e equipamentos das emissoras p\u00fablicas de TV dos dois poderes: a TV C\u00e2mara e a Set TV. O [&hellip;]<\/p>\n","protected":false},"author":7,"featured_media":30955,"comment_status":"closed","ping_status":"open","sticky":false,"template":"","format":"standard","meta":{"rop_custom_images_group":[],"rop_custom_messages_group":[],"rop_publish_now":"yes","rop_publish_now_accounts":[],"rop_publish_now_history":[],"rop_publish_now_status":"pending","footnotes":""},"categories":[188],"tags":[],"class_list":["post-30954","post","type-post","status-publish","format-standard","has-post-thumbnail","hentry","category-indaiatuba"],"amp_enabled":true,"_links":{"self":[{"href":"https:\/\/imais.online\/portal\/wp-json\/wp\/v2\/posts\/30954","targetHints":{"allow":["GET"]}}],"collection":[{"href":"https:\/\/imais.online\/portal\/wp-json\/wp\/v2\/posts"}],"about":[{"href":"https:\/\/imais.online\/portal\/wp-json\/wp\/v2\/types\/post"}],"author":[{"embeddable":true,"href":"https:\/\/imais.online\/portal\/wp-json\/wp\/v2\/users\/7"}],"replies":[{"embeddable":true,"href":"https:\/\/imais.online\/portal\/wp-json\/wp\/v2\/comments?post=30954"}],"version-history":[{"count":1,"href":"https:\/\/imais.online\/portal\/wp-json\/wp\/v2\/posts\/30954\/revisions"}],"predecessor-version":[{"id":30956,"href":"https:\/\/imais.online\/portal\/wp-json\/wp\/v2\/posts\/30954\/revisions\/30956"}],"wp:featuredmedia":[{"embeddable":true,"href":"https:\/\/imais.online\/portal\/wp-json\/wp\/v2\/media\/30955"}],"wp:attachment":[{"href":"https:\/\/imais.online\/portal\/wp-json\/wp\/v2\/media?parent=30954"}],"wp:term":[{"taxonomy":"category","embeddable":true,"href":"https:\/\/imais.online\/portal\/wp-json\/wp\/v2\/categories?post=30954"},{"taxonomy":"post_tag","embeddable":true,"href":"https:\/\/imais.online\/portal\/wp-json\/wp\/v2\/tags?post=30954"}],"curies":[{"name":"wp","href":"https:\/\/api.w.org\/{rel}","templated":true}]}}