{"id":30974,"date":"2026-03-04T18:38:00","date_gmt":"2026-03-04T21:38:00","guid":{"rendered":"https:\/\/imais.online\/portal\/?p=30974"},"modified":"2026-03-03T21:18:13","modified_gmt":"2026-03-04T00:18:13","slug":"funssol-amplia-arrecadacao-apos-sucesso-do-drive-solidario-para-vitimas-de-uba-mg","status":"publish","type":"post","link":"https:\/\/imais.online\/portal\/funssol-amplia-arrecadacao-apos-sucesso-do-drive-solidario-para-vitimas-de-uba-mg\/","title":{"rendered":"Funssol amplia arrecada\u00e7\u00e3o ap\u00f3s sucesso do Drive Solid\u00e1rio para v\u00edtimas de Ub\u00e1 (MG)"},"content":{"rendered":"<div class=\"imais-before-content-placement\" id=\"imais-2224160602\"><script async src=\"\/\/pagead2.googlesyndication.com\/pagead\/js\/adsbygoogle.js?client=ca-pub-8787528412751566\" crossorigin=\"anonymous\"><\/script><ins class=\"adsbygoogle\" style=\"display:block;\" data-ad-client=\"ca-pub-8787528412751566\" \ndata-ad-slot=\"\" \ndata-ad-format=\"auto\"><\/ins>\n<script> \n(adsbygoogle = window.adsbygoogle || []).push({}); \n<\/script>\n<\/div>\n<p class=\"has-text-align-center\"><strong><em>Solidariedade que atravessa fronteiras e fortalece quem mais precisa, doa\u00e7\u00f5es ser\u00e3o enviadas para Zona da Mata, em Minas Gerais<\/em><\/strong><\/p>\n\n\n\n<p>O Fundo Social de Solidariedade (Funssol) realizou na \u00faltima sexta-feira (27\/2) o Drive Solid\u00e1rio em apoio \u00e0s fam\u00edlias atingidas pelas fortes chuvas em Ub\u00e1, Minas Gerais. A mobiliza\u00e7\u00e3o aconteceu em frente \u00e0 Prefeitura e contou com a solidariedade da popula\u00e7\u00e3o, que contribuiu de forma expressiva para ajudar quem mais precisa neste momento.<\/p>\n\n\n\n<p>Ao todo, foram arrecadados:<\/p>\n\n\n\n<ol start=\"1\" class=\"wp-block-list\">\n<li>Mais de 300 quilos de alimentos diversos<\/li>\n\n\n\n<li>63 cestas b\u00e1sicas<\/li>\n\n\n\n<li>99 litros de leite<\/li>\n\n\n\n<li>45 litros de \u00f3leo<\/li>\n\n\n\n<li>8 litros de \u00e1lcool<\/li>\n\n\n\n<li>49 pacotes de biscoito<\/li>\n\n\n\n<li>73 pacotes de molho de tomate<\/li>\n\n\n\n<li>40 pacotes de pipoca<\/li>\n\n\n\n<li>206 itens diversos<\/li>\n\n\n\n<li>459 itens de produtos de limpeza<\/li>\n\n\n\n<li>2.329 itens de higiene pessoal<\/li>\n\n\n\n<li>1.973 litros de \u00e1gua<\/li>\n\n\n\n<li>Quase 1 tonelada de roupas<\/li>\n<\/ol>\n\n\n\n<p>A presidente do Funssol e primeira-dama, Dra. Kamila Tavares, destacou que a resposta da comunidade foi fundamental para o resultado da a\u00e7\u00e3o. \u201cA solidariedade da nossa popula\u00e7\u00e3o fez toda a diferen\u00e7a. Cada doa\u00e7\u00e3o representa cuidado, empatia e esperan\u00e7a para as fam\u00edlias de Ub\u00e1 que est\u00e3o enfrentando um momento t\u00e3o dif\u00edcil\u201d, afirmou.<\/p>\n\n\n\n<p>Diante do sucesso da mobiliza\u00e7\u00e3o e atendendo aos pedidos de moradores que n\u00e3o conseguiram participar na sexta-feira, o Funssol decidiu ampliar o per\u00edodo de arrecada\u00e7\u00e3o para as v\u00edtimas da Zona da Mata, em Minas Gerias.. O \u00f3rg\u00e3o segue como ponto oficial de coleta at\u00e9 a pr\u00f3xima sexta-feira, 6 de mar\u00e7o, na sede da Prefeitura Municipal.<\/p>\n\n\n\n<p>Quem desejar colaborar pode entregar as doa\u00e7\u00f5es de segunda a sexta-feira, das 8h \u00e0s 17h. Podem ser doados alimentos n\u00e3o perec\u00edveis, \u00e1gua, produtos de higiene pessoal, itens de limpeza e roupas em bom estado.<\/p>\n\n\n\n<p>A a\u00e7\u00e3o refor\u00e7a o compromisso do munic\u00edpio com a solidariedade e o apoio \u00e0s cidades que enfrentam situa\u00e7\u00f5es de emerg\u00eancia, fortalecendo a corrente do bem que une a popula\u00e7\u00e3o em prol do pr\u00f3ximo.<\/p>\n","protected":false},"excerpt":{"rendered":"<p>Solidariedade que atravessa fronteiras e fortalece quem mais precisa, doa\u00e7\u00f5es ser\u00e3o enviadas para Zona da Mata, em Minas Gerais O Fundo Social de Solidariedade (Funssol) realizou na \u00faltima sexta-feira (27\/2) o Drive Solid\u00e1rio em apoio \u00e0s fam\u00edlias atingidas pelas fortes chuvas em Ub\u00e1, Minas Gerais. A mobiliza\u00e7\u00e3o aconteceu em frente \u00e0 Prefeitura e contou com [&hellip;]<\/p>\n","protected":false},"author":7,"featured_media":30975,"comment_status":"closed","ping_status":"open","sticky":false,"template":"","format":"standard","meta":{"rop_custom_images_group":[],"rop_custom_messages_group":[],"rop_publish_now":"yes","rop_publish_now_accounts":[],"rop_publish_now_history":[],"rop_publish_now_status":"pending","footnotes":""},"categories":[188],"tags":[],"class_list":["post-30974","post","type-post","status-publish","format-standard","has-post-thumbnail","hentry","category-indaiatuba"],"amp_enabled":true,"_links":{"self":[{"href":"https:\/\/imais.online\/portal\/wp-json\/wp\/v2\/posts\/30974","targetHints":{"allow":["GET"]}}],"collection":[{"href":"https:\/\/imais.online\/portal\/wp-json\/wp\/v2\/posts"}],"about":[{"href":"https:\/\/imais.online\/portal\/wp-json\/wp\/v2\/types\/post"}],"author":[{"embeddable":true,"href":"https:\/\/imais.online\/portal\/wp-json\/wp\/v2\/users\/7"}],"replies":[{"embeddable":true,"href":"https:\/\/imais.online\/portal\/wp-json\/wp\/v2\/comments?post=30974"}],"version-history":[{"count":1,"href":"https:\/\/imais.online\/portal\/wp-json\/wp\/v2\/posts\/30974\/revisions"}],"predecessor-version":[{"id":30976,"href":"https:\/\/imais.online\/portal\/wp-json\/wp\/v2\/posts\/30974\/revisions\/30976"}],"wp:featuredmedia":[{"embeddable":true,"href":"https:\/\/imais.online\/portal\/wp-json\/wp\/v2\/media\/30975"}],"wp:attachment":[{"href":"https:\/\/imais.online\/portal\/wp-json\/wp\/v2\/media?parent=30974"}],"wp:term":[{"taxonomy":"category","embeddable":true,"href":"https:\/\/imais.online\/portal\/wp-json\/wp\/v2\/categories?post=30974"},{"taxonomy":"post_tag","embeddable":true,"href":"https:\/\/imais.online\/portal\/wp-json\/wp\/v2\/tags?post=30974"}],"curies":[{"name":"wp","href":"https:\/\/api.w.org\/{rel}","templated":true}]}}