{"id":30980,"date":"2026-03-04T10:43:00","date_gmt":"2026-03-04T13:43:00","guid":{"rendered":"https:\/\/imais.online\/portal\/?p=30980"},"modified":"2026-03-03T21:19:15","modified_gmt":"2026-03-04T00:19:15","slug":"indaiatuba-tem-mais-de-100-jovens-incorporados-no-exercito-brasileiro","status":"publish","type":"post","link":"https:\/\/imais.online\/portal\/indaiatuba-tem-mais-de-100-jovens-incorporados-no-exercito-brasileiro\/","title":{"rendered":"Indaiatuba tem mais de 100 jovens incorporados no Ex\u00e9rcito Brasileiro"},"content":{"rendered":"<div class=\"imais-before-content-placement\" id=\"imais-2815549977\"><script async src=\"\/\/pagead2.googlesyndication.com\/pagead\/js\/adsbygoogle.js?client=ca-pub-8787528412751566\" crossorigin=\"anonymous\"><\/script><ins class=\"adsbygoogle\" style=\"display:block;\" data-ad-client=\"ca-pub-8787528412751566\" \ndata-ad-slot=\"\" \ndata-ad-format=\"auto\"><\/ins>\n<script> \n(adsbygoogle = window.adsbygoogle || []).push({}); \n<\/script>\n<\/div>\n<p class=\"has-text-align-center\"><em>Solenidade de incorpora\u00e7\u00e3o aconteceu no Quartel de Itu<\/em><\/p>\n\n\n\n<p>Na \u00faltima segunda-feira (2), 150 jovens de Indaiatuba foram incorporados ao Ex\u00e9rcito Brasileiro, representando o maior contingente entre os 270 recrutas que iniciam o Servi\u00e7o Militar obrigat\u00f3rio neste ano no Quartel de Itu. A cerim\u00f4nia foi realizada no 2\u00ba Grupo de Artilharia de Campanha \u2013 Regimento Deodoro e contou com a presen\u00e7a do secret\u00e1rio da Junta de Servi\u00e7o Militar de Indaiatuba, Sargento Garba Cardoso, que representou o presidente da Junta e prefeito Dr. Cust\u00f3dio Tavares. Tamb\u00e9m acompanhou a solenidade a secret\u00e1ria da Junta Militar, Fl\u00e1via Avanci.<\/p>\n\n\n\n<p>Os jovens foram selecionados ap\u00f3s as etapas de alistamento e sele\u00e7\u00e3o complementar conduzidas pela Junta de Servi\u00e7o Militar de Indaiatuba. A expressiva participa\u00e7\u00e3o do munic\u00edpio refor\u00e7a o compromisso da cidade com a forma\u00e7\u00e3o cidad\u00e3 e com o cumprimento do dever c\u00edvico.<\/p>\n\n\n\n<p>A solenidade marcou o ingresso oficial dos cidad\u00e3os nas fileiras do Ex\u00e9rcito Brasileiro. Durante a cerim\u00f4nia, os novos soldados realizaram a tradicional transposi\u00e7\u00e3o simb\u00f3lica do Port\u00e3o das Armas, representando a passagem da vida civil para a vida militar, ao vestirem pela primeira vez o uniforme camuflado.<\/p>\n\n\n\n<p>No 2\u00ba GAC, os recrutas iniciar\u00e3o o per\u00edodo de instru\u00e7\u00e3o b\u00e1sica, que inclui ensinamentos sobre disciplina, hierarquia, civismo e t\u00e9cnicas militares fundamentais. Ao longo dos pr\u00f3ximos 12 meses, passar\u00e3o por uma forma\u00e7\u00e3o voltada ao fortalecimento de valores como responsabilidade, comprometimento e esp\u00edrito de equipe.<\/p>\n\n\n\n<p>A incorpora\u00e7\u00e3o representa um marco de cidadania e compromisso com a P\u00e1tria, preparando os jovens para os desafios do servi\u00e7o militar e para a constru\u00e7\u00e3o de uma sociedade mais consciente e participativa.<\/p>\n","protected":false},"excerpt":{"rendered":"<p>Solenidade de incorpora\u00e7\u00e3o aconteceu no Quartel de Itu Na \u00faltima segunda-feira (2), 150 jovens de Indaiatuba foram incorporados ao Ex\u00e9rcito Brasileiro, representando o maior contingente entre os 270 recrutas que iniciam o Servi\u00e7o Militar obrigat\u00f3rio neste ano no Quartel de Itu. A cerim\u00f4nia foi realizada no 2\u00ba Grupo de Artilharia de Campanha \u2013 Regimento Deodoro [&hellip;]<\/p>\n","protected":false},"author":7,"featured_media":30981,"comment_status":"closed","ping_status":"open","sticky":false,"template":"","format":"standard","meta":{"rop_custom_images_group":[],"rop_custom_messages_group":[],"rop_publish_now":"yes","rop_publish_now_accounts":[],"rop_publish_now_history":[],"rop_publish_now_status":"pending","footnotes":""},"categories":[188],"tags":[],"class_list":["post-30980","post","type-post","status-publish","format-standard","has-post-thumbnail","hentry","category-indaiatuba"],"amp_enabled":true,"_links":{"self":[{"href":"https:\/\/imais.online\/portal\/wp-json\/wp\/v2\/posts\/30980","targetHints":{"allow":["GET"]}}],"collection":[{"href":"https:\/\/imais.online\/portal\/wp-json\/wp\/v2\/posts"}],"about":[{"href":"https:\/\/imais.online\/portal\/wp-json\/wp\/v2\/types\/post"}],"author":[{"embeddable":true,"href":"https:\/\/imais.online\/portal\/wp-json\/wp\/v2\/users\/7"}],"replies":[{"embeddable":true,"href":"https:\/\/imais.online\/portal\/wp-json\/wp\/v2\/comments?post=30980"}],"version-history":[{"count":1,"href":"https:\/\/imais.online\/portal\/wp-json\/wp\/v2\/posts\/30980\/revisions"}],"predecessor-version":[{"id":30982,"href":"https:\/\/imais.online\/portal\/wp-json\/wp\/v2\/posts\/30980\/revisions\/30982"}],"wp:featuredmedia":[{"embeddable":true,"href":"https:\/\/imais.online\/portal\/wp-json\/wp\/v2\/media\/30981"}],"wp:attachment":[{"href":"https:\/\/imais.online\/portal\/wp-json\/wp\/v2\/media?parent=30980"}],"wp:term":[{"taxonomy":"category","embeddable":true,"href":"https:\/\/imais.online\/portal\/wp-json\/wp\/v2\/categories?post=30980"},{"taxonomy":"post_tag","embeddable":true,"href":"https:\/\/imais.online\/portal\/wp-json\/wp\/v2\/tags?post=30980"}],"curies":[{"name":"wp","href":"https:\/\/api.w.org\/{rel}","templated":true}]}}