{"id":30986,"date":"2026-03-05T17:57:00","date_gmt":"2026-03-05T20:57:00","guid":{"rendered":"https:\/\/imais.online\/portal\/?p=30986"},"modified":"2026-03-03T21:27:08","modified_gmt":"2026-03-04T00:27:08","slug":"veja-como-serao-os-novos-veiculos-do-trem-intercidades-eixo-norte","status":"publish","type":"post","link":"https:\/\/imais.online\/portal\/veja-como-serao-os-novos-veiculos-do-trem-intercidades-eixo-norte\/","title":{"rendered":"Veja como ser\u00e3o os novos ve\u00edculos do Trem Intercidades Eixo Norte"},"content":{"rendered":"<div class=\"imais-before-content-placement\" id=\"imais-1509122662\"><script async src=\"\/\/pagead2.googlesyndication.com\/pagead\/js\/adsbygoogle.js?client=ca-pub-8787528412751566\" crossorigin=\"anonymous\"><\/script><ins class=\"adsbygoogle\" style=\"display:block;\" data-ad-client=\"ca-pub-8787528412751566\" \ndata-ad-slot=\"\" \ndata-ad-format=\"auto\"><\/ins>\n<script> \n(adsbygoogle = window.adsbygoogle || []).push({}); \n<\/script>\n<\/div>\n<p class=\"has-text-align-center\">Trem ir\u00e1 transportar passageiros da capital paulista ao interior em cerca de 64 minutos e com velocidade de at\u00e9 140 km\/h<\/p>\n\n\n\n<p class=\"has-text-align-left\"><br>O Trem Intercidades (TIC) Eixo Norte teve seu layout externo definido pela TIC Trens, concession\u00e1ria respons\u00e1vel pelo projeto. Com in\u00edcio de opera\u00e7\u00e3o previsto para 2031, o servi\u00e7o expresso entre S\u00e3o Paulo e Campinas marca uma nova etapa para a mobilidade sobre trilhos no pa\u00eds.<\/p>\n\n\n\n<p>O layout do trem, que ir\u00e1 transportar passageiros da capital paulista ao interior em cerca de 64 minutos e com velocidade de at\u00e9 140 km\/h, adota um conceito centrado na est\u00e9tica tecnol\u00f3gica, alinhado \u00e0 paleta de cores da marca da concession\u00e1ria. Os elementos gr\u00e1ficos refor\u00e7am atributos como dinamismo e inova\u00e7\u00e3o.<\/p>\n\n\n\n<p class=\"has-text-align-left\">A proposta adota abordagem minimalista, com linhas retas e cortes precisos, refor\u00e7ando a percep\u00e7\u00e3o de velocidade, fluidez e futurismo. O resultado \u00e9 uma identidade visual contempor\u00e2nea, que diferencia o Trem Intercidades (TIC) Eixo Norte na paisagem ferrovi\u00e1ria e dialoga com a proposta de moderniza\u00e7\u00e3o do transporte sobre trilhos em S\u00e3o Paulo.<\/p>\n\n\n\n<p>As obras de implanta\u00e7\u00e3o do Trem Intercidades (TIC) Eixo Norte est\u00e3o previstas para o primeiro semestre deste ano. Al\u00e9m do servi\u00e7o expresso, a TIC Trens \u00e9 respons\u00e1vel pela implanta\u00e7\u00e3o do Trem Intermetropolitano (TIM), entre Jundia\u00ed e Campinas, com paradas em Valinhos, Vinhedo e Louveira, e pela moderniza\u00e7\u00e3o, opera\u00e7\u00e3o e manuten\u00e7\u00e3o da Linha 7-Rubi de trens metropolitanos de S\u00e3o Paulo.<\/p>\n","protected":false},"excerpt":{"rendered":"<p>Trem ir\u00e1 transportar passageiros da capital paulista ao interior em cerca de 64 minutos e com velocidade de at\u00e9 140 km\/h O Trem Intercidades (TIC) Eixo Norte teve seu layout externo definido pela TIC Trens, concession\u00e1ria respons\u00e1vel pelo projeto. Com in\u00edcio de opera\u00e7\u00e3o previsto para 2031, o servi\u00e7o expresso entre S\u00e3o Paulo e Campinas marca [&hellip;]<\/p>\n","protected":false},"author":7,"featured_media":30987,"comment_status":"closed","ping_status":"open","sticky":false,"template":"","format":"standard","meta":{"rop_custom_images_group":[],"rop_custom_messages_group":[],"rop_publish_now":"yes","rop_publish_now_accounts":[],"rop_publish_now_history":[],"rop_publish_now_status":"pending","footnotes":""},"categories":[195],"tags":[73],"class_list":["post-30986","post","type-post","status-publish","format-standard","has-post-thumbnail","hentry","category-sao-paulo","tag-featured"],"amp_enabled":true,"_links":{"self":[{"href":"https:\/\/imais.online\/portal\/wp-json\/wp\/v2\/posts\/30986","targetHints":{"allow":["GET"]}}],"collection":[{"href":"https:\/\/imais.online\/portal\/wp-json\/wp\/v2\/posts"}],"about":[{"href":"https:\/\/imais.online\/portal\/wp-json\/wp\/v2\/types\/post"}],"author":[{"embeddable":true,"href":"https:\/\/imais.online\/portal\/wp-json\/wp\/v2\/users\/7"}],"replies":[{"embeddable":true,"href":"https:\/\/imais.online\/portal\/wp-json\/wp\/v2\/comments?post=30986"}],"version-history":[{"count":1,"href":"https:\/\/imais.online\/portal\/wp-json\/wp\/v2\/posts\/30986\/revisions"}],"predecessor-version":[{"id":30988,"href":"https:\/\/imais.online\/portal\/wp-json\/wp\/v2\/posts\/30986\/revisions\/30988"}],"wp:featuredmedia":[{"embeddable":true,"href":"https:\/\/imais.online\/portal\/wp-json\/wp\/v2\/media\/30987"}],"wp:attachment":[{"href":"https:\/\/imais.online\/portal\/wp-json\/wp\/v2\/media?parent=30986"}],"wp:term":[{"taxonomy":"category","embeddable":true,"href":"https:\/\/imais.online\/portal\/wp-json\/wp\/v2\/categories?post=30986"},{"taxonomy":"post_tag","embeddable":true,"href":"https:\/\/imais.online\/portal\/wp-json\/wp\/v2\/tags?post=30986"}],"curies":[{"name":"wp","href":"https:\/\/api.w.org\/{rel}","templated":true}]}}