{"id":30990,"date":"2026-03-06T23:03:09","date_gmt":"2026-03-07T02:03:09","guid":{"rendered":"https:\/\/imais.online\/portal\/?p=30990"},"modified":"2026-03-06T23:03:09","modified_gmt":"2026-03-07T02:03:09","slug":"anac-aprova-multa-de-r-175-mil-e-suspensao-de-ate-12-meses-para-passageiro-indisciplinado","status":"publish","type":"post","link":"https:\/\/imais.online\/portal\/anac-aprova-multa-de-r-175-mil-e-suspensao-de-ate-12-meses-para-passageiro-indisciplinado\/","title":{"rendered":"Anac aprova multa de R$ 17,5 mil e suspens\u00e3o de at\u00e9 12 meses para passageiro indisciplinado"},"content":{"rendered":"<div class=\"imais-before-content-placement\" id=\"imais-2180564999\"><script async src=\"\/\/pagead2.googlesyndication.com\/pagead\/js\/adsbygoogle.js?client=ca-pub-8787528412751566\" crossorigin=\"anonymous\"><\/script><ins class=\"adsbygoogle\" style=\"display:block;\" data-ad-client=\"ca-pub-8787528412751566\" \ndata-ad-slot=\"\" \ndata-ad-format=\"auto\"><\/ins>\n<script> \n(adsbygoogle = window.adsbygoogle || []).push({}); \n<\/script>\n<\/div>\n<h2 class=\"wp-block-heading\">Penalidades v\u00e3o de advert\u00eancia verbal at\u00e9 banimento tempor\u00e1rio do transporte a\u00e9reo<\/h2>\n\n\n\n<p><\/p>\n\n\n\n<p>A diretoria da&nbsp;<a href=\"https:\/\/www.r7.com\/tudo-sobre\/anac\/\" target=\"_blank\" rel=\"noreferrer noopener\">Anac (Ag\u00eancia Nacional de Avia\u00e7\u00e3o Civil)<\/a>&nbsp;aprovou por unanimidade nesta sexta-feira (6) novas regras para punir&nbsp;<strong>passageiros indisciplinados<\/strong>&nbsp;em voos no Brasil, com previs\u00e3o de&nbsp;<strong>multas de at\u00e9 R$ 17,5 mil e suspens\u00e3o do direito de voar por at\u00e9 12 meses<\/strong>&nbsp;em casos mais graves.<\/p>\n\n\n\n<p>A medida cria um conjunto de san\u00e7\u00f5es graduais, que v\u00e3o de advert\u00eancia verbal at\u00e9 o banimento tempor\u00e1rio do transporte a\u00e9reo.&nbsp;<strong>As regras entram em vigor seis meses ap\u00f3s a publica\u00e7\u00e3o no Di\u00e1rio Oficial da Uni\u00e3o<\/strong>.<\/p>\n\n\n\n<p>Durante a vota\u00e7\u00e3o, o diretor e relator da proposta, Luiz Ricardo Nascimento, afirmou que a nova norma representa um marco regulat\u00f3rio para a avia\u00e7\u00e3o civil brasileira diante da escalada de incidentes a bordo. Segundo a ag\u00eancia, os casos graves cresceram&nbsp;<strong>22% em 2024 e 55% em 2025<\/strong>, o que passou a representar risco \u00e0 seguran\u00e7a das opera\u00e7\u00f5es.<\/p>\n\n\n\n<p>O regulamento estabelece diferentes n\u00edveis de resposta para comportamentos inadequados durante a viagem.<\/p>\n\n\n\n<p>A&nbsp;<strong>primeira medida prevista \u00e9 a advert\u00eancia verbal<\/strong>, utilizada sempre que poss\u00edvel. A inten\u00e7\u00e3o \u00e9 orientar o passageiro sobre as normas e buscar uma solu\u00e7\u00e3o pac\u00edfica para o problema.<\/p>\n\n\n\n<p>Se a conduta for considerada mais grave, as&nbsp;<strong>companhias a\u00e9reas poder\u00e3o encerrar o contrato de transporte<\/strong>, impedindo que o passageiro continue a viagem.<\/p>\n\n\n\n<p>Os atos classificados como&nbsp;<strong>graves ou grav\u00edssimos<\/strong>&nbsp;poder\u00e3o resultar em&nbsp;<strong>multa administrativa<\/strong>, com valor base de&nbsp;<strong>R$ 17,5 mil<\/strong>. Um exemplo citado pela norma \u00e9 a&nbsp;<strong>falsa comunica\u00e7\u00e3o de presen\u00e7a de explosivos ou armas dentro da aeronave<\/strong>, que pode provocar interrup\u00e7\u00f5es nas opera\u00e7\u00f5es e riscos \u00e0 seguran\u00e7a.<\/p>\n\n\n\n<h3 class=\"wp-block-heading\">Banimento de at\u00e9 um ano<\/h3>\n\n\n\n<p>A puni\u00e7\u00e3o mais severa prevista \u00e9 a&nbsp;<strong>suspens\u00e3o do acesso ao transporte a\u00e9reo<\/strong>, que pode impedir o passageiro de voar por&nbsp;<strong>per\u00edodo entre seis e 12 meses<\/strong>.<\/p>\n\n\n\n<p>Essa penalidade ser\u00e1 aplicada apenas em situa\u00e7\u00f5es classificadas como&nbsp;<strong>grav\u00edssimas e cometidas a bordo da aeronave<\/strong>.<\/p>\n\n\n\n<p>Nesses casos, os dados do passageiro punido ser\u00e3o inseridos em&nbsp;<strong>uma lista de restri\u00e7\u00e3o compartilhada entre todas as companhias a\u00e9reas brasileiras<\/strong>, o que torna o banimento obrigat\u00f3rio para todos os operadores dom\u00e9sticos.<\/p>\n\n\n\n<p>Al\u00e9m disso, quando a infra\u00e7\u00e3o for grav\u00edssima,&nbsp;<strong>a suspens\u00e3o poder\u00e1 ser aplicada junto com a multa de R$ 17,5 mil<\/strong>.<\/p>\n\n\n\n<h3 class=\"wp-block-heading\">O que \u00e9 considerado conduta grav\u00edssima<\/h3>\n\n\n\n<p>Para que um ato seja enquadrado como grav\u00edssimo, ele precisa ocorrer dentro da aeronave e representar alto risco \u00e0 seguran\u00e7a do voo.<\/p>\n\n\n\n<p>Entre os exemplos previstos est\u00e3o:<\/p>\n\n\n\n<ul class=\"wp-block-list\">\n<li>Danos \u00e0 aeronave;<\/li>\n\n\n\n<li>Agress\u00e3o f\u00edsica contra membros da tripula\u00e7\u00e3o;<\/li>\n\n\n\n<li>Manuseio de armas ou explosivos;<\/li>\n\n\n\n<li>Tentativa de assumir o controle da aeronave;<\/li>\n\n\n\n<li>Atentado contra a dignidade sexual de tripulantes ou passageiros.<\/li>\n<\/ul>\n\n\n\n<p>A inclus\u00e3o do&nbsp;<strong>crime de importuna\u00e7\u00e3o ou atentado contra a dignidade sexual<\/strong>&nbsp;nesse grupo foi uma decis\u00e3o consensual da diretoria da ag\u00eancia, motivada pela gravidade e pelo aumento da recorr\u00eancia desse tipo de caso.<\/p>\n\n\n\n<h3 class=\"wp-block-heading\">Como funcionar\u00e1 a aplica\u00e7\u00e3o das multas<\/h3>\n\n\n\n<p>As multas ser\u00e3o aplicadas pela Anac por meio de&nbsp;<strong>processos administrativos sancionadores<\/strong>.<\/p>\n\n\n\n<p>Segundo a ag\u00eancia, as \u00e1reas t\u00e9cnicas ainda dever\u00e3o adaptar os procedimentos atuais, j\u00e1 que os processos passam a envolver passageiros \u2014 e n\u00e3o apenas empresas do setor a\u00e9reo.<\/p>\n\n\n\n<p>O valor base da multa, de&nbsp;<strong>R$ 17,5 mil<\/strong>, foi definido levando em conta os impactos que epis\u00f3dios de indisciplina podem causar, como:<\/p>\n\n\n\n<ul class=\"wp-block-list\">\n<li>Cancelamentos de voos;<\/li>\n\n\n\n<li>Pousos de emerg\u00eancia;<\/li>\n\n\n\n<li>Reprograma\u00e7\u00e3o de rotas; e<\/li>\n\n\n\n<li>Afastamento de tripulantes v\u00edtimas de agress\u00e3o.<\/li>\n<\/ul>\n\n\n\n<h3 class=\"wp-block-heading\">Direito de defesa e reembolso<\/h3>\n\n\n\n<p>Apesar do endurecimento das puni\u00e7\u00f5es, a norma garante&nbsp;<strong>direito \u00e0 ampla defesa e ao contradit\u00f3rio<\/strong>&nbsp;aos passageiros investigados.<\/p>\n\n\n\n<p>Caso o passageiro seja suspenso de voar, ele tamb\u00e9m ter\u00e1 direito ao&nbsp;<strong>reembolso integral de passagens compradas antes da puni\u00e7\u00e3o<\/strong>, caso os voos estejam programados para o per\u00edodo em que estiver proibido de viajar.<\/p>\n\n\n\n<p>Fonte R7<\/p>\n","protected":false},"excerpt":{"rendered":"<p>Penalidades v\u00e3o de advert\u00eancia verbal at\u00e9 banimento tempor\u00e1rio do transporte a\u00e9reo A diretoria da&nbsp;Anac (Ag\u00eancia Nacional de Avia\u00e7\u00e3o Civil)&nbsp;aprovou por unanimidade nesta sexta-feira (6) novas regras para punir&nbsp;passageiros indisciplinados&nbsp;em voos no Brasil, com previs\u00e3o de&nbsp;multas de at\u00e9 R$ 17,5 mil e suspens\u00e3o do direito de voar por at\u00e9 12 meses&nbsp;em casos mais graves. A medida [&hellip;]<\/p>\n","protected":false},"author":8,"featured_media":30991,"comment_status":"closed","ping_status":"open","sticky":false,"template":"","format":"standard","meta":{"rop_custom_images_group":[],"rop_custom_messages_group":[],"rop_publish_now":"yes","rop_publish_now_accounts":[],"rop_publish_now_history":[],"rop_publish_now_status":"pending","footnotes":""},"categories":[189],"tags":[],"class_list":["post-30990","post","type-post","status-publish","format-standard","has-post-thumbnail","hentry","category-brasil"],"amp_enabled":true,"_links":{"self":[{"href":"https:\/\/imais.online\/portal\/wp-json\/wp\/v2\/posts\/30990","targetHints":{"allow":["GET"]}}],"collection":[{"href":"https:\/\/imais.online\/portal\/wp-json\/wp\/v2\/posts"}],"about":[{"href":"https:\/\/imais.online\/portal\/wp-json\/wp\/v2\/types\/post"}],"author":[{"embeddable":true,"href":"https:\/\/imais.online\/portal\/wp-json\/wp\/v2\/users\/8"}],"replies":[{"embeddable":true,"href":"https:\/\/imais.online\/portal\/wp-json\/wp\/v2\/comments?post=30990"}],"version-history":[{"count":1,"href":"https:\/\/imais.online\/portal\/wp-json\/wp\/v2\/posts\/30990\/revisions"}],"predecessor-version":[{"id":30992,"href":"https:\/\/imais.online\/portal\/wp-json\/wp\/v2\/posts\/30990\/revisions\/30992"}],"wp:featuredmedia":[{"embeddable":true,"href":"https:\/\/imais.online\/portal\/wp-json\/wp\/v2\/media\/30991"}],"wp:attachment":[{"href":"https:\/\/imais.online\/portal\/wp-json\/wp\/v2\/media?parent=30990"}],"wp:term":[{"taxonomy":"category","embeddable":true,"href":"https:\/\/imais.online\/portal\/wp-json\/wp\/v2\/categories?post=30990"},{"taxonomy":"post_tag","embeddable":true,"href":"https:\/\/imais.online\/portal\/wp-json\/wp\/v2\/tags?post=30990"}],"curies":[{"name":"wp","href":"https:\/\/api.w.org\/{rel}","templated":true}]}}