{"id":30993,"date":"2026-03-06T23:06:57","date_gmt":"2026-03-07T02:06:57","guid":{"rendered":"https:\/\/imais.online\/portal\/?p=30993"},"modified":"2026-03-06T23:06:57","modified_gmt":"2026-03-07T02:06:57","slug":"guerra-ja-pressiona-precos-e-gasolina-e-diesel-registram-aumento-nos-postos-do-pais","status":"publish","type":"post","link":"https:\/\/imais.online\/portal\/guerra-ja-pressiona-precos-e-gasolina-e-diesel-registram-aumento-nos-postos-do-pais\/","title":{"rendered":"Guerra j\u00e1 pressiona pre\u00e7os e gasolina e diesel registram aumento nos postos do pa\u00eds"},"content":{"rendered":"<div class=\"imais-before-content-placement\" id=\"imais-3632164482\"><script async src=\"\/\/pagead2.googlesyndication.com\/pagead\/js\/adsbygoogle.js?client=ca-pub-8787528412751566\" crossorigin=\"anonymous\"><\/script><ins class=\"adsbygoogle\" style=\"display:block;\" data-ad-client=\"ca-pub-8787528412751566\" \ndata-ad-slot=\"\" \ndata-ad-format=\"auto\"><\/ins>\n<script> \n(adsbygoogle = window.adsbygoogle || []).push({}); \n<\/script>\n<\/div>\n<p><\/p>\n\n\n\n<h2 class=\"wp-block-heading\">Segundo a ANP, o pre\u00e7o m\u00e9dio dos combust\u00edveis subiu de R$ 6,28 para R$ 6,30 e de R$ 6,09 para R$ 6,15, respectivamente<\/h2>\n\n\n\n<p><\/p>\n\n\n\n<p>O&nbsp;<a href=\"https:\/\/noticias.r7.com\/prisma\/conta-em-dia\/gasolina-mais-cara-e-inflacao-entenda-os-impactos-da-guerra-no-bolso-do-brasileiro-03032026\/\"><strong>pre\u00e7o m\u00e9dio do litro da gasolina<\/strong><\/a>&nbsp;e do diesel registrou alta nos postos do pa\u00eds nesta semana. O per\u00edodo foi marcado pelo in\u00edcio dos conflitos entre os Estados Unidos e Ir\u00e3, no Oriente M\u00e9dio, que afetaram o valor do petr\u00f3leo no mundo.<\/p>\n\n\n\n<p>Segundo o levantamento da<a href=\"https:\/\/noticias.r7.com\/jr-24h\/boletim-jr-24h\/video\/preco-do-petroleo-dispara-quase-10-em-tres-dias-com-conflito-no-oriente-medio-02032026\/\"><strong>ANP<\/strong><\/a>&nbsp;(Ag\u00eancia Nacional do Petr\u00f3leo, G\u00e1s Natural e Biocombust\u00edveis), realizado entre os dias 1\u00ba e 6 de mar\u00e7o, e divulgado nesta sexta-feira (6), o diesel S10 subiu seis centavos, de R$ 6,09 para R$ 6,15 o litro, alta de 1%.<\/p>\n\n\n\n<p>J\u00e1 a gasolina ficou dois centavos mais cara, passando de R$ 6,28 para R$ 6,30 o litro. Enquanto o etanol teve queda de dois centavos, de R$ 4,63 a R$ 4,61. Desde janeiro n\u00e3o havia aumento nos postos da gasolina e do diesel.<\/p>\n\n\n\n<h3 class=\"wp-block-heading\">Impacto<\/h3>\n\n\n\n<p>Com a guerra no Oriente M\u00e9dio, a expectativa \u00e9 de impacto nos pre\u00e7os dos combust\u00edveis e, consequentemente, na infla\u00e7\u00e3o. O valor do barril do petr\u00f3leo no mercado global ultrapassou os US$ 90 por barril nesta sexta-feira (6) e atingiu o maior n\u00edvel desde 2023.<\/p>\n\n\n\n<p>Segundo a Abicom (Associa\u00e7\u00e3o Brasileira dos Importadores de Combust\u00edveis), que re\u00fane os importadores, a defasagem do diesel em rela\u00e7\u00e3o ao valor no exterior \u00e9 de 64% e, no caso da gasolina, o pre\u00e7o \u00e9 27% menor.<\/p>\n\n\n\n<p>A Fecombust\u00edveis, que re\u00fane sindicatos patronais que representam cerca de 45 mil postos de combust\u00edveis no pa\u00eds, afirmou ter recebido relatos de que distribuidoras est\u00e3o elevando os pre\u00e7os, por impacto da alta do petr\u00f3leo.<\/p>\n\n\n\n<p>A entidade afirma que o mercado \u00e9 livre e cabe a cada posto determinar se ir\u00e1 ou n\u00e3o repassar eventuais aumentos de custos, conforme a l\u00f3gica da livre concorr\u00eancia e das estrat\u00e9gias competitivas de cada empresa.<\/p>\n\n\n\n<p>O reajuste relatado ocorre apesar de a Petrobras, que responde por cerca de 70% do abastecimento no Brasil, n\u00e3o ter alterado seus pre\u00e7os.<\/p>\n\n\n\n<p>Mas o mercado tamb\u00e9m \u00e9 abastecido por combust\u00edvel importado e algumas refinarias privadas, que est\u00e3o reagindo \u00e0 disparada do petr\u00f3leo, acrescentou a Fecombust\u00edveis.<\/p>\n\n\n\n<p>\u201cPor isso, os pre\u00e7os nacionais s\u00e3o afetados pelos pre\u00e7os praticados no mercado externo\u201d, afirmou a entidade.<\/p>\n\n\n\n<p>Fonte R7 <\/p>\n","protected":false},"excerpt":{"rendered":"<p>Segundo a ANP, o pre\u00e7o m\u00e9dio dos combust\u00edveis subiu de R$ 6,28 para R$ 6,30 e de R$ 6,09 para R$ 6,15, respectivamente O&nbsp;pre\u00e7o m\u00e9dio do litro da gasolina&nbsp;e do diesel registrou alta nos postos do pa\u00eds nesta semana. O per\u00edodo foi marcado pelo in\u00edcio dos conflitos entre os Estados Unidos e Ir\u00e3, no Oriente [&hellip;]<\/p>\n","protected":false},"author":8,"featured_media":30994,"comment_status":"closed","ping_status":"open","sticky":false,"template":"","format":"standard","meta":{"rop_custom_images_group":[],"rop_custom_messages_group":[],"rop_publish_now":"yes","rop_publish_now_accounts":[],"rop_publish_now_history":[],"rop_publish_now_status":"pending","footnotes":""},"categories":[189],"tags":[73],"class_list":["post-30993","post","type-post","status-publish","format-standard","has-post-thumbnail","hentry","category-brasil","tag-featured"],"amp_enabled":true,"_links":{"self":[{"href":"https:\/\/imais.online\/portal\/wp-json\/wp\/v2\/posts\/30993","targetHints":{"allow":["GET"]}}],"collection":[{"href":"https:\/\/imais.online\/portal\/wp-json\/wp\/v2\/posts"}],"about":[{"href":"https:\/\/imais.online\/portal\/wp-json\/wp\/v2\/types\/post"}],"author":[{"embeddable":true,"href":"https:\/\/imais.online\/portal\/wp-json\/wp\/v2\/users\/8"}],"replies":[{"embeddable":true,"href":"https:\/\/imais.online\/portal\/wp-json\/wp\/v2\/comments?post=30993"}],"version-history":[{"count":1,"href":"https:\/\/imais.online\/portal\/wp-json\/wp\/v2\/posts\/30993\/revisions"}],"predecessor-version":[{"id":30995,"href":"https:\/\/imais.online\/portal\/wp-json\/wp\/v2\/posts\/30993\/revisions\/30995"}],"wp:featuredmedia":[{"embeddable":true,"href":"https:\/\/imais.online\/portal\/wp-json\/wp\/v2\/media\/30994"}],"wp:attachment":[{"href":"https:\/\/imais.online\/portal\/wp-json\/wp\/v2\/media?parent=30993"}],"wp:term":[{"taxonomy":"category","embeddable":true,"href":"https:\/\/imais.online\/portal\/wp-json\/wp\/v2\/categories?post=30993"},{"taxonomy":"post_tag","embeddable":true,"href":"https:\/\/imais.online\/portal\/wp-json\/wp\/v2\/tags?post=30993"}],"curies":[{"name":"wp","href":"https:\/\/api.w.org\/{rel}","templated":true}]}}