{"id":30999,"date":"2026-03-06T23:21:43","date_gmt":"2026-03-07T02:21:43","guid":{"rendered":"https:\/\/imais.online\/portal\/?p=30999"},"modified":"2026-03-06T23:21:43","modified_gmt":"2026-03-07T02:21:43","slug":"ciclone-extratropical-e-frente-fria-devem-trazer-chuvas-fortes-e-derrubar-temperaturas","status":"publish","type":"post","link":"https:\/\/imais.online\/portal\/ciclone-extratropical-e-frente-fria-devem-trazer-chuvas-fortes-e-derrubar-temperaturas\/","title":{"rendered":"Ciclone extratropical e frente fria devem trazer chuvas fortes e derrubar temperaturas"},"content":{"rendered":"<div class=\"imais-before-content-placement\" id=\"imais-712073444\"><script async src=\"\/\/pagead2.googlesyndication.com\/pagead\/js\/adsbygoogle.js?client=ca-pub-8787528412751566\" crossorigin=\"anonymous\"><\/script><ins class=\"adsbygoogle\" style=\"display:block;\" data-ad-client=\"ca-pub-8787528412751566\" \ndata-ad-slot=\"\" \ndata-ad-format=\"auto\"><\/ins>\n<script> \n(adsbygoogle = window.adsbygoogle || []).push({}); \n<\/script>\n<\/div>\n<h2 class=\"wp-block-heading\">Logo no in\u00edcio do fim de semana, sistema avan\u00e7a pelo Sul do pa\u00eds e come\u00e7a a provocar aumento da nebulosidade e das precipita\u00e7\u00f5es<\/h2>\n\n\n\n<p><\/p>\n\n\n\n<p>A forma\u00e7\u00e3o de um ciclone extratropical associada ao avan\u00e7o de uma nova frente fria deve provocar mudan\u00e7as no tempo em v\u00e1rias regi\u00f5es do Brasil nos pr\u00f3ximos dias. O sistema, considerado mais intenso que o normal para esta \u00e9poca do ano, tende a aumentar a chuva e reduzir as temperaturas principalmente no&nbsp;<a class=\"\" href=\"https:\/\/globorural.globo.com\/tudo-sobre\/sul\/\">Sul<\/a>&nbsp;e no&nbsp;<a class=\"\" href=\"https:\/\/globorural.globo.com\/tudo-sobre\/sudeste\/\">Sudeste<\/a>, aponta o Instituto Nacional de Meteorologia (<a class=\"\" href=\"https:\/\/globorural.globo.com\/tudo-sobre\/meteorologia\/inmet\/\">Inmet<\/a>).<\/p>\n\n\n\n<p>Logo no in\u00edcio do fim de semana, a frente fria avan\u00e7a pelo Sul do pa\u00eds e come\u00e7a a provocar aumento da nebulosidade e das precipita\u00e7\u00f5es. A tend\u00eancia \u00e9 de que o calor diminua gradualmente nessas regi\u00f5es e que o padr\u00e3o de tempo mais inst\u00e1vel se estenda ao longo da pr\u00f3xima semana.<\/p>\n\n\n\n<h2 class=\"wp-block-heading\">Sul<\/h2>\n\n\n\n<p>A frente fria chega primeiro ao Sul, provocando aumento das nuvens e pancadas de chuva. Em v\u00e1rias \u00e1reas, as precipita\u00e7\u00f5es podem ocorrer com moderada a forte intensidade, acompanhadas de raios e rajadas de vento. Esse ciclone fez com que o Inmet emitisse um alerta para ventos costeiros em todo litoral do Sul, com rajadas que podem passar de 80 km\/h.<\/p>\n\n\n\n<p>A passagem do sistema tamb\u00e9m favorece a entrada de uma massa de ar mais frio, o que deve provocar queda nas temperaturas j\u00e1 neste fim de semana. Com isso, o tempo tende a ficar mais ameno nos tr\u00eas Estados da regi\u00e3o. As m\u00e1ximas n\u00e3o passam de 25\u00baC em todas as capitais.<\/p>\n\n\n\n<h2 class=\"wp-block-heading\">Sudeste<\/h2>\n\n\n\n<p>No Sudeste, a frente fria avan\u00e7a e refor\u00e7a as instabilidades no domingo (8\/3), principalmente em S\u00e3o Paulo, Rio de Janeiro e no centro-sul de Minas Gerais. Nessas \u00e1reas, a previs\u00e3o indica pancadas fortes e risco de volumes elevados de chuva, com acumulados que podem chegar a 100 mm.<\/p>\n\n\n\n<p>H\u00e1 aten\u00e7\u00e3o especial para o litoral paulista, para todo o Rio de Janeiro e para a Zona da Mata mineira, onde os acumulados podem ser mais significativos. O mar tamb\u00e9m deve ficar bastante agitado ao longo da costa.<\/p>\n\n\n\n<p>Al\u00e9m da chuva, a chegada de uma massa de ar frio contribui para a queda das temperaturas no Sul e em S\u00e3o Paulo, mantendo as m\u00e1ximas abaixo de 27 \u00b0C em v\u00e1rias capitais mesmo nos per\u00edodos mais quentes do dia.<\/p>\n\n\n\n<h2 class=\"wp-block-heading\"><a class=\"\" href=\"https:\/\/globorural.globo.com\/tudo-sobre\/centro-oeste\/\">Centro-Oeste<\/a><\/h2>\n\n\n\n<p>Parte da umidade associada \u00e0 frente fria tamb\u00e9m alcan\u00e7a o Centro-Oeste. Embora o ar frio n\u00e3o avance com a mesma intensidade, a atmosfera mais carregada favorece a forma\u00e7\u00e3o de nuvens de chuva.<\/p>\n\n\n\n<p>A previs\u00e3o indica pancadas fortes e risco de temporais em Mato Grosso do Sul, Mato Grosso e no interior de Goi\u00e1s, com possibilidade de raios e rajadas de vento em alguns momentos.<\/p>\n\n\n\n<h2 class=\"wp-block-heading\"><a class=\"\" href=\"https:\/\/globorural.globo.com\/tudo-sobre\/nordeste\/\">Nordeste<\/a><\/h2>\n\n\n\n<p>No Nordeste, as instabilidades tamb\u00e9m continuam presentes em parte da regi\u00e3o, causadas por uma Zona de Converg\u00eancia Intertropical (ZCIT).<\/p>\n\n\n\n<p>Os principais alertas s\u00e3o para o oeste da Bahia, al\u00e9m de Maranh\u00e3o e Piau\u00ed, onde h\u00e1 previs\u00e3o de pancadas de chuva mais intensas. Nas demais \u00e1reas, o tempo segue quente e com chuva mais irregular, t\u00edpica do per\u00edodo.<\/p>\n\n\n\n<h2 class=\"wp-block-heading\"><a class=\"\" href=\"https:\/\/globorural.globo.com\/tudo-sobre\/norte\/\">Norte<\/a><\/h2>\n\n\n\n<p>Na regi\u00e3o Norte, o per\u00edodo atual corresponde ao chamado inverno amaz\u00f4nico, fase mais chuvosa do ano, que normalmente vai de dezembro a maio e concentra grande parte do volume anual de precipita\u00e7\u00f5es.<\/p>\n\n\n\n<p>Nos pr\u00f3ximos dias, a previs\u00e3o indica chuva forte no norte do Par\u00e1, no Amazonas e no Acre. Mesmo com as pancadas frequentes, as temperaturas continuam elevadas e o tempo segue abafado, com m\u00e1ximas que passam de 33\u00baC.<\/p>\n\n\n\n<p>Fonte G 1<\/p>\n","protected":false},"excerpt":{"rendered":"<p>Logo no in\u00edcio do fim de semana, sistema avan\u00e7a pelo Sul do pa\u00eds e come\u00e7a a provocar aumento da nebulosidade e das precipita\u00e7\u00f5es A forma\u00e7\u00e3o de um ciclone extratropical associada ao avan\u00e7o de uma nova frente fria deve provocar mudan\u00e7as no tempo em v\u00e1rias regi\u00f5es do Brasil nos pr\u00f3ximos dias. O sistema, considerado mais intenso [&hellip;]<\/p>\n","protected":false},"author":8,"featured_media":31000,"comment_status":"closed","ping_status":"open","sticky":false,"template":"","format":"standard","meta":{"rop_custom_images_group":[],"rop_custom_messages_group":[],"rop_publish_now":"yes","rop_publish_now_accounts":[],"rop_publish_now_history":[],"rop_publish_now_status":"pending","footnotes":""},"categories":[189],"tags":[73],"class_list":["post-30999","post","type-post","status-publish","format-standard","has-post-thumbnail","hentry","category-brasil","tag-featured"],"amp_enabled":true,"_links":{"self":[{"href":"https:\/\/imais.online\/portal\/wp-json\/wp\/v2\/posts\/30999","targetHints":{"allow":["GET"]}}],"collection":[{"href":"https:\/\/imais.online\/portal\/wp-json\/wp\/v2\/posts"}],"about":[{"href":"https:\/\/imais.online\/portal\/wp-json\/wp\/v2\/types\/post"}],"author":[{"embeddable":true,"href":"https:\/\/imais.online\/portal\/wp-json\/wp\/v2\/users\/8"}],"replies":[{"embeddable":true,"href":"https:\/\/imais.online\/portal\/wp-json\/wp\/v2\/comments?post=30999"}],"version-history":[{"count":1,"href":"https:\/\/imais.online\/portal\/wp-json\/wp\/v2\/posts\/30999\/revisions"}],"predecessor-version":[{"id":31001,"href":"https:\/\/imais.online\/portal\/wp-json\/wp\/v2\/posts\/30999\/revisions\/31001"}],"wp:featuredmedia":[{"embeddable":true,"href":"https:\/\/imais.online\/portal\/wp-json\/wp\/v2\/media\/31000"}],"wp:attachment":[{"href":"https:\/\/imais.online\/portal\/wp-json\/wp\/v2\/media?parent=30999"}],"wp:term":[{"taxonomy":"category","embeddable":true,"href":"https:\/\/imais.online\/portal\/wp-json\/wp\/v2\/categories?post=30999"},{"taxonomy":"post_tag","embeddable":true,"href":"https:\/\/imais.online\/portal\/wp-json\/wp\/v2\/tags?post=30999"}],"curies":[{"name":"wp","href":"https:\/\/api.w.org\/{rel}","templated":true}]}}