{"id":31002,"date":"2026-03-08T14:50:03","date_gmt":"2026-03-08T17:50:03","guid":{"rendered":"https:\/\/imais.online\/portal\/?p=31002"},"modified":"2026-03-08T14:50:04","modified_gmt":"2026-03-08T17:50:04","slug":"tchau-calorao-massa-de-ar-frio-se-estabelece-e-brasil-tera-dias-frescos-com-minimas-de-10c","status":"publish","type":"post","link":"https:\/\/imais.online\/portal\/tchau-calorao-massa-de-ar-frio-se-estabelece-e-brasil-tera-dias-frescos-com-minimas-de-10c\/","title":{"rendered":"Tchau, calor\u00e3o! Massa de ar frio se estabelece e Brasil ter\u00e1 dias \u2018frescos\u2019 com m\u00ednimas de 10\u00b0C"},"content":{"rendered":"<div class=\"imais-before-content-placement\" id=\"imais-1648222694\"><script async src=\"\/\/pagead2.googlesyndication.com\/pagead\/js\/adsbygoogle.js?client=ca-pub-8787528412751566\" crossorigin=\"anonymous\"><\/script><ins class=\"adsbygoogle\" style=\"display:block;\" data-ad-client=\"ca-pub-8787528412751566\" \ndata-ad-slot=\"\" \ndata-ad-format=\"auto\"><\/ins>\n<script> \n(adsbygoogle = window.adsbygoogle || []).push({}); \n<\/script>\n<\/div>\n<p>O sistema deve atuar sobre o pa\u00eds at\u00e9 quarta-feira (11), com m\u00e1ximas entre 18\u00b0C e 21\u00b0C<\/p>\n\n\n\n<p>\u00c0s v\u00e9speras do outono, os brasileiros j\u00e1 come\u00e7am a sentir um \u201cgostinho\u201d da esta\u00e7\u00e3o de transi\u00e7\u00e3o.<\/p>\n\n\n\n<p>Neste fim de semana, o primeiro frio da temporada come\u00e7a a ser sentido no Brasil com a chegada de uma massa de ar frio que se instaurou sobre o pa\u00eds neste domingo (8). O sistema veio&nbsp;<a href=\"https:\/\/ndmais.com.br\/tempo\/frente-fria-associada-a-ciclone-antecipa-virada-no-tempo-com-minimas-de-10c-no-brasil\/\">na retaguarda de uma frente fria associada a um ciclone extratropical<\/a>&nbsp;formado ainda na sexta-feira (6).<\/p>\n\n\n\n<p>Esses sistemas&nbsp;<a href=\"https:\/\/ndmais.com.br\/tempo\/frente-fria-com-forca-acima-do-normal-ja-tem-data-marcada\/\">provocaram chuvas irregulares e tempestades<\/a>&nbsp;nas regi\u00f5es Sul, Sudeste e Centro-Oeste nos \u00faltimos dias.<\/p>\n\n\n\n<p>O calor intenso registrado em diversas cidades ao longo da semana, causado por uma&nbsp;<a href=\"https:\/\/ndmais.com.br\/tempo\/os-7-estados-afetados-por-bolha-de-calor-com-maximas-de-40c\/\">bolha de ar quente<\/a>&nbsp;que atuava sobre o Brasil, tende a perder for\u00e7a com a chegada da massa de ar frio, que derruba as temperaturas e pode levar as m\u00ednimas a cerca de 10\u00b0C em diversas cidades.<\/p>\n\n\n\n<p>As serras Ga\u00facha e Catarinense devem ser as primeiras a registrar as temperaturas mais baixas.<\/p>\n\n\n\n<p>Em grande parte do Rio Grande do Sul,&nbsp;<a href=\"https:\/\/ndmais.com.br\/tempo\/calor-de-ate-35c-e-temporais-isolados-devem-marcar-o-fim-de-semana-em-sc\/\">Santa Catarina<\/a>&nbsp;e Centro-Leste do Paran\u00e1, o amanhecer deve ocorrer com marcas pr\u00f3ximas de 15\u00b0C,&nbsp;<a href=\"https:\/\/www.tempo.com\/noticias\/previsao\/ar-frio-vai-afetar-o-brasil-entre-este-sabado-e-a-quarta-feira-confira-as-areas-afetadas.html\" target=\"_blank\" rel=\"noreferrer noopener\">segundo o Meteored<\/a>. Durante a tarde, por\u00e9m, a sensa\u00e7\u00e3o de frio deve ficar restrita \u00e0s \u00e1reas mais altas do leste do Rio Grande do Sul, de Santa Catarina e do Paran\u00e1.<\/p>\n\n\n\n<p>Nas demais regi\u00f5es, as temperaturas voltam a subir ao longo do dia. Esse cen\u00e1rio muda na segunda-feira (9), quando a massa de ar frio ganha for\u00e7a e passa a abranger uma \u00e1rea maior entre o Sul, parte do Sudeste e o Centro-Oeste, principalmente durante o amanhecer.<\/p>\n\n\n\n<p>Com isso, os brasileiros podem esperar dias mais \u201cfrescos\u201d nos pr\u00f3ximos per\u00edodos, \u00e0 medida que a bolha de calor se dissipa. De acordo com o Meteored, as temperaturas m\u00e1ximas devem ficar abaixo da m\u00e9dia em uma ampla \u00e1rea do pa\u00eds, tanto pela atua\u00e7\u00e3o da massa de ar frio quanto pela presen\u00e7a de chuva.<\/p>\n\n\n\n<p>Ainda na segunda-feira, valores at\u00e9 8\u00b0C abaixo da m\u00e9dia podem ser registrados nas serras Ga\u00facha e Catarinense. Nessas regi\u00f5es,&nbsp;<a href=\"https:\/\/ndmais.com.br\/tempo\/conheca-o-curioso-efeito-cebola-que-faz-sc-ter-duas-estacoes-no-mesmo-dia\/\">a amplitude t\u00e9rmica<\/a>&nbsp;\u2014 diferen\u00e7a entre as temperaturas m\u00ednima e m\u00e1xima \u2014 ser\u00e1 pequena, e os term\u00f4metros n\u00e3o devem ultrapassar os 14\u00b0C. O frio continua na ter\u00e7a-feira (10).<\/p>\n\n\n\n<p>Embora as menores m\u00ednimas sigam entre 10\u00b0C e 12\u00b0C nas \u00e1reas mais elevadas, essas marcas tamb\u00e9m devem alcan\u00e7ar a faixa Leste do Sudeste. Em uma \u00e1rea ampla que vai do norte do Rio Grande do Sul a Santa Catarina, Paran\u00e1 e ao leste de S\u00e3o Paulo e do Rio de Janeiro, as m\u00e1ximas devem variar entre 18\u00b0C e 21\u00b0C.<\/p>\n\n\n\n<p>O sistema deve continuar atuando at\u00e9 quarta-feira (11). Na quinta-feira (12), o frio tende a ficar mais restrito \u00e0s \u00e1reas mais altas da faixa leste entre o Sul e o Sudeste.<\/p>\n\n\n\n<p>Fonte NDmais<\/p>\n","protected":false},"excerpt":{"rendered":"<p>O sistema deve atuar sobre o pa\u00eds at\u00e9 quarta-feira (11), com m\u00e1ximas entre 18\u00b0C e 21\u00b0C \u00c0s v\u00e9speras do outono, os brasileiros j\u00e1 come\u00e7am a sentir um \u201cgostinho\u201d da esta\u00e7\u00e3o de transi\u00e7\u00e3o. Neste fim de semana, o primeiro frio da temporada come\u00e7a a ser sentido no Brasil com a chegada de uma massa de ar [&hellip;]<\/p>\n","protected":false},"author":8,"featured_media":31003,"comment_status":"closed","ping_status":"open","sticky":false,"template":"","format":"standard","meta":{"rop_custom_images_group":[],"rop_custom_messages_group":[],"rop_publish_now":"yes","rop_publish_now_accounts":[],"rop_publish_now_history":[],"rop_publish_now_status":"pending","footnotes":""},"categories":[189],"tags":[],"class_list":["post-31002","post","type-post","status-publish","format-standard","has-post-thumbnail","hentry","category-brasil"],"amp_enabled":true,"_links":{"self":[{"href":"https:\/\/imais.online\/portal\/wp-json\/wp\/v2\/posts\/31002","targetHints":{"allow":["GET"]}}],"collection":[{"href":"https:\/\/imais.online\/portal\/wp-json\/wp\/v2\/posts"}],"about":[{"href":"https:\/\/imais.online\/portal\/wp-json\/wp\/v2\/types\/post"}],"author":[{"embeddable":true,"href":"https:\/\/imais.online\/portal\/wp-json\/wp\/v2\/users\/8"}],"replies":[{"embeddable":true,"href":"https:\/\/imais.online\/portal\/wp-json\/wp\/v2\/comments?post=31002"}],"version-history":[{"count":1,"href":"https:\/\/imais.online\/portal\/wp-json\/wp\/v2\/posts\/31002\/revisions"}],"predecessor-version":[{"id":31004,"href":"https:\/\/imais.online\/portal\/wp-json\/wp\/v2\/posts\/31002\/revisions\/31004"}],"wp:featuredmedia":[{"embeddable":true,"href":"https:\/\/imais.online\/portal\/wp-json\/wp\/v2\/media\/31003"}],"wp:attachment":[{"href":"https:\/\/imais.online\/portal\/wp-json\/wp\/v2\/media?parent=31002"}],"wp:term":[{"taxonomy":"category","embeddable":true,"href":"https:\/\/imais.online\/portal\/wp-json\/wp\/v2\/categories?post=31002"},{"taxonomy":"post_tag","embeddable":true,"href":"https:\/\/imais.online\/portal\/wp-json\/wp\/v2\/tags?post=31002"}],"curies":[{"name":"wp","href":"https:\/\/api.w.org\/{rel}","templated":true}]}}