{"id":31005,"date":"2026-03-08T14:56:58","date_gmt":"2026-03-08T17:56:58","guid":{"rendered":"https:\/\/imais.online\/portal\/?p=31005"},"modified":"2026-03-08T14:56:59","modified_gmt":"2026-03-08T17:56:59","slug":"geracao-x-a-geracao-que-sustenta-pais-filhos-netos-e-empresas","status":"publish","type":"post","link":"https:\/\/imais.online\/portal\/geracao-x-a-geracao-que-sustenta-pais-filhos-netos-e-empresas\/","title":{"rendered":"Gera\u00e7\u00e3o X: a gera\u00e7\u00e3o que sustenta pais, filhos, netos e empresas"},"content":{"rendered":"<div class=\"imais-before-content-placement\" id=\"imais-1617175380\"><script async src=\"\/\/pagead2.googlesyndication.com\/pagead\/js\/adsbygoogle.js?client=ca-pub-8787528412751566\" crossorigin=\"anonymous\"><\/script><ins class=\"adsbygoogle\" style=\"display:block;\" data-ad-client=\"ca-pub-8787528412751566\" \ndata-ad-slot=\"\" \ndata-ad-format=\"auto\"><\/ins>\n<script> \n(adsbygoogle = window.adsbygoogle || []).push({}); \n<\/script>\n<\/div>\n<h2 class=\"wp-block-heading\">Entre pais idosos, filhos adultos e conflitos no trabalho, os nascidos entre 1965 e 1980 carregam o peso de sete gera\u00e7\u00f5es<\/h2>\n\n\n\n<p><\/p>\n\n\n\n<p>Nunca tantas gera\u00e7\u00f5es conviveram ao mesmo tempo, e cada uma delas foi moldada por contextos hist\u00f3ricos muito diferentes. Esta \u00e9 possivelmente a primeira vez que sete gera\u00e7\u00f5es coexistem simultaneamente de forma identific\u00e1vel e socialmente ativa.<\/p>\n\n\n\n<ol class=\"wp-block-list\">\n<li>Gera\u00e7\u00e3o silenciosa (nascidos entre 1928 e 1945)<\/li>\n\n\n\n<li>Baby boomers (1946\u20131964)<\/li>\n\n\n\n<li>Gera\u00e7\u00e3o X (1965\u20131980)<\/li>\n\n\n\n<li>Gera\u00e7\u00e3o Y ou millennials (1981\u20131996)<\/li>\n\n\n\n<li>Gera\u00e7\u00e3o Z ou zoomers (1997\u20132012)<\/li>\n\n\n\n<li>Gera\u00e7\u00e3o Alfa (2013\u20132024)<\/li>\n\n\n\n<li>Gera\u00e7\u00e3o Beta (a partir de 2025)<\/li>\n<\/ol>\n\n\n\n<p>A partir dos millennials surge uma ruptura cultural clara entre gera\u00e7\u00f5es que antes conviviam com bem menos diferen\u00e7as. Atualmente, muito se fala sobre a gera\u00e7\u00e3o Z e suas fragilidades emocionais e dificuldades no mercado de trabalho. Por\u00e9m, quem est\u00e1 no olho do furac\u00e3o \u00e9 a gera\u00e7\u00e3o X, cercada de responsabilidades por todos os lados.<\/p>\n\n\n\n<p>\u00c9 a gera\u00e7\u00e3o que est\u00e1 atualmente \u00e0 frente das empresas, administrando conflitos entre gera\u00e7\u00f5es totalmente diferentes: a sua, os millennials e os zoomers.<\/p>\n\n\n\n<p>Com os millennials, o conv\u00edvio costuma ser relativamente tranquilo, mas o desafio surge em rela\u00e7\u00e3o aos zoomers, que tendem a questionar hierarquia, hor\u00e1rios e prazos \u2013 aspectos extremamente importantes para os X \u2013 ao mesmo tempo em que esperam valida\u00e7\u00e3o e reconhecimento constantes, mesmo com baixa produtividade e pouco resultado pr\u00e1tico.<\/p>\n\n\n\n<h3 class=\"wp-block-heading\">Conflitos que chegam aos tribunais<\/h3>\n\n\n\n<p>Esse choque geracional no trabalho j\u00e1 chegou \u00e0 Justi\u00e7a, com causas trabalhistas que, para qualquer pessoa da gera\u00e7\u00e3o X, seriam inimagin\u00e1veis anos atr\u00e1s.<\/p>\n\n\n\n<p>Em decis\u00f5es da Justi\u00e7a do Trabalho em S\u00e3o Paulo, tribunais j\u00e1 confirmaram puni\u00e7\u00f5es a funcion\u00e1rios que entraram com a\u00e7\u00f5es por terem sido demitidos ou advertidos por usarem o celular durante o expediente, entendendo que a restri\u00e7\u00e3o \u00e9 regra leg\u00edtima de produtividade.<\/p>\n\n\n\n<p>Por\u00e9m, a 4\u00aa Vara do Trabalho de Jo\u00e3o Pessoa (PB) condenou uma empresa a indenizar em R$ 30 mil um trabalhador que alegou ter se machucado ao cair da cadeira enquanto trabalhava em casa.<\/p>\n\n\n\n<p>Casos assim, al\u00e9m de ilustrar o tipo de conflito que muitos gestores passaram a enfrentar, tamb\u00e9m d\u00e3o uma dimens\u00e3o das press\u00f5es enfrentadas por empresas que precisam arcar com custos de a\u00e7\u00f5es trabalhistas, muitas vezes movidas por pessoas que se consideram v\u00edtimas de tudo e de todos (e que, \u00e0s vezes, contam com a Justi\u00e7a para refor\u00e7ar a ideia).<\/p>\n\n\n\n<h3 class=\"wp-block-heading\">O xis da quest\u00e3o em uma engrenagem familiar complexa<\/h3>\n\n\n\n<p>Como vimos, a gera\u00e7\u00e3o X \u00e9 o motor que mant\u00e9m uma estrutura familiar complexa em funcionamento. Via de regra, essa gera\u00e7\u00e3o n\u00e3o recebeu ajuda dos pais que, por sua vez, n\u00e3o tiveram que sustentar seus av\u00f3s. Hoje, por\u00e9m, os X s\u00e3o respons\u00e1veis tanto pelos pais idosos \u2013 com suas aposentadorias insuficientes \u2013 quanto pelos filhos e netos, que tamb\u00e9m dependem de ajuda financeira.<\/p>\n\n\n\n<p>No Brasil, segundo o Instituto Brasileiro de Geografia e Estat\u00edstica (IBGE), um em cada tr\u00eas jovens da gera\u00e7\u00e3o Z ainda mora com os pais, sendo que 15% dos jovens entre 18 e 24 anos estavam desempregados. Al\u00e9m disso, o n\u00famero de adultos de 25 a 34 anos vivendo na casa dos pais cresceu 137% entre 2012 e 2022, recebendo o nome de \u201cgera\u00e7\u00e3o canguru\u201d.<\/p>\n\n\n\n<p>Diante disso, conv\u00e9m recorrermos \u00e0 antiga anedota de \u201ccuidar da vaca\u201d. Uma vez que \u00e9 ela quem fornece o leite que sustenta a todos, gastar todos os seus recursos de maneira que ela fique sem pasto suficiente e sem os cuidados necess\u00e1rios, cedo ou tarde comprometer\u00e1 sua produ\u00e7\u00e3o, deixando todos os demais \u00e0 m\u00edngua.<\/p>\n\n\n\n<p>Fonte R7 <\/p>\n","protected":false},"excerpt":{"rendered":"<p>Entre pais idosos, filhos adultos e conflitos no trabalho, os nascidos entre 1965 e 1980 carregam o peso de sete gera\u00e7\u00f5es Nunca tantas gera\u00e7\u00f5es conviveram ao mesmo tempo, e cada uma delas foi moldada por contextos hist\u00f3ricos muito diferentes. Esta \u00e9 possivelmente a primeira vez que sete gera\u00e7\u00f5es coexistem simultaneamente de forma identific\u00e1vel e socialmente [&hellip;]<\/p>\n","protected":false},"author":8,"featured_media":31006,"comment_status":"closed","ping_status":"open","sticky":false,"template":"","format":"standard","meta":{"rop_custom_images_group":[],"rop_custom_messages_group":[],"rop_publish_now":"yes","rop_publish_now_accounts":[],"rop_publish_now_history":[],"rop_publish_now_status":"pending","footnotes":""},"categories":[1],"tags":[73],"class_list":["post-31005","post","type-post","status-publish","format-standard","has-post-thumbnail","hentry","category-sem-categoria","tag-featured"],"amp_enabled":true,"_links":{"self":[{"href":"https:\/\/imais.online\/portal\/wp-json\/wp\/v2\/posts\/31005","targetHints":{"allow":["GET"]}}],"collection":[{"href":"https:\/\/imais.online\/portal\/wp-json\/wp\/v2\/posts"}],"about":[{"href":"https:\/\/imais.online\/portal\/wp-json\/wp\/v2\/types\/post"}],"author":[{"embeddable":true,"href":"https:\/\/imais.online\/portal\/wp-json\/wp\/v2\/users\/8"}],"replies":[{"embeddable":true,"href":"https:\/\/imais.online\/portal\/wp-json\/wp\/v2\/comments?post=31005"}],"version-history":[{"count":1,"href":"https:\/\/imais.online\/portal\/wp-json\/wp\/v2\/posts\/31005\/revisions"}],"predecessor-version":[{"id":31007,"href":"https:\/\/imais.online\/portal\/wp-json\/wp\/v2\/posts\/31005\/revisions\/31007"}],"wp:featuredmedia":[{"embeddable":true,"href":"https:\/\/imais.online\/portal\/wp-json\/wp\/v2\/media\/31006"}],"wp:attachment":[{"href":"https:\/\/imais.online\/portal\/wp-json\/wp\/v2\/media?parent=31005"}],"wp:term":[{"taxonomy":"category","embeddable":true,"href":"https:\/\/imais.online\/portal\/wp-json\/wp\/v2\/categories?post=31005"},{"taxonomy":"post_tag","embeddable":true,"href":"https:\/\/imais.online\/portal\/wp-json\/wp\/v2\/tags?post=31005"}],"curies":[{"name":"wp","href":"https:\/\/api.w.org\/{rel}","templated":true}]}}