{"id":31008,"date":"2026-03-08T15:15:34","date_gmt":"2026-03-08T18:15:34","guid":{"rendered":"https:\/\/imais.online\/portal\/?p=31008"},"modified":"2026-03-08T15:15:35","modified_gmt":"2026-03-08T18:15:35","slug":"pf-e-receita-interceptam-carga-de-cafe-com-570-kg-de-cocaina-em-viracopos-com-destino-a-belgica","status":"publish","type":"post","link":"https:\/\/imais.online\/portal\/pf-e-receita-interceptam-carga-de-cafe-com-570-kg-de-cocaina-em-viracopos-com-destino-a-belgica\/","title":{"rendered":"PF e Receita interceptam carga de caf\u00e9 com 570 kg de coca\u00edna em Viracopos com destino \u00e0 B\u00e9lgica"},"content":{"rendered":"<div class=\"imais-before-content-placement\" id=\"imais-3189722045\"><script async src=\"\/\/pagead2.googlesyndication.com\/pagead\/js\/adsbygoogle.js?client=ca-pub-8787528412751566\" crossorigin=\"anonymous\"><\/script><ins class=\"adsbygoogle\" style=\"display:block;\" data-ad-client=\"ca-pub-8787528412751566\" \ndata-ad-slot=\"\" \ndata-ad-format=\"auto\"><\/ins>\n<script> \n(adsbygoogle = window.adsbygoogle || []).push({}); \n<\/script>\n<\/div>\n<h2 class=\"wp-block-heading\">Localiza\u00e7\u00e3o do entorpecente ocorreu durante as inspe\u00e7\u00f5es de rotina em cargas destinadas ao com\u00e9rcio exterior no terminal de Campinas. Passa de 1 tonelada o total de coca\u00edna apreendida na \u00e1rea de cargas de Viracopos em 2026.<\/h2>\n\n\n\n<p><\/p>\n\n\n\n<p>Uma a\u00e7\u00e3o conjunta da Pol\u00edcia Federal (PF) e da Receita Federal no Aeroporto de Viracopos, em&nbsp;<a class=\"\" href=\"https:\/\/g1.globo.com\/sp\/campinas-regiao\/cidade\/campinas\/\">Campinas<\/a>&nbsp;(SP), apreendeu 570 kg de coca\u00edna que estavam escondidas em uma carga de caf\u00e9 que tinha como destino a B\u00e9lgica.<\/p>\n\n\n\n<p>A apreens\u00e3o ocorreu na sexta-feira (6), e foi divulgada neste s\u00e1bado (7). Segundo a PF, a localiza\u00e7\u00e3o do entorpecente ocorreu durante as inspe\u00e7\u00f5es de rotina em cargas destinadas ao com\u00e9rcio exterior.<\/p>\n\n\n\n<p>Em janeiro,&nbsp;<a class=\"\" href=\"https:\/\/g1.globo.com\/sp\/campinas-regiao\/noticia\/2026\/01\/10\/pf-e-receita-descobrem-470-kg-de-cocaina-escondidos-em-carga-de-frutas-no-aeroporto-de-viracopos.ghtml\">470 kg de coca\u00edna foram localizados em uma carga de frutas que seria exportada para a Alemanha<\/a>. Com isso, j\u00e1 passou de 1 tonelada o total do entorpecente apreendido em 2026 no terminal de cargas em Campinas.<\/p>\n\n\n\n<p>Ningu\u00e9m foi preso na apreens\u00e3o de sexta. Segundo a PF, as investiga\u00e7\u00f5es prosseguem para identificar os respons\u00e1veis pela tentativa de tr\u00e1fico internacional de drogas.<\/p>\n\n\n\n<figure class=\"wp-block-image\"><img decoding=\"async\" src=\"https:\/\/s2-g1.glbimg.com\/5p24IxF45RGP3V7-FDAPrGsmaHw=\/0x0:1200x800\/984x0\/smart\/filters:strip_icc()\/i.s3.glbimg.com\/v1\/AUTH_59edd422c0c84a879bd37670ae4f538a\/internal_photos\/bs\/2026\/l\/I\/VU9PSpT7K3FnAHGznlmg\/design-sem-nome-2026-03-07t132314.711.jpg\" alt=\"PF e Receita Federal apreenderam 570 kg de coca\u00edna escondidos em uma carga de caf\u00e9 que seria exportado de Viracopos, em Campinas (SP), para a B\u00e9lgica \u2014 Foto: Pol\u00edcia Federal\"\/><\/figure>\n\n\n\n<p class=\"has-small-font-size\">PF e Receita Federal apreenderam 570 kg de coca\u00edna escondidos em uma carga de caf\u00e9 que seria exportado de Viracopos, em Campinas (SP), para a B\u00e9lgica \u2014 Foto: Pol\u00edcia Federal<\/p>\n\n\n\n<p>Fonte G1<\/p>\n","protected":false},"excerpt":{"rendered":"<p>Localiza\u00e7\u00e3o do entorpecente ocorreu durante as inspe\u00e7\u00f5es de rotina em cargas destinadas ao com\u00e9rcio exterior no terminal de Campinas. Passa de 1 tonelada o total de coca\u00edna apreendida na \u00e1rea de cargas de Viracopos em 2026. Uma a\u00e7\u00e3o conjunta da Pol\u00edcia Federal (PF) e da Receita Federal no Aeroporto de Viracopos, em&nbsp;Campinas&nbsp;(SP), apreendeu 570 kg [&hellip;]<\/p>\n","protected":false},"author":8,"featured_media":31009,"comment_status":"closed","ping_status":"open","sticky":false,"template":"","format":"standard","meta":{"rop_custom_images_group":[],"rop_custom_messages_group":[],"rop_publish_now":"yes","rop_publish_now_accounts":[],"rop_publish_now_history":[],"rop_publish_now_status":"pending","footnotes":""},"categories":[230],"tags":[],"class_list":["post-31008","post","type-post","status-publish","format-standard","has-post-thumbnail","hentry","category-interior"],"amp_enabled":true,"_links":{"self":[{"href":"https:\/\/imais.online\/portal\/wp-json\/wp\/v2\/posts\/31008","targetHints":{"allow":["GET"]}}],"collection":[{"href":"https:\/\/imais.online\/portal\/wp-json\/wp\/v2\/posts"}],"about":[{"href":"https:\/\/imais.online\/portal\/wp-json\/wp\/v2\/types\/post"}],"author":[{"embeddable":true,"href":"https:\/\/imais.online\/portal\/wp-json\/wp\/v2\/users\/8"}],"replies":[{"embeddable":true,"href":"https:\/\/imais.online\/portal\/wp-json\/wp\/v2\/comments?post=31008"}],"version-history":[{"count":1,"href":"https:\/\/imais.online\/portal\/wp-json\/wp\/v2\/posts\/31008\/revisions"}],"predecessor-version":[{"id":31010,"href":"https:\/\/imais.online\/portal\/wp-json\/wp\/v2\/posts\/31008\/revisions\/31010"}],"wp:featuredmedia":[{"embeddable":true,"href":"https:\/\/imais.online\/portal\/wp-json\/wp\/v2\/media\/31009"}],"wp:attachment":[{"href":"https:\/\/imais.online\/portal\/wp-json\/wp\/v2\/media?parent=31008"}],"wp:term":[{"taxonomy":"category","embeddable":true,"href":"https:\/\/imais.online\/portal\/wp-json\/wp\/v2\/categories?post=31008"},{"taxonomy":"post_tag","embeddable":true,"href":"https:\/\/imais.online\/portal\/wp-json\/wp\/v2\/tags?post=31008"}],"curies":[{"name":"wp","href":"https:\/\/api.w.org\/{rel}","templated":true}]}}