{"id":31014,"date":"2026-03-08T15:26:34","date_gmt":"2026-03-08T18:26:34","guid":{"rendered":"https:\/\/imais.online\/portal\/?p=31014"},"modified":"2026-03-08T15:26:35","modified_gmt":"2026-03-08T18:26:35","slug":"maior-companhia-de-opera-dos-eua-se-pronuncia-apos-comentario-polemico-de-timothee-chalamet","status":"publish","type":"post","link":"https:\/\/imais.online\/portal\/maior-companhia-de-opera-dos-eua-se-pronuncia-apos-comentario-polemico-de-timothee-chalamet\/","title":{"rendered":"Maior companhia de \u00f3pera dos EUA se pronuncia ap\u00f3s coment\u00e1rio pol\u00eamico de Timoth\u00e9e Chalamet"},"content":{"rendered":"<div class=\"imais-before-content-placement\" id=\"imais-2777086971\"><script async src=\"\/\/pagead2.googlesyndication.com\/pagead\/js\/adsbygoogle.js?client=ca-pub-8787528412751566\" crossorigin=\"anonymous\"><\/script><ins class=\"adsbygoogle\" style=\"display:block;\" data-ad-client=\"ca-pub-8787528412751566\" \ndata-ad-slot=\"\" \ndata-ad-format=\"auto\"><\/ins>\n<script> \n(adsbygoogle = window.adsbygoogle || []).push({}); \n<\/script>\n<\/div>\n<h2 class=\"wp-block-heading\">Em conversa com Matthew McConaughey, o indicado ao Oscar de Melhor Ator afirmou que n\u00e3o deseja trabalhar com \u00f3pera ou bal\u00e9, &#8220;que ningu\u00e9m liga&#8221;<\/h2>\n\n\n\n<p><\/p>\n\n\n\n<p>O Metropolitan Opera, maior companhia de \u00f3pera dos Estados Unidos, se pronunciou sobre a declara\u00e7\u00e3o pol\u00eamica de Timoth\u00e9e Chalamet sobre \u00f3peras e apresenta\u00e7\u00f5es de bal\u00e9. Durante um evento que revisitou os principais trabalhos de sua carreira, o ator declarou que n\u00e3o deseja atuar em projetos que mantenham um movimento art\u00edstico vivo, mesmo que &#8220;ningu\u00e9m ligue mais para isso&#8221;.<\/p>\n\n\n\n<p>O pol\u00eamico discurso aconteceu durante uma conversa com Matthew McConaughey, com quem Chalamet contracenou no elogiado \u201cInterestellar\u201d (2014). Na ocasi\u00e3o, o indicado ao Oscar 2026 de Melhor Ator por &#8220;Marty Supreme\u201d comentou sobre se sentir dividido entre assumir o discurso de que o p\u00fablico deveria ir mais aos cinemas e entender que uma parcela da popula\u00e7\u00e3o tem buscado entretenimento de outras formas.<\/p>\n\n\n\n<p>&#8220;Eu fico bem no meio-termo. Admiro, e j\u00e1 fiz isso tamb\u00e9m, quando algu\u00e9m vai a um programa de TV e diz: \u2018Precisamos manter as salas de cinema vivas. Precisamos manter esse g\u00eanero vivo\u2019. Mas outra parte de mim pensa que, se as pessoas quiserem ver algo como \u2018Barbie\u2019 ou \u2018Oppenheimer\u2019, elas v\u00e3o assistir e ainda v\u00e3o fazer quest\u00e3o de demonstrar isso com orgulho&#8221;, afirmou.<\/p>\n\n\n\n<p>Em seguida, Timoth\u00e9e disse:&nbsp;&#8220;Eu n\u00e3o quero trabalhar em bal\u00e9s, ou \u00f3peras, ou coisas das quais as pessoas dizem: &#8216;Deixem essa coisa viver&#8217;, enquanto ningu\u00e9m liga mais para isso&#8221;.<\/p>\n\n\n\n<p>&#8220;Todo o respeito para as pessoas do bal\u00e9 e da \u00f3pera pelo mundo. Acabei de perder 12 centavos de visualiza\u00e7\u00f5es&#8221;, alfinetou. &#8220;Acabei de arrumar um motivo para ser &#8216;cancelado&#8217; sem motivo&#8221;.<\/p>\n\n\n\n<p>A fala do ator viralizou e gerou cr\u00edticas nas redes sociais a poucos dias da cerim\u00f4nia do Oscar. Ap\u00f3s a repercuss\u00e3o, o Metropolitan Opera, localizado em Nova York, compartilhou um v\u00eddeo que mostra os bastidores e o trabalho das equipes e artistas para realizar cada espet\u00e1culo e incluiu um trecho da declara\u00e7\u00e3o de Timoth\u00e9e. \u201cEssa \u00e9 para voc\u00ea, Timoth\u00e9e Chalamet&#8221;, escreveram na legenda.<\/p>\n\n\n\n<p>Fonte Glamour <\/p>\n","protected":false},"excerpt":{"rendered":"<p>Em conversa com Matthew McConaughey, o indicado ao Oscar de Melhor Ator afirmou que n\u00e3o deseja trabalhar com \u00f3pera ou bal\u00e9, &#8220;que ningu\u00e9m liga&#8221; O Metropolitan Opera, maior companhia de \u00f3pera dos Estados Unidos, se pronunciou sobre a declara\u00e7\u00e3o pol\u00eamica de Timoth\u00e9e Chalamet sobre \u00f3peras e apresenta\u00e7\u00f5es de bal\u00e9. Durante um evento que revisitou os [&hellip;]<\/p>\n","protected":false},"author":8,"featured_media":31015,"comment_status":"closed","ping_status":"open","sticky":false,"template":"","format":"standard","meta":{"rop_custom_images_group":[],"rop_custom_messages_group":[],"rop_publish_now":"yes","rop_publish_now_accounts":[],"rop_publish_now_history":[],"rop_publish_now_status":"pending","footnotes":""},"categories":[16],"tags":[],"class_list":["post-31014","post","type-post","status-publish","format-standard","has-post-thumbnail","hentry","category-entertainment"],"amp_enabled":true,"_links":{"self":[{"href":"https:\/\/imais.online\/portal\/wp-json\/wp\/v2\/posts\/31014","targetHints":{"allow":["GET"]}}],"collection":[{"href":"https:\/\/imais.online\/portal\/wp-json\/wp\/v2\/posts"}],"about":[{"href":"https:\/\/imais.online\/portal\/wp-json\/wp\/v2\/types\/post"}],"author":[{"embeddable":true,"href":"https:\/\/imais.online\/portal\/wp-json\/wp\/v2\/users\/8"}],"replies":[{"embeddable":true,"href":"https:\/\/imais.online\/portal\/wp-json\/wp\/v2\/comments?post=31014"}],"version-history":[{"count":1,"href":"https:\/\/imais.online\/portal\/wp-json\/wp\/v2\/posts\/31014\/revisions"}],"predecessor-version":[{"id":31016,"href":"https:\/\/imais.online\/portal\/wp-json\/wp\/v2\/posts\/31014\/revisions\/31016"}],"wp:featuredmedia":[{"embeddable":true,"href":"https:\/\/imais.online\/portal\/wp-json\/wp\/v2\/media\/31015"}],"wp:attachment":[{"href":"https:\/\/imais.online\/portal\/wp-json\/wp\/v2\/media?parent=31014"}],"wp:term":[{"taxonomy":"category","embeddable":true,"href":"https:\/\/imais.online\/portal\/wp-json\/wp\/v2\/categories?post=31014"},{"taxonomy":"post_tag","embeddable":true,"href":"https:\/\/imais.online\/portal\/wp-json\/wp\/v2\/tags?post=31014"}],"curies":[{"name":"wp","href":"https:\/\/api.w.org\/{rel}","templated":true}]}}