{"id":31017,"date":"2026-03-09T14:00:00","date_gmt":"2026-03-09T17:00:00","guid":{"rendered":"https:\/\/imais.online\/portal\/?p=31017"},"modified":"2026-03-08T17:04:56","modified_gmt":"2026-03-08T20:04:56","slug":"outono-chegando-nao-se-esqueca-de-podar-essas-8-plantas-em-marco","status":"publish","type":"post","link":"https:\/\/imais.online\/portal\/outono-chegando-nao-se-esqueca-de-podar-essas-8-plantas-em-marco\/","title":{"rendered":"Outono chegando? N\u00e3o se esque\u00e7a de podar essas 8 plantas em mar\u00e7o"},"content":{"rendered":"<div class=\"imais-before-content-placement\" id=\"imais-1546528227\"><script async src=\"\/\/pagead2.googlesyndication.com\/pagead\/js\/adsbygoogle.js?client=ca-pub-8787528412751566\" crossorigin=\"anonymous\"><\/script><ins class=\"adsbygoogle\" style=\"display:block;\" data-ad-client=\"ca-pub-8787528412751566\" \ndata-ad-slot=\"\" \ndata-ad-format=\"auto\"><\/ins>\n<script> \n(adsbygoogle = window.adsbygoogle || []).push({}); \n<\/script>\n<\/div>\n<h2 class=\"wp-block-heading\">O m\u00eas marca a transi\u00e7\u00e3o do ver\u00e3o para o outono no Brasil, com temperaturas mais amenas<\/h2>\n\n\n\n<p><\/p>\n\n\n\n<p>No Brasil, o m\u00eas de mar\u00e7o marca a transi\u00e7\u00e3o do ver\u00e3o para o outono. Para as&nbsp;<a class=\"\" href=\"https:\/\/revistacasaejardim.globo.com\/paisagismo\/\">plantas<\/a>, isso significa que o crescimento come\u00e7a a desacelerar, ou seja, as esp\u00e9cies j\u00e1 n\u00e3o est\u00e3o em seu pico vegetativo, o que facilita a recupera\u00e7\u00e3o ap\u00f3s a poda.<\/p>\n\n\n\n<p>\u201cCom menos calor e chuvas mais est\u00e1veis, o crescimento desacelera. Isso permite reorganizar a planta ap\u00f3s o \u2018excesso\u2019 do ver\u00e3o, melhorar a ventila\u00e7\u00e3o e evitar pragas e fungos. A cicatriza\u00e7\u00e3o tende a ser mais eficiente\u201d explica&nbsp;<strong>Raquel Franzini<\/strong>, florista idealizadora do Conex\u00e3o Floristas.<\/p>\n\n\n\n<p>Al\u00e9m disso, com a mudan\u00e7a de esta\u00e7\u00e3o, o terceiro m\u00eas do ano apresenta temperaturas mais amenas, menor estresse h\u00eddrico e menor incid\u00eancia de pragas, t\u00edpicas do calor intenso.<\/p>\n\n\n\n<p>A poda torna-se mais segura em mar\u00e7o porque a planta ainda disp\u00f5e de energia para cicatrizar, n\u00e3o sofre com o estresse extremo do calor e a brota\u00e7\u00e3o ocorre de forma mais equilibrada, sem exageros\u201d, pontua a florista&nbsp;<strong>Cristiely Santos<\/strong>.<\/p>\n\n\n\n<p>Veja quais as esp\u00e9cies mais indicadas para podar em mar\u00e7o:<\/p>\n\n\n\n<h2 class=\"wp-block-heading\">1. Rosas<\/h2>\n\n\n\n<figure class=\"wp-block-image\"><img decoding=\"async\" src=\"https:\/\/s2-casaejardim.glbimg.com\/WVFEeokYiwy1ctZYTjKHhCJwmu0=\/0x0:1400x933\/984x0\/smart\/filters:strip_icc()\/i.s3.glbimg.com\/v1\/AUTH_a0b7e59562ef42049f4e191fe476fe7d\/internal_photos\/bs\/2024\/M\/H\/cOZYoTR1C5PAOtAm0ewg\/rosas-em-casa-como-cuidar-como-plantar-dicas-jardinagem-paisagismo-roseira-casa-e-jardim.jpg\" alt=\"Com mais de 100 esp\u00e9cies, as roseiras s\u00e3o as flores mais cultivadas no mundo. Realize a poda de limpeza para mant\u00ea-las saud\u00e1veis durante o crescimento e a flora\u00e7\u00e3o \u2014 Foto: Pexels\/Irina Iriser\/Creative Commons\"\/><figcaption class=\"wp-element-caption\">Com mais de 100 esp\u00e9cies, as roseiras s\u00e3o as flores mais cultivadas no mundo. Realize a poda de limpeza para mant\u00ea-las saud\u00e1veis durante o crescimento e a flora\u00e7\u00e3o \u2014 Foto: Pexels\/Irina Iriser\/Creative Commons<\/figcaption><\/figure>\n\n\n\n<p>Realize uma poda de&nbsp;<a class=\"\" href=\"https:\/\/revistacasaejardim.globo.com\/dicas\/limpeza\/\">limpeza<\/a>&nbsp;para remover os galhos fracos e estimular brota\u00e7\u00f5es mais estruturadas no outono e no inverno. \u201cQuando voc\u00ea remove partes da planta, ela direciona energia para novos brotos reprodutivos\u201d, explica Cristely.<\/p>\n\n\n\n<p>A poda torna-se mais segura em mar\u00e7o porque a planta ainda disp\u00f5e de energia para cicatrizar, n\u00e3o sofre com o estresse extremo do calor e a brota\u00e7\u00e3o ocorre de forma mais equilibrada, sem exageros\u201d, pontua a florista&nbsp;<strong>Cristiely Santos<\/strong>.<\/p>\n\n\n\n<p>Realize uma poda de&nbsp;<a class=\"\" href=\"https:\/\/revistacasaejardim.globo.com\/dicas\/limpeza\/\">limpeza<\/a>&nbsp;para remover os galhos fracos e estimular brota\u00e7\u00f5es mais estruturadas no outono e no inverno. \u201cQuando voc\u00ea remove partes da planta, ela direciona energia para novos brotos reprodutivos\u201d, explica Cristely.<\/p>\n\n\n\n<h2 class=\"wp-block-heading\">2. Hibisco<\/h2>\n\n\n\n<figure class=\"wp-block-image\"><img decoding=\"async\" src=\"https:\/\/s2-casaejardim.glbimg.com\/s_hNJ1FdRdX5K5vug1FIWSvGrNQ=\/0x0:1400x1019\/984x0\/smart\/filters:strip_icc()\/i.s3.glbimg.com\/v1\/AUTH_a0b7e59562ef42049f4e191fe476fe7d\/internal_photos\/bs\/2025\/7\/s\/sixBBWTHiXzwNoGUvg9g\/plantas-para-podar-em-janeiro.jpg\" alt=\"A principal indica\u00e7\u00e3o para a poda do hibisco \u00e9 eliminar folhas danificadas e respeitar a estrutura da planta \u2014 Foto: Pexels\/Abu Rayhan Mia\/Creative Commons\"\/><figcaption class=\"wp-element-caption\">A principal indica\u00e7\u00e3o para a poda do hibisco \u00e9 eliminar folhas danificadas e respeitar a estrutura da planta \u2014 Foto: Pexels\/Abu Rayhan Mia\/Creative Commons<\/figcaption><\/figure>\n\n\n\n<p>Ap\u00f3s sua flora\u00e7\u00e3o no ver\u00e3o, o hibisco deve ser podado em mar\u00e7o para controlar o tamanho e estimular uma nova brota\u00e7\u00e3o.<\/p>\n\n\n\n<h2 class=\"wp-block-heading\">3. Primavera<\/h2>\n\n\n\n<figure class=\"wp-block-image\"><img decoding=\"async\" src=\"https:\/\/s2-casaejardim.glbimg.com\/pr8HbBraGijuEJM2d5oeEWqsIqE=\/0x0:640x480\/984x0\/smart\/filters:strip_icc()\/i.s3.glbimg.com\/v1\/AUTH_a0b7e59562ef42049f4e191fe476fe7d\/internal_photos\/bs\/2022\/n\/6\/f1AF06TByHTsJwyXs0tA\/bougainvillea-close.jpg\" alt=\"Como uma trepadeira, a poda \u00e9 fundamental para estimular a nova brota\u00e7\u00e3o da primavera \u2014 Foto: CatherineMunro \/ Wikimedia Commons\"\/><figcaption class=\"wp-element-caption\">Como uma trepadeira, a poda \u00e9 fundamental para estimular a nova brota\u00e7\u00e3o da primavera \u2014 Foto: CatherineMunro \/ Wikimedia Commons<\/figcaption><\/figure>\n\n\n\n<p>Ap\u00f3s a flora\u00e7\u00e3o intensa de ver\u00e3o, a poda no in\u00edcio do outono ajuda a organizar a trepadeira e favorece uma nova flora\u00e7\u00e3o.<\/p>\n\n\n\n<h2 class=\"wp-block-heading\">4. Ixora<\/h2>\n\n\n\n<figure class=\"wp-block-image\"><img decoding=\"async\" src=\"https:\/\/s2-casaejardim.glbimg.com\/hSh17sYzmp0wzauaYt7Vtf3coug=\/0x0:1400x1000\/984x0\/smart\/filters:strip_icc()\/i.s3.glbimg.com\/v1\/AUTH_a0b7e59562ef42049f4e191fe476fe7d\/internal_photos\/bs\/2023\/i\/A\/Je0tiNTrCd4tFM5AYZIA\/flor-ixora-midi-vermelha-freepik.jpg\" alt=\"A ixora \u00e9 ideal para canteiros, mas tamb\u00e9m pode ser plantada em vasos de m\u00e9dios a grandes \u2014 Foto: Freepik\/Creative Commons\"\/><figcaption class=\"wp-element-caption\">A ixora \u00e9 ideal para canteiros, mas tamb\u00e9m pode ser plantada em vasos de m\u00e9dios a grandes \u2014 Foto: Freepik\/Creative Commons<\/figcaption><\/figure>\n\n\n\n<p>A poda leve ap\u00f3s sua flora\u00e7\u00e3o nos meses de ver\u00e3o ajuda a manter o formato e estimular novos brotos.<\/p>\n\n\n\n<h2 class=\"wp-block-heading\">5. Videira<\/h2>\n\n\n\n<figure class=\"wp-block-image\"><img decoding=\"async\" src=\"https:\/\/s2-casaejardim.glbimg.com\/ciiC_n1JLPRzcDWZlGEfND0hR9M=\/0x0:1400x930\/984x0\/smart\/filters:strip_icc()\/i.s3.glbimg.com\/v1\/AUTH_a0b7e59562ef42049f4e191fe476fe7d\/internal_photos\/bs\/2025\/B\/t\/HcS1pOTZaQPzehdqYMig\/videira-vitis-kp-botany-commonswiki-1-.jpg\" alt=\"A videira possui caules flex\u00edveis, folhas grandes e lobadas, e flores esverdeadas em ramos \u2014 Foto: KP Botany\/Wikimedia Commons\"\/><figcaption class=\"wp-element-caption\">A videira possui caules flex\u00edveis, folhas grandes e lobadas, e flores esverdeadas em ramos \u2014 Foto: KP Botany\/Wikimedia Commons<\/figcaption><\/figure>\n\n\n\n<p>Em mar\u00e7o, a poda da videira deve ser curta e objetiva: fa\u00e7a cortes limpos com tesoura afiada, levemente inclinada, para evitar ac\u00famulo de \u00e1gua e reduzir doen\u00e7as.<\/p>\n\n\n\n<h2 class=\"wp-block-heading\">6. Lavanda<\/h2>\n\n\n\n<figure class=\"wp-block-image\"><img decoding=\"async\" src=\"https:\/\/s2-casaejardim.glbimg.com\/4SpQtBboDP087ggNYe03sM0bw8c=\/0x0:1400x933\/984x0\/smart\/filters:strip_icc()\/i.s3.glbimg.com\/v1\/AUTH_a0b7e59562ef42049f4e191fe476fe7d\/internal_photos\/bs\/2025\/F\/s\/BFSBxBSaWQhr0xoFecBw\/plantas-para-podar-em-janeiro-1.jpg\" alt=\"A poda inadequada da lavanda pode afetar o crescimento da esp\u00e9cie \u2014 Foto: Pexels\/CARLOS P\u00c9REZ ADSUAR ANT\u00d3N\/Creative Commons\"\/><figcaption class=\"wp-element-caption\">A poda inadequada da lavanda pode afetar o crescimento da esp\u00e9cie \u2014 Foto: Pexels\/CARLOS P\u00c9REZ ADSUAR ANT\u00d3N\/Creative Commons<\/figcaption><\/figure>\n\n\n\n<p>A esp\u00e9cie deve ser podada assim que as flores come\u00e7arem a secar para estimular a pr\u00f3xima flora\u00e7\u00e3o. Remova as flores secas e fa\u00e7a uma leve redu\u00e7\u00e3o do volume.<\/p>\n\n\n\n<h2 class=\"wp-block-heading\">7. Ger\u00e2nio<\/h2>\n\n\n\n<figure class=\"wp-block-image\"><img decoding=\"async\" src=\"https:\/\/s2-casaejardim.glbimg.com\/29366DMYI2ADuqHLfNpsQjVfs5I=\/0x0:1400x933\/984x0\/smart\/filters:strip_icc()\/i.s3.glbimg.com\/v1\/AUTH_a0b7e59562ef42049f4e191fe476fe7d\/internal_photos\/bs\/2023\/T\/s\/Ry7FBYT3WC9ZBWE6meZw\/plantas-afastam-moscas-do-ambiente-casaejardim-4.jpg\" alt=\"Com flores vermelhas, rosas, roxas e brancas, o cultivo do ger\u00e2nio deve ser feito sob sol pleno \u2014 Foto: Alejandro Bayer Tamayo\/Wikimedia Commons\"\/><figcaption class=\"wp-element-caption\">Com flores vermelhas, rosas, roxas e brancas, o cultivo do ger\u00e2nio deve ser feito sob sol pleno \u2014 Foto: Alejandro Bayer Tamayo\/Wikimedia Commons<\/figcaption><\/figure>\n\n\n\n<p>Realize a retirada de hastes velhas e flores passadas para estimular a nova flora\u00e7\u00e3o nos pr\u00f3ximos meses.<\/p>\n\n\n\n<h2 class=\"wp-block-heading\">8. Azaleia<\/h2>\n\n\n\n<figure class=\"wp-block-image\"><img decoding=\"async\" src=\"https:\/\/s2-casaejardim.glbimg.com\/CO2j2WSIYxSnr-pmDXD0RxU9kGc=\/0x0:1400x1050\/984x0\/smart\/filters:strip_icc()\/i.s3.glbimg.com\/v1\/AUTH_a0b7e59562ef42049f4e191fe476fe7d\/internal_photos\/bs\/2023\/j\/A\/fFdB9PTHAc7Ejl3aDsJg\/azaleia-cultivo-plantacao-flores-cuidados-1-paisagismo.jpg\" alt=\"A azaleia s\u00f3 pode ser podada ap\u00f3s o fim da flora\u00e7\u00e3o para n\u00e3o comprometer o pr\u00f3ximo ciclo \u2014 Foto: Flickr\/Val\u00e9ria Mello\/Creative Commons\"\/><figcaption class=\"wp-element-caption\">A azaleia s\u00f3 pode ser podada ap\u00f3s o fim da flora\u00e7\u00e3o para n\u00e3o comprometer o pr\u00f3ximo ciclo \u2014 Foto: Flickr\/Val\u00e9ria Mello\/Creative Commons<\/figcaption><\/figure>\n\n\n\n<p>Assim que o ciclo floral se encerrar, fa\u00e7a os devidos ajustes na azaleia. \u201cAs podas devem ser feitas somente ap\u00f3s a florada. Se podar em outras \u00e9pocas do ano, \u00e9 capaz que ela n\u00e3o flores\u00e7a. Corte sempre os ramos que deram flores\u201d, sugere o engenheiro agr\u00f4nomo&nbsp;<strong>Marcos Estev\u00e3o Feliciano<\/strong>.<\/p>\n\n\n\n<p>Fonte: Casa e Jardim<\/p>\n","protected":false},"excerpt":{"rendered":"<p>O m\u00eas marca a transi\u00e7\u00e3o do ver\u00e3o para o outono no Brasil, com temperaturas mais amenas No Brasil, o m\u00eas de mar\u00e7o marca a transi\u00e7\u00e3o do ver\u00e3o para o outono. Para as&nbsp;plantas, isso significa que o crescimento come\u00e7a a desacelerar, ou seja, as esp\u00e9cies j\u00e1 n\u00e3o est\u00e3o em seu pico vegetativo, o que facilita a [&hellip;]<\/p>\n","protected":false},"author":8,"featured_media":31018,"comment_status":"closed","ping_status":"open","sticky":false,"template":"","format":"standard","meta":{"rop_custom_images_group":[],"rop_custom_messages_group":[],"rop_publish_now":"yes","rop_publish_now_accounts":[],"rop_publish_now_history":[],"rop_publish_now_status":"pending","footnotes":""},"categories":[1],"tags":[],"class_list":["post-31017","post","type-post","status-publish","format-standard","has-post-thumbnail","hentry","category-sem-categoria"],"amp_enabled":true,"_links":{"self":[{"href":"https:\/\/imais.online\/portal\/wp-json\/wp\/v2\/posts\/31017","targetHints":{"allow":["GET"]}}],"collection":[{"href":"https:\/\/imais.online\/portal\/wp-json\/wp\/v2\/posts"}],"about":[{"href":"https:\/\/imais.online\/portal\/wp-json\/wp\/v2\/types\/post"}],"author":[{"embeddable":true,"href":"https:\/\/imais.online\/portal\/wp-json\/wp\/v2\/users\/8"}],"replies":[{"embeddable":true,"href":"https:\/\/imais.online\/portal\/wp-json\/wp\/v2\/comments?post=31017"}],"version-history":[{"count":1,"href":"https:\/\/imais.online\/portal\/wp-json\/wp\/v2\/posts\/31017\/revisions"}],"predecessor-version":[{"id":31019,"href":"https:\/\/imais.online\/portal\/wp-json\/wp\/v2\/posts\/31017\/revisions\/31019"}],"wp:featuredmedia":[{"embeddable":true,"href":"https:\/\/imais.online\/portal\/wp-json\/wp\/v2\/media\/31018"}],"wp:attachment":[{"href":"https:\/\/imais.online\/portal\/wp-json\/wp\/v2\/media?parent=31017"}],"wp:term":[{"taxonomy":"category","embeddable":true,"href":"https:\/\/imais.online\/portal\/wp-json\/wp\/v2\/categories?post=31017"},{"taxonomy":"post_tag","embeddable":true,"href":"https:\/\/imais.online\/portal\/wp-json\/wp\/v2\/tags?post=31017"}],"curies":[{"name":"wp","href":"https:\/\/api.w.org\/{rel}","templated":true}]}}