{"id":31026,"date":"2026-03-12T10:18:00","date_gmt":"2026-03-12T13:18:00","guid":{"rendered":"https:\/\/imais.online\/portal\/?p=31026"},"modified":"2026-03-08T17:20:37","modified_gmt":"2026-03-08T20:20:37","slug":"o-legado-de-carmen-miranda-70-anos-da-mulher-latina-que-abriu-as-portas-de-hollywood-para-o-brasil","status":"publish","type":"post","link":"https:\/\/imais.online\/portal\/o-legado-de-carmen-miranda-70-anos-da-mulher-latina-que-abriu-as-portas-de-hollywood-para-o-brasil\/","title":{"rendered":"O legado de Carmen Miranda: 70 anos da mulher latina que abriu as portas de Hollywood para o Brasil"},"content":{"rendered":"<div class=\"imais-before-content-placement\" id=\"imais-2279768943\"><script async src=\"\/\/pagead2.googlesyndication.com\/pagead\/js\/adsbygoogle.js?client=ca-pub-8787528412751566\" crossorigin=\"anonymous\"><\/script><ins class=\"adsbygoogle\" style=\"display:block;\" data-ad-client=\"ca-pub-8787528412751566\" \ndata-ad-slot=\"\" \ndata-ad-format=\"auto\"><\/ins>\n<script> \n(adsbygoogle = window.adsbygoogle || []).push({}); \n<\/script>\n<\/div>\n<h2 class=\"wp-block-heading\">Nos 70 anos de sua morte, Carmen Miranda volta aos holofotes com exposi\u00e7\u00e3o que relembra sua trajet\u00f3ria mete\u00f3rica que moldou o Carnaval, a moda e a cultura pop. Nos 70 anos de sua morte, Carmen Miranda volta aos holofotes com exposi\u00e7\u00e3o que relembra sua trajet\u00f3ria mete\u00f3rica que moldou o Carnaval, a moda e a cultura pop<\/h2>\n\n\n\n<p><\/p>\n\n\n\n<p>Ela s\u00f3 podia ter nascido em fevereiro, m\u00eas oficial do Carnaval. Colorida, exuberante e espirituosa,&nbsp;<strong>Carmen Maria do Carmo Miranda da Cunha&nbsp;<\/strong>(1909-1955) marcou o imagin\u00e1rio cultural brasileiro. Agora, com sua obra em dom\u00ednio p\u00fablico, a Pequena Not\u00e1vel volta ao centro da cena em uma programa\u00e7\u00e3o especial que celebra sua trajet\u00f3ria mete\u00f3rica, sua est\u00e9tica inconfund\u00edvel e sua influ\u00eancia decisiva na m\u00fasica, na moda e na cultura pop.<\/p>\n\n\n\n<p>Muito antes das redes sociais, Carmen j\u00e1 tinha viralizado. Influenciou de&nbsp;<strong>Madonna&nbsp;<\/strong>a&nbsp;<strong>Anitta<\/strong>, de&nbsp;<strong>Gal Costa<\/strong>&nbsp;a&nbsp;<strong>Ivete Sangalo&nbsp;<\/strong>e segue sendo refer\u00eancia quando o assunto \u00e9 brasilidade em estado puro. Antes de conquistar Hollywood, ela dominou o r\u00e1dio brasileiro e abriu caminhos fundamentais para as mulheres na ind\u00fastria fonogr\u00e1fica. Suas marchinhas e can\u00e7\u00f5es de duplo sentido, como \u201cMam\u00e3e Eu Quero\u201d e \u201cBalanc\u00ea\u201d, ajudaram a definir o esp\u00edrito do Carnaval.<\/p>\n\n\n\n<p>Ao mesmo tempo, sua imagem se consolidava como linguagem: a baiana estilizada criada em 1939 para o filme Banana da Terra virou uniforme, assinatura e um dos s\u00edmbolos mais potentes \u2013 e debatidos \u2013 da latinidade.<\/p>\n\n\n\n<p>Carmen era uma for\u00e7a da natureza. Come\u00e7ou a trabalhar aos 14 anos e, em 1945, tornou-se a mulher mais bem paga dos Estados Unidos, com um sal\u00e1rio anual de US$ 200 mil \u2013 um feito extraordin\u00e1rio para uma artista latina da primeira metade do s\u00e9culo 20, criada na Lapa bo\u00eamia do Rio.<\/p>\n\n\n\n<p>\u201cEla sempre foi muito ligada \u00e0 moda\u201d, explica&nbsp;<strong>Chris Aguiar,<\/strong>&nbsp;diretora do Museu Carmen Miranda. Adolescente, Carmen trabalhou em chapelarias do bairro, onde desenvolveu as habilidades manuais que mais tarde dariam origem aos turbantes, balangand\u00e3s e acess\u00f3rios que ajudaram a construir sua imagem ic\u00f4nica.<\/p>\n\n\n\n<p>Nada ali era improviso. Para compensar a baixa estatura, adotou os sapatos de plataforma e, ao combin\u00e1-los com frutas tropicais e refer\u00eancias das baianas, criou uma est\u00e9tica \u00fanica, que misturava feminilidade, humor e uma atitude perform\u00e1tica in\u00e9dita. Um verdadeiro exerc\u00edcio de engenharia criativa.<\/p>\n\n\n\n<p>Esse legado est\u00e1 preservado e em constante renova\u00e7\u00e3o no museu que leva seu nome, no Aterro do Flamengo. Sob a gest\u00e3o de Chris Aguiar, o espa\u00e7o completa 50 anos em 2026 e passa por um processo de moderniza\u00e7\u00e3o, ampliando sua presen\u00e7a digital e buscando novas formas de di\u00e1logo com o p\u00fablico jovem. O acervo re\u00fane cerca de 3.500 itens, entre figurinos originais, fotografias raras, manuscritos, partituras, premia\u00e7\u00f5es e documentos que revelam n\u00e3o apenas a estrela, mas a artista consciente de sua autonomia criativa.<\/p>\n\n\n\n<p>Entre os destaques da programa\u00e7\u00e3o est\u00e1 a segunda fase da exposi\u00e7\u00e3o&nbsp;<em>Carmen: Luz e A\u00e7\u00e3o<\/em>, dedicada ao per\u00edodo hollywoodiano. S\u00e3o mais de 300 m\u00fasicas gravadas e 20 filmes no curr\u00edculo, sucessos que sobreviveram \u00e0s cr\u00edticas que recebeu sobre sua americaniza\u00e7\u00e3o. O acervo inclui pe\u00e7as originais de filmes de Hollywood e roupas que a artista usou em suas turn\u00eas mundiais, al\u00e9m de objetos pessoais como malas de viagem, joias, acess\u00f3rios de maquiagem e croquis originais feitos por estilistas renomados.<\/p>\n\n\n\n<p>H\u00e1 ainda uma vasta cole\u00e7\u00e3o de fotografias raras, cartazes originais de filmes, rolos de filme, discos e partituras que cobrem desde sua fase no r\u00e1dio brasileiro at\u00e9 o auge nos Estados Unidos. Em breve, o p\u00fablico tamb\u00e9m poder\u00e1 vivenciar uma experi\u00eancia imersiva com tecnologia de ponta e dan\u00e7ar com um holograma de Carmen Miranda na inaugura\u00e7\u00e3o do&nbsp;<em>MIS Copacabana<\/em>, \u00e0 beira da praia que ela tanto amou.<\/p>\n\n\n\n<p>O museu ainda abriga sua m\u00e1scara mortu\u00e1ria, um registro do pioneirismo de Carmem que foi maquiada para o vel\u00f3rio, o que n\u00e3o era comum \u00e0 \u00e9poca, evidenciando que sua imagem p\u00fablica era uma preocupa\u00e7\u00e3o que a acompanhou at\u00e9 o fim. Amada, Carmen levou cerca de 500 mil pessoas ao vel\u00f3rio, paralisando o Rio de Janeiro em luto nacional. Corajosa e aut\u00eantica, segue viva como s\u00edmbolo de alegria, inven\u00e7\u00e3o e orgulho da nossa cultura. Celebrar Carmen hoje \u00e9 reconhecer que a Pequena Not\u00e1vel continua sendo, em ess\u00eancia, gigantesca.<\/p>\n\n\n\n<p>Fonte Marie Claire <\/p>\n","protected":false},"excerpt":{"rendered":"<p>Nos 70 anos de sua morte, Carmen Miranda volta aos holofotes com exposi\u00e7\u00e3o que relembra sua trajet\u00f3ria mete\u00f3rica que moldou o Carnaval, a moda e a cultura pop. Nos 70 anos de sua morte, Carmen Miranda volta aos holofotes com exposi\u00e7\u00e3o que relembra sua trajet\u00f3ria mete\u00f3rica que moldou o Carnaval, a moda e a cultura [&hellip;]<\/p>\n","protected":false},"author":8,"featured_media":31027,"comment_status":"closed","ping_status":"open","sticky":false,"template":"","format":"standard","meta":{"rop_custom_images_group":[],"rop_custom_messages_group":[],"rop_publish_now":"yes","rop_publish_now_accounts":[],"rop_publish_now_history":[],"rop_publish_now_status":"pending","footnotes":""},"categories":[16],"tags":[],"class_list":["post-31026","post","type-post","status-publish","format-standard","has-post-thumbnail","hentry","category-entertainment"],"amp_enabled":true,"_links":{"self":[{"href":"https:\/\/imais.online\/portal\/wp-json\/wp\/v2\/posts\/31026","targetHints":{"allow":["GET"]}}],"collection":[{"href":"https:\/\/imais.online\/portal\/wp-json\/wp\/v2\/posts"}],"about":[{"href":"https:\/\/imais.online\/portal\/wp-json\/wp\/v2\/types\/post"}],"author":[{"embeddable":true,"href":"https:\/\/imais.online\/portal\/wp-json\/wp\/v2\/users\/8"}],"replies":[{"embeddable":true,"href":"https:\/\/imais.online\/portal\/wp-json\/wp\/v2\/comments?post=31026"}],"version-history":[{"count":1,"href":"https:\/\/imais.online\/portal\/wp-json\/wp\/v2\/posts\/31026\/revisions"}],"predecessor-version":[{"id":31028,"href":"https:\/\/imais.online\/portal\/wp-json\/wp\/v2\/posts\/31026\/revisions\/31028"}],"wp:featuredmedia":[{"embeddable":true,"href":"https:\/\/imais.online\/portal\/wp-json\/wp\/v2\/media\/31027"}],"wp:attachment":[{"href":"https:\/\/imais.online\/portal\/wp-json\/wp\/v2\/media?parent=31026"}],"wp:term":[{"taxonomy":"category","embeddable":true,"href":"https:\/\/imais.online\/portal\/wp-json\/wp\/v2\/categories?post=31026"},{"taxonomy":"post_tag","embeddable":true,"href":"https:\/\/imais.online\/portal\/wp-json\/wp\/v2\/tags?post=31026"}],"curies":[{"name":"wp","href":"https:\/\/api.w.org\/{rel}","templated":true}]}}