{"id":31036,"date":"2026-03-09T13:48:00","date_gmt":"2026-03-09T16:48:00","guid":{"rendered":"https:\/\/imais.online\/portal\/?p=31036"},"modified":"2026-03-08T20:58:23","modified_gmt":"2026-03-08T23:58:23","slug":"guarda-civil-de-indaiatuba-prende-jovem-por-trafico-de-drogas-no-nucleo-residencial-professor-carlos-aldrovandi","status":"publish","type":"post","link":"https:\/\/imais.online\/portal\/guarda-civil-de-indaiatuba-prende-jovem-por-trafico-de-drogas-no-nucleo-residencial-professor-carlos-aldrovandi\/","title":{"rendered":"Guarda Civil de Indaiatuba prende jovem por tr\u00e1fico de drogas no N\u00facleo Residencial Professor Carlos Aldrovandi"},"content":{"rendered":"<div class=\"imais-before-content-placement\" id=\"imais-1002700547\"><script async src=\"\/\/pagead2.googlesyndication.com\/pagead\/js\/adsbygoogle.js?client=ca-pub-8787528412751566\" crossorigin=\"anonymous\"><\/script><ins class=\"adsbygoogle\" style=\"display:block;\" data-ad-client=\"ca-pub-8787528412751566\" \ndata-ad-slot=\"\" \ndata-ad-format=\"auto\"><\/ins>\n<script> \n(adsbygoogle = window.adsbygoogle || []).push({}); \n<\/script>\n<\/div>\n<p>A Guarda Civil de Indaiatuba prendeu, na sexta-feira (06), um jovem de 19 anos por tr\u00e1fico de drogas. A ocorr\u00eancia foi registrada no N\u00facleo Residencial Professor Carlos Aldrovandi.<\/p>\n\n\n\n<p>Somente neste ano, o mesmo indiv\u00edduo j\u00e1 havia sido conduzido outras duas vezes \u00e0 delegacia de pol\u00edcia por envolvimento com o tr\u00e1fico de drogas pela mesma equipe.<\/p>\n\n\n\n<p>Os agentes realizavam patrulhamento preventivo pela Rua Alfio Mazzoni quando avistaram o jovem, j\u00e1 conhecido das equipes pelo envolvimento com o tr\u00e1fico.<\/p>\n\n\n\n<p>Ao notar a aproxima\u00e7\u00e3o da viatura, ele jogou no ch\u00e3o diversas por\u00e7\u00f5es de drogas que estavam em sua m\u00e3o e tentou fugir correndo. A equipe imediatamente iniciou seu acompanhamento e conseguiu realizar a abordagem do suspeito.<\/p>\n\n\n\n<p>Questionado pelos agentes, o jovem confessou que estava comercializando drogas no local e afirmou que acreditava que conseguiria fugir da equipe ao sair correndo.<\/p>\n\n\n\n<p>Ao todo foram recuperadas 19 por\u00e7\u00f5es de maconha e um microtubo com coca\u00edna que haviam sido dispensados no ch\u00e3o.<\/p>\n\n\n\n<p>Diante dos fatos, o indiv\u00edduo foi apresentado na delegacia de pol\u00edcia, onde permaneceu preso em flagrante pelo crime de tr\u00e1fico de drogas.<\/p>\n","protected":false},"excerpt":{"rendered":"<p>A Guarda Civil de Indaiatuba prendeu, na sexta-feira (06), um jovem de 19 anos por tr\u00e1fico de drogas. A ocorr\u00eancia foi registrada no N\u00facleo Residencial Professor Carlos Aldrovandi. Somente neste ano, o mesmo indiv\u00edduo j\u00e1 havia sido conduzido outras duas vezes \u00e0 delegacia de pol\u00edcia por envolvimento com o tr\u00e1fico de drogas pela mesma equipe. [&hellip;]<\/p>\n","protected":false},"author":7,"featured_media":31037,"comment_status":"closed","ping_status":"open","sticky":false,"template":"","format":"standard","meta":{"rop_custom_images_group":[],"rop_custom_messages_group":[],"rop_publish_now":"yes","rop_publish_now_accounts":[],"rop_publish_now_history":[],"rop_publish_now_status":"pending","footnotes":""},"categories":[188],"tags":[73],"class_list":["post-31036","post","type-post","status-publish","format-standard","has-post-thumbnail","hentry","category-indaiatuba","tag-featured"],"amp_enabled":true,"_links":{"self":[{"href":"https:\/\/imais.online\/portal\/wp-json\/wp\/v2\/posts\/31036","targetHints":{"allow":["GET"]}}],"collection":[{"href":"https:\/\/imais.online\/portal\/wp-json\/wp\/v2\/posts"}],"about":[{"href":"https:\/\/imais.online\/portal\/wp-json\/wp\/v2\/types\/post"}],"author":[{"embeddable":true,"href":"https:\/\/imais.online\/portal\/wp-json\/wp\/v2\/users\/7"}],"replies":[{"embeddable":true,"href":"https:\/\/imais.online\/portal\/wp-json\/wp\/v2\/comments?post=31036"}],"version-history":[{"count":1,"href":"https:\/\/imais.online\/portal\/wp-json\/wp\/v2\/posts\/31036\/revisions"}],"predecessor-version":[{"id":31038,"href":"https:\/\/imais.online\/portal\/wp-json\/wp\/v2\/posts\/31036\/revisions\/31038"}],"wp:featuredmedia":[{"embeddable":true,"href":"https:\/\/imais.online\/portal\/wp-json\/wp\/v2\/media\/31037"}],"wp:attachment":[{"href":"https:\/\/imais.online\/portal\/wp-json\/wp\/v2\/media?parent=31036"}],"wp:term":[{"taxonomy":"category","embeddable":true,"href":"https:\/\/imais.online\/portal\/wp-json\/wp\/v2\/categories?post=31036"},{"taxonomy":"post_tag","embeddable":true,"href":"https:\/\/imais.online\/portal\/wp-json\/wp\/v2\/tags?post=31036"}],"curies":[{"name":"wp","href":"https:\/\/api.w.org\/{rel}","templated":true}]}}