{"id":31042,"date":"2026-03-12T19:19:57","date_gmt":"2026-03-12T22:19:57","guid":{"rendered":"https:\/\/imais.online\/portal\/?p=31042"},"modified":"2026-03-08T21:13:09","modified_gmt":"2026-03-09T00:13:09","slug":"pesquisadores-identificam-assinatura-neuroimune-que-pode-prever-complicacoes-da-hepatite","status":"publish","type":"post","link":"https:\/\/imais.online\/portal\/pesquisadores-identificam-assinatura-neuroimune-que-pode-prever-complicacoes-da-hepatite\/","title":{"rendered":"Pesquisadores identificam \u2018assinatura neuroimune\u2019 que pode prever complica\u00e7\u00f5es da hepatite"},"content":{"rendered":"<div class=\"imais-before-content-placement\" id=\"imais-3955317284\"><script async src=\"\/\/pagead2.googlesyndication.com\/pagead\/js\/adsbygoogle.js?client=ca-pub-8787528412751566\" crossorigin=\"anonymous\"><\/script><ins class=\"adsbygoogle\" style=\"display:block;\" data-ad-client=\"ca-pub-8787528412751566\" \ndata-ad-slot=\"\" \ndata-ad-format=\"auto\"><\/ins>\n<script> \n(adsbygoogle = window.adsbygoogle || []).push({}); \n<\/script>\n<\/div>\n<p class=\"has-text-align-center\">Rede de genes ligada aos sistemas nervoso e imunol\u00f3gico pode antecipar risco de c\u00e2ncer e at\u00e9 explicar sintomas como fadiga e depress\u00e3o decorrente de infec\u00e7\u00e3o provocada por hepatite viral<\/p>\n\n\n\n<p class=\"has-text-align-left\">Pesquisadores da Universidade de S\u00e3o Paulo (USP) descobriram um conjunto de genes capaz de indicar como a hepatite viral pode evoluir no organismo. Essa rede de genes, que eles chamaram de neuroimunoma, conecta o sistema nervoso ao sistema imunol\u00f3gico e pode servir como um biomarcador para prever desde a gravidade da les\u00e3o no f\u00edgado at\u00e9 o risco de c\u00e2ncer hep\u00e1tico decorrentes da infec\u00e7\u00e3o pelos v\u00edrus da hepatite.<\/p>\n\n\n\n<p>O estudo,&nbsp;apoiado&nbsp;pela FAPESP e&nbsp;publicado&nbsp;no&nbsp;<em>Journal of Medical Virology<\/em>, analisou os dados de mais de 1.800 amostras de bancos p\u00fablicos dos Estados Unidos, It\u00e1lia, China, Espanha, Fran\u00e7a, Alemanha, Reino Unido e Taiwan. A an\u00e1lise inclu\u00eda informa\u00e7\u00f5es sobre tecidos do f\u00edgado e c\u00e9lulas de sangue infectadas por diferentes v\u00edrus da hepatite.<\/p>\n\n\n\n<p>\u201cNossa primeira descoberta foi que as c\u00e9lulas de defesa no sangue [leuc\u00f3citos] de pacientes com hepatite come\u00e7am a expressar genes que s\u00e3o tipicamente associados ao sistema nervoso. Isso mostra que, em vez de operarem como dois sistemas independentes, eles parecem estar muito integrados por essa rede de genes e outras mol\u00e9culas, que coordena respostas por todo o corpo, especialmente durante uma inflama\u00e7\u00e3o cr\u00f4nica como a da hepatite\u201d, conta&nbsp;Ot\u00e1vio Cabral-Marques, professor da Faculdade de Medicina (FM) da USP e coordenador da investiga\u00e7\u00e3o.<\/p>\n\n\n\n<p>A partir de uma an\u00e1lise que usou t\u00e9cnicas de aprendizado de m\u00e1quina, os pesquisadores identificaram que, \u00e0 medida que a hepatite viral progride para o c\u00e2ncer de f\u00edgado (hepatocarcinoma), ocorre uma desregula\u00e7\u00e3o desses genes, com alguns deles sendo mais ou menos expressos.<\/p>\n\n\n\n<p>\u201cCom isso, esse conjunto de genes pode vir a se tornar um biomarcador da progress\u00e3o da doen\u00e7a. H\u00e1 mudan\u00e7as claras nessa desregula\u00e7\u00e3o entre os est\u00e1gios iniciais e avan\u00e7ados do tumor, o que permite monitorar o agravamento da hepatite viral\u201d, afirma&nbsp;Adriel Leal N\u00f3bile, cientista de dados e&nbsp;bolsista&nbsp;da FAPESP.<\/p>\n\n\n\n<p>A hepatite viral \u00e9 uma doen\u00e7a sist\u00eamica, capaz de afetar v\u00e1rios \u00f3rg\u00e3os al\u00e9m do f\u00edgado. De acordo com a Organiza\u00e7\u00e3o Mundial da Sa\u00fade (OMS), a enfermidade, negligenciada, \u00e9 a segunda principal causa infecciosa de morte no mundo, respons\u00e1vel por aproximadamente 1,3 milh\u00e3o de \u00f3bitos por ano.<\/p>\n\n\n\n<p><strong>Sa\u00fade mental<\/strong><\/p>\n\n\n\n<p>As an\u00e1lises mostraram que genes espec\u00edficos (<em>NRG1<\/em>&nbsp;e&nbsp;<em>DBH<\/em>) ficam progressivamente alterados conforme a gravidade do c\u00e2ncer aumenta. \u201cO&nbsp;<em>DBH<\/em>&nbsp;\u00e9 um gene associado \u00e0 produ\u00e7\u00e3o de noradrenalina, um neurotransmissor da resposta ao estresse. Isso indica que essa via de sinaliza\u00e7\u00e3o ligada ao estresse \u00e9 potencializada no ambiente do tumor avan\u00e7ado, mostrando uma poss\u00edvel rela\u00e7\u00e3o bidirecional entre o estresse e o crescimento do tumor\u201d, diz N\u00f3bile.<\/p>\n\n\n\n<p>Al\u00e9m disso, genes do neuroimunoma (<em>NRG1<\/em>,&nbsp;<em>OLFM1<\/em>&nbsp;e&nbsp;<em>WDR62<\/em>) aparecem tanto na progress\u00e3o do hepatocarcinoma quanto em condi\u00e7\u00f5es de sa\u00fade mental como depress\u00e3o e ansiedade.<\/p>\n\n\n\n<p>\u201cSabe o conceito de [patologia] psicossom\u00e1tica de Freud segundo o qual o corpo seria influenciado pela mente? Com o neuroimunoma mostramos que n\u00e3o \u00e9 s\u00f3 uma interfer\u00eancia do sistema nervoso no sistema imune. \u00c9 uma rede muito conectada\u201d, afirma Cabral-Marques.<\/p>\n\n\n\n<p>O estudo foi feito a partir de dados de infectados por hepatites virais, mas os pesquisadores acreditam que essa conex\u00e3o do neuroimunoma pode ocorrer tamb\u00e9m em doen\u00e7as diferentes.<\/p>\n\n\n\n<p>De acordo com os pesquisadores, embora o trabalho n\u00e3o tenha analisado a rela\u00e7\u00e3o entre hepatite, sistema neuroimune e a gravidade de depress\u00e3o ou ansiedade, h\u00e1 evid\u00eancias de uma forte associa\u00e7\u00e3o entre o neuroimunoma e manifesta\u00e7\u00f5es psiqui\u00e1tricas na hepatite.<\/p>\n\n\n\n<p class=\"has-text-align-left\">\u201cFuturamente, o neuroimunoma pode servir como um marcador tanto para prever a gravidade da doen\u00e7a hep\u00e1tica quanto para indicar poss\u00edveis complica\u00e7\u00f5es psiqui\u00e1tricas, t\u00e3o frequentes em pessoas com hepatite. Dessa forma seria poss\u00edvel comprovar de forma mais assertiva a rela\u00e7\u00e3o desses sintomas com uma base biol\u00f3gica, e n\u00e3o apenas emocional\u201d, afirma N\u00f3bile.<br><\/p>\n","protected":false},"excerpt":{"rendered":"<p>Rede de genes ligada aos sistemas nervoso e imunol\u00f3gico pode antecipar risco de c\u00e2ncer e at\u00e9 explicar sintomas como fadiga e depress\u00e3o decorrente de infec\u00e7\u00e3o provocada por hepatite viral Pesquisadores da Universidade de S\u00e3o Paulo (USP) descobriram um conjunto de genes capaz de indicar como a hepatite viral pode evoluir no organismo. Essa rede de [&hellip;]<\/p>\n","protected":false},"author":7,"featured_media":31043,"comment_status":"closed","ping_status":"open","sticky":false,"template":"","format":"standard","meta":{"rop_custom_images_group":[],"rop_custom_messages_group":[],"rop_publish_now":"yes","rop_publish_now_accounts":[],"rop_publish_now_history":[],"rop_publish_now_status":"pending","footnotes":""},"categories":[205],"tags":[],"class_list":["post-31042","post","type-post","status-publish","format-standard","has-post-thumbnail","hentry","category-saude"],"amp_enabled":true,"_links":{"self":[{"href":"https:\/\/imais.online\/portal\/wp-json\/wp\/v2\/posts\/31042","targetHints":{"allow":["GET"]}}],"collection":[{"href":"https:\/\/imais.online\/portal\/wp-json\/wp\/v2\/posts"}],"about":[{"href":"https:\/\/imais.online\/portal\/wp-json\/wp\/v2\/types\/post"}],"author":[{"embeddable":true,"href":"https:\/\/imais.online\/portal\/wp-json\/wp\/v2\/users\/7"}],"replies":[{"embeddable":true,"href":"https:\/\/imais.online\/portal\/wp-json\/wp\/v2\/comments?post=31042"}],"version-history":[{"count":1,"href":"https:\/\/imais.online\/portal\/wp-json\/wp\/v2\/posts\/31042\/revisions"}],"predecessor-version":[{"id":31044,"href":"https:\/\/imais.online\/portal\/wp-json\/wp\/v2\/posts\/31042\/revisions\/31044"}],"wp:featuredmedia":[{"embeddable":true,"href":"https:\/\/imais.online\/portal\/wp-json\/wp\/v2\/media\/31043"}],"wp:attachment":[{"href":"https:\/\/imais.online\/portal\/wp-json\/wp\/v2\/media?parent=31042"}],"wp:term":[{"taxonomy":"category","embeddable":true,"href":"https:\/\/imais.online\/portal\/wp-json\/wp\/v2\/categories?post=31042"},{"taxonomy":"post_tag","embeddable":true,"href":"https:\/\/imais.online\/portal\/wp-json\/wp\/v2\/tags?post=31042"}],"curies":[{"name":"wp","href":"https:\/\/api.w.org\/{rel}","templated":true}]}}