{"id":31053,"date":"2026-03-09T09:54:00","date_gmt":"2026-03-09T12:54:00","guid":{"rendered":"https:\/\/imais.online\/portal\/?p=31053"},"modified":"2026-03-08T20:55:28","modified_gmt":"2026-03-08T23:55:28","slug":"prefeitura-anuncia-adequacoes-de-linhas-e-ampliacao-de-tres-viagens-no-transporte-coletivo","status":"publish","type":"post","link":"https:\/\/imais.online\/portal\/prefeitura-anuncia-adequacoes-de-linhas-e-ampliacao-de-tres-viagens-no-transporte-coletivo\/","title":{"rendered":"Prefeitura anuncia adequa\u00e7\u00f5es de linhas e amplia\u00e7\u00e3o de tr\u00eas viagens no transporte coletivo"},"content":{"rendered":"<div class=\"imais-before-content-placement\" id=\"imais-775030174\"><script async src=\"\/\/pagead2.googlesyndication.com\/pagead\/js\/adsbygoogle.js?client=ca-pub-8787528412751566\" crossorigin=\"anonymous\"><\/script><ins class=\"adsbygoogle\" style=\"display:block;\" data-ad-client=\"ca-pub-8787528412751566\" \ndata-ad-slot=\"\" \ndata-ad-format=\"auto\"><\/ins>\n<script> \n(adsbygoogle = window.adsbygoogle || []).push({}); \n<\/script>\n<\/div>\n<p><em>S\u00e3o dois novos hor\u00e1rios na programa\u00e7\u00e3o de viagens da linha 313, e um hor\u00e1rio na linha 327<\/em><\/p>\n\n\n\n<p>A Secretaria de Mobilidade Urbana inicia segunda-feira (09\/03) mais uma amplia\u00e7\u00e3o de viagens no servi\u00e7o de transporte coletivo urbano. As linhas 313 e 327 ter\u00e3o ajustes na programa\u00e7\u00e3o hor\u00e1ria para atender a demanda nos dias \u00fateis, ofertando mais tr\u00eas viagens. O itiner\u00e1rio da linha 334 tamb\u00e9m ser\u00e1 ampliado e passar\u00e1 a atender o bairro Jardim das Araras.<\/p>\n\n\n\n<p>Com as mudan\u00e7as, a linha 313 passar\u00e1 de 24 para 26 viagens nos dias \u00fateis. As novas viagens ter\u00e3o sa\u00edda \u00e0s 5h55, sentido bairro x centro, ajudando a demanda da viagem das 6h10, e \u00e0s 19h30, saindo do Terminal Central, intercalando o intervalo entre as viagens das 18h40 e 21h20.<\/p>\n\n\n\n<p>O ajuste da programa\u00e7\u00e3o hor\u00e1ria da linha 327 amplia de cinco para seis viagens nos dias \u00fateis, com inclus\u00e3o de mais uma viagem saindo do Terminal Central \u00e0s 6h10, disponibilizando dois \u00f4nibus no mesmo hor\u00e1rio para atender a demanda maior de usu\u00e1rios que seguem para o Distrito Industrial.<\/p>\n\n\n\n<p>Outra novidade \u00e9 que a partir de segunda-feira, a nova linha 334 &#8211; Campo Bonito x Pra\u00e7a Dom Pedro passar\u00e1 a atender o bairro Jardim das Araras em todos os hor\u00e1rios.<\/p>\n\n\n\n<p>As equipes de fiscaliza\u00e7\u00e3o da Secretaria de Mobilidade Urbana e da SOU Indaiatuba realizar\u00e3o acompanhamentos operacionais nos primeiros dias das mudan\u00e7as, e poder\u00e3o ocorrer ajustes de acordo com a demanda.<\/p>\n\n\n\n<p>Todos os hor\u00e1rios das linhas estar\u00e3o dispon\u00edveis para consulta a partir de s\u00e1bado (07\/03), no site <a href=\"https:\/\/souindaiatuba.com.br\/linhas-e-horarios\/\">https:\/\/souindaiatuba.com.br\/linhas-e-horarios\/<\/a> ou no aplicativo SOU \u2013 Sistema de \u00d4nibus Urbano, dispon\u00edvel na Apple Store e na Google Play.<\/p>\n","protected":false},"excerpt":{"rendered":"<p>S\u00e3o dois novos hor\u00e1rios na programa\u00e7\u00e3o de viagens da linha 313, e um hor\u00e1rio na linha 327 A Secretaria de Mobilidade Urbana inicia segunda-feira (09\/03) mais uma amplia\u00e7\u00e3o de viagens no servi\u00e7o de transporte coletivo urbano. As linhas 313 e 327 ter\u00e3o ajustes na programa\u00e7\u00e3o hor\u00e1ria para atender a demanda nos dias \u00fateis, ofertando mais [&hellip;]<\/p>\n","protected":false},"author":7,"featured_media":31054,"comment_status":"closed","ping_status":"open","sticky":false,"template":"","format":"standard","meta":{"rop_custom_images_group":[],"rop_custom_messages_group":[],"rop_publish_now":"yes","rop_publish_now_accounts":[],"rop_publish_now_history":[],"rop_publish_now_status":"pending","footnotes":""},"categories":[188],"tags":[73],"class_list":["post-31053","post","type-post","status-publish","format-standard","has-post-thumbnail","hentry","category-indaiatuba","tag-featured"],"amp_enabled":true,"_links":{"self":[{"href":"https:\/\/imais.online\/portal\/wp-json\/wp\/v2\/posts\/31053","targetHints":{"allow":["GET"]}}],"collection":[{"href":"https:\/\/imais.online\/portal\/wp-json\/wp\/v2\/posts"}],"about":[{"href":"https:\/\/imais.online\/portal\/wp-json\/wp\/v2\/types\/post"}],"author":[{"embeddable":true,"href":"https:\/\/imais.online\/portal\/wp-json\/wp\/v2\/users\/7"}],"replies":[{"embeddable":true,"href":"https:\/\/imais.online\/portal\/wp-json\/wp\/v2\/comments?post=31053"}],"version-history":[{"count":1,"href":"https:\/\/imais.online\/portal\/wp-json\/wp\/v2\/posts\/31053\/revisions"}],"predecessor-version":[{"id":31055,"href":"https:\/\/imais.online\/portal\/wp-json\/wp\/v2\/posts\/31053\/revisions\/31055"}],"wp:featuredmedia":[{"embeddable":true,"href":"https:\/\/imais.online\/portal\/wp-json\/wp\/v2\/media\/31054"}],"wp:attachment":[{"href":"https:\/\/imais.online\/portal\/wp-json\/wp\/v2\/media?parent=31053"}],"wp:term":[{"taxonomy":"category","embeddable":true,"href":"https:\/\/imais.online\/portal\/wp-json\/wp\/v2\/categories?post=31053"},{"taxonomy":"post_tag","embeddable":true,"href":"https:\/\/imais.online\/portal\/wp-json\/wp\/v2\/tags?post=31053"}],"curies":[{"name":"wp","href":"https:\/\/api.w.org\/{rel}","templated":true}]}}