{"id":31059,"date":"2026-03-10T16:07:00","date_gmt":"2026-03-10T19:07:00","guid":{"rendered":"https:\/\/imais.online\/portal\/?p=31059"},"modified":"2026-03-08T21:03:39","modified_gmt":"2026-03-09T00:03:39","slug":"sinfonico-e-lirico-celebra-grandes-mestres-em-concerto-da-corporacao-musical-villa-lobos","status":"publish","type":"post","link":"https:\/\/imais.online\/portal\/sinfonico-e-lirico-celebra-grandes-mestres-em-concerto-da-corporacao-musical-villa-lobos\/","title":{"rendered":"Sinf\u00f4nico e L\u00edrico celebra grandes mestres em concerto da Corpora\u00e7\u00e3o Musical Villa-Lobos"},"content":{"rendered":"<div class=\"imais-before-content-placement\" id=\"imais-2024093176\"><script async src=\"\/\/pagead2.googlesyndication.com\/pagead\/js\/adsbygoogle.js?client=ca-pub-8787528412751566\" crossorigin=\"anonymous\"><\/script><ins class=\"adsbygoogle\" style=\"display:block;\" data-ad-client=\"ca-pub-8787528412751566\" \ndata-ad-slot=\"\" \ndata-ad-format=\"auto\"><\/ins>\n<script> \n(adsbygoogle = window.adsbygoogle || []).push({}); \n<\/script>\n<\/div>\n<p class=\"has-text-align-center\"><em>Banda Sinf\u00f4nica apresenta cl\u00e1ssicos no Ciaei com participa\u00e7\u00e3o de Arthur Raymundo e Laura Duarte<\/em><\/p>\n\n\n\n<p>A Banda Sinf\u00f4nica da Corpora\u00e7\u00e3o Musical Villa-Lobos apresenta no pr\u00f3ximo dia 14 de mar\u00e7o, \u00e0s 20h, no Ciaei \u2013 Centro Integrado de Apoio \u00e0 Educa\u00e7\u00e3o de Indaiatuba, o concerto <em>Sinf\u00f4nico e L\u00edrico: Celebrando Grandes Mestres<\/em>, com participa\u00e7\u00e3o especial do tenor Arthur Raymundo e da soprano Laura Duarte. A entrada \u00e9 franca. A apresenta\u00e7\u00e3o conta com apoio da Prefeitura de Indaiatuba, por meio da Secretaria Municipal de Cultura.<\/p>\n\n\n\n<p>A apresenta\u00e7\u00e3o presta homenagem a tr\u00eas pilares da m\u00fasica europeia entre os s\u00e9culos 19 e 20: Giuseppe Verdi, Dmitri Shostakovich e Pyotr Ilyich Tchaikovsky, em um programa que transita entre o lirismo oper\u00edstico italiano, a sofistica\u00e7\u00e3o r\u00edtmica do repert\u00f3rio sinf\u00f4nico russo e a expressividade do ballet cl\u00e1ssico.<\/p>\n\n\n\n<p>O concerto marca tr\u00eas efem\u00e9rides significativas: os 150 anos da composi\u00e7\u00e3o do ballet <em>O Lago dos Cisnes<\/em>, os 150 anos da morte de Francesco Maria Piave &#8211; c\u00e9lebre por seus libretos para diversas \u00f3peras de Verdi &#8211; e os 120 anos do nascimento de Shostakovich.&nbsp; A reg\u00eancia \u00e9 dos maestros Tiago Morandi Roscani e Samuel Nascimento de Lima.<\/p>\n\n\n\n<p>O programa inclui trechos marcantes da obra de Verdi, compositor central do romantismo italiano, cuja produ\u00e7\u00e3o oper\u00edstica moldou o teatro musical ocidental. A men\u00e7\u00e3o a Francesco Maria Piave refor\u00e7a a dimens\u00e3o liter\u00e1ria do concerto, destacando a relev\u00e2ncia do libreto na constru\u00e7\u00e3o dram\u00e1tica de obras que permanecem vivas nos principais palcos do mundo.<\/p>\n\n\n\n<p>Nesta vertente l\u00edrica, o concerto contar\u00e1 com a participa\u00e7\u00e3o especial do tenor Arthur Raymundo e da soprano Laura Duarte, que interpretar\u00e3o trechos oper\u00edsticos, ampliando a dimens\u00e3o dram\u00e1tica do repert\u00f3rio e proporcionando ao p\u00fablico a experi\u00eancia plena da voz solista em di\u00e1logo com a massa sinf\u00f4nica.<\/p>\n\n\n\n<p><strong>O Lago dos Cisnes<\/strong><\/p>\n\n\n\n<p>Comemorando 150 anos de sua composi\u00e7\u00e3o, o ballet<em> O Lago dos Cisnes<\/em> \u00e9 um dos t\u00edtulos mais emblem\u00e1ticos do repert\u00f3rio cl\u00e1ssico. A m\u00fasica de Tchaikovsky combina lirismo mel\u00f3dico e densidade orquestral, criando atmosferas que atravessam gera\u00e7\u00f5es e consolidam a obra como um dos maiores \u00edcones da hist\u00f3ria da dan\u00e7a e da m\u00fasica sinf\u00f4nica.<\/p>\n\n\n\n<p>O concerto tamb\u00e9m celebra os 120 anos do nascimento de Shostakovich com a execu\u00e7\u00e3o de trechos da <em>Jazz Suite N\u00ba 2<\/em>, obra que evidencia o di\u00e1logo entre a tradi\u00e7\u00e3o sinf\u00f4nica e elementos do jazz, revelando a versatilidade e a inventividade do compositor russo no s\u00e9culo 20.<\/p>\n\n\n\n<p>O maestro Tiago Morandi Roscani destaca o car\u00e1ter simb\u00f3lico e art\u00edstico do programa. \u201cEste concerto foi concebido como um tributo \u00e0 perman\u00eancia da grande m\u00fasica. Celebramos tr\u00eas momentos hist\u00f3ricos distintos, mas unidos pela for\u00e7a da cria\u00e7\u00e3o art\u00edstica\u201d, comenta. \u201cA participa\u00e7\u00e3o do tenor Arthur Raymundo e da soprano Laura Duarte eleva ainda mais o car\u00e1ter l\u00edrico do concerto, intensificando a conex\u00e3o entre a obra e o p\u00fablico\u201d.<\/p>\n\n\n\n<p><strong>Servi\u00e7o<\/strong><strong><br>Sinf\u00f4nico e L\u00edrico: Celebrando Grandes Mestres<\/strong><\/p>\n\n\n\n<p>Banda Sinf\u00f4nica da Corpora\u00e7\u00e3o Musical Villa-Lobos<br><strong>Participa\u00e7\u00e3o especial<\/strong>: Arthur Raymundo (tenor) e Laura Duarte (soprano)<br><strong>Data<\/strong>: 14 de mar\u00e7o (s\u00e1bado)<\/p>\n\n\n\n<p><strong>Hor\u00e1rio<\/strong>: 20h<\/p>\n\n\n\n<p><strong>Local<\/strong>: Sala Acr\u00edsio de Camargo, no Ciaei (Centro Integrado de Apoio \u00e0 Educa\u00e7\u00e3o de Indaiatuba)<\/p>\n\n\n\n<p><strong>Endere\u00e7o<\/strong>: Av. Eng. F\u00e1bio Roberto Barnab\u00e9, 3.665, Jardim Regina, Indaiatuba (SP)<\/p>\n\n\n\n<p><strong>Entrada franca e por ordem de chegada<\/strong><strong><br><br><\/strong><\/p>\n","protected":false},"excerpt":{"rendered":"<p>Banda Sinf\u00f4nica apresenta cl\u00e1ssicos no Ciaei com participa\u00e7\u00e3o de Arthur Raymundo e Laura Duarte A Banda Sinf\u00f4nica da Corpora\u00e7\u00e3o Musical Villa-Lobos apresenta no pr\u00f3ximo dia 14 de mar\u00e7o, \u00e0s 20h, no Ciaei \u2013 Centro Integrado de Apoio \u00e0 Educa\u00e7\u00e3o de Indaiatuba, o concerto Sinf\u00f4nico e L\u00edrico: Celebrando Grandes Mestres, com participa\u00e7\u00e3o especial do tenor Arthur [&hellip;]<\/p>\n","protected":false},"author":7,"featured_media":31060,"comment_status":"closed","ping_status":"open","sticky":false,"template":"","format":"standard","meta":{"rop_custom_images_group":[],"rop_custom_messages_group":[],"rop_publish_now":"yes","rop_publish_now_accounts":[],"rop_publish_now_history":[],"rop_publish_now_status":"pending","footnotes":""},"categories":[188],"tags":[],"class_list":["post-31059","post","type-post","status-publish","format-standard","has-post-thumbnail","hentry","category-indaiatuba"],"amp_enabled":true,"_links":{"self":[{"href":"https:\/\/imais.online\/portal\/wp-json\/wp\/v2\/posts\/31059","targetHints":{"allow":["GET"]}}],"collection":[{"href":"https:\/\/imais.online\/portal\/wp-json\/wp\/v2\/posts"}],"about":[{"href":"https:\/\/imais.online\/portal\/wp-json\/wp\/v2\/types\/post"}],"author":[{"embeddable":true,"href":"https:\/\/imais.online\/portal\/wp-json\/wp\/v2\/users\/7"}],"replies":[{"embeddable":true,"href":"https:\/\/imais.online\/portal\/wp-json\/wp\/v2\/comments?post=31059"}],"version-history":[{"count":1,"href":"https:\/\/imais.online\/portal\/wp-json\/wp\/v2\/posts\/31059\/revisions"}],"predecessor-version":[{"id":31062,"href":"https:\/\/imais.online\/portal\/wp-json\/wp\/v2\/posts\/31059\/revisions\/31062"}],"wp:featuredmedia":[{"embeddable":true,"href":"https:\/\/imais.online\/portal\/wp-json\/wp\/v2\/media\/31060"}],"wp:attachment":[{"href":"https:\/\/imais.online\/portal\/wp-json\/wp\/v2\/media?parent=31059"}],"wp:term":[{"taxonomy":"category","embeddable":true,"href":"https:\/\/imais.online\/portal\/wp-json\/wp\/v2\/categories?post=31059"},{"taxonomy":"post_tag","embeddable":true,"href":"https:\/\/imais.online\/portal\/wp-json\/wp\/v2\/tags?post=31059"}],"curies":[{"name":"wp","href":"https:\/\/api.w.org\/{rel}","templated":true}]}}