{"id":31063,"date":"2026-03-10T08:21:00","date_gmt":"2026-03-10T11:21:00","guid":{"rendered":"https:\/\/imais.online\/portal\/?p=31063"},"modified":"2026-03-08T21:00:51","modified_gmt":"2026-03-09T00:00:51","slug":"prefeitura-de-indaiatuba-abre-inscricoes-de-concurso-publico-para-professor-no-dia-16-de-marco","status":"publish","type":"post","link":"https:\/\/imais.online\/portal\/prefeitura-de-indaiatuba-abre-inscricoes-de-concurso-publico-para-professor-no-dia-16-de-marco\/","title":{"rendered":"Prefeitura de Indaiatuba abre inscri\u00e7\u00f5es de Concurso P\u00fablico para Professor no dia 16 de mar\u00e7o"},"content":{"rendered":"<div class=\"imais-before-content-placement\" id=\"imais-1810146234\"><script async src=\"\/\/pagead2.googlesyndication.com\/pagead\/js\/adsbygoogle.js?client=ca-pub-8787528412751566\" crossorigin=\"anonymous\"><\/script><ins class=\"adsbygoogle\" style=\"display:block;\" data-ad-client=\"ca-pub-8787528412751566\" \ndata-ad-slot=\"\" \ndata-ad-format=\"auto\"><\/ins>\n<script> \n(adsbygoogle = window.adsbygoogle || []).push({}); \n<\/script>\n<\/div>\n<p class=\"has-text-align-center\"><em>S\u00e3o 50 vagas para Professor Docente I<\/em><\/p>\n\n\n\n<p>A Prefeitura Municipal de Indaiatuba publicou o <strong>Edital n\u00ba 1, de 6 de mar\u00e7o de 2026<\/strong>, que abre Concurso P\u00fablico para o cargo de <strong>Professor Docente I<\/strong>, com oferta de <strong>46 vagas para ampla concorr\u00eancia<\/strong>, al\u00e9m de <strong>duas (2) vagas para pessoas com defici\u00eancia<\/strong> e duasS (<strong>2) vagas para candidatos negros<\/strong>, totalizando <strong>50 vagas imediatas<\/strong>, al\u00e9m de forma\u00e7\u00e3o de cadastro reserva.<\/p>\n\n\n\n<p>O concurso ser\u00e1 organizado pela <strong>Consulplan<\/strong> e todas as etapas seguem as normas previstas no edital, divulgado na Imprensa Oficial de hoje (06\/03\/2026), Edi\u00e7\u00e3o n\u00ba 3533.<\/p>\n\n\n\n<p>As inscri\u00e7\u00f5es devem ser feitas <strong>exclusivamente pela internet<\/strong>, no site <strong><a href=\"http:\/\/www.consulplan.net\">www.consulplan.net<\/a><\/strong>, no per\u00edodo de: <strong>16 de mar\u00e7o de 2026<\/strong> <strong>(a partir das 16h), <\/strong>at\u00e9 <strong>28 de abril de 2026 (\u00e0s 16h) &#8211; <\/strong>(hor\u00e1rio oficial de Bras\u00edlia).<br>A taxa de inscri\u00e7\u00e3o \u00e9 de <strong>R$ 48,00<\/strong>, e o pagamento dever\u00e1 ser realizado por meio de boleto banc\u00e1rio gerado no pr\u00f3prio sistema de inscri\u00e7\u00e3o. A inscri\u00e7\u00e3o s\u00f3 ser\u00e1 confirmada ap\u00f3s a compensa\u00e7\u00e3o do pagamento dentro do prazo estabelecido.<\/p>\n\n\n\n<p>Para solicitar isen\u00e7\u00e3o da taxa, o candidato deve ser doador de medula \u00f3ssea, doador regular de sangue, doadora regular de leite materno ou candidatos inscritos no Cad\u00danico (hipossuficientes), atendendo a legisla\u00e7\u00e3o municipal, no per\u00edodo entre <strong>16 de mar\u00e7o e 7 de abril de 2026<\/strong>, tamb\u00e9m pelo site da Consulplan, com envio da documenta\u00e7\u00e3o comprobat\u00f3ria.<\/p>\n\n\n\n<p>O cargo \u00e9 de <strong>Professor Docente I<\/strong>, para atua\u00e7\u00e3o na <strong>Educa\u00e7\u00e3o Infantil e\/ou nos anos iniciais do Ensino Fundamental. <\/strong>A jornada poder\u00e1 ser de <strong>25h, 30h ou 40h semanais<\/strong>, conforme necessidade da Secretaria Municipal de Educa\u00e7\u00e3o.<\/p>\n\n\n\n<p>Vencimento b\u00e1sico:<br><strong>*40h semanais:<\/strong> R$ 5.998,65<br><strong>*30h semanais:<\/strong> R$ 4.498,99<br><strong>*25h semanais:<\/strong> R$ 3.749,16<\/p>\n\n\n\n<p><strong>Al\u00e9m do vencimento, o servidor recebe:<\/strong><\/p>\n\n\n\n<p><strong>*R$ 1.200,00 de Cart\u00e3o Alimenta\u00e7\u00e3o<\/strong><strong><br><\/strong>*Assist\u00eancia \u00e0 sa\u00fade (SEPREV \u2013 opcional)<br>*Seguro por morte acidental<br>*50% de desconto no transporte p\u00fablico municipal<br>*Licen\u00e7a-pr\u00eamio por assiduidade<\/p>\n\n\n\n<p>Os servidores estar\u00e3o vinculados ao Regime Pr\u00f3prio de Previd\u00eancia Social do Munic\u00edpio.<\/p>\n\n\n\n<p>O processo seletivo ser\u00e1 composto por p<strong>rova objetiva<\/strong>, <strong>discursiva<\/strong> e a<strong>valia\u00e7\u00e3o de t\u00edtulos<\/strong>. E a aplica\u00e7\u00e3o das provas est\u00e1 prevista para o dia <strong>31 de maio de 2026<\/strong>, no per\u00edodo da tarde, em Indaiatuba.<\/p>\n\n\n\n<p>O edital completo est\u00e1 dispon\u00edvel nos sites da Prefeitura de Indaiatuba, <a href=\"http:\/\/www.indaiatuba.sp.gov.br\">www.indaiatuba.sp.gov.br<\/a>, publicado nesta data na Imprensa Oficial, e da Consulplan, <strong><a href=\"http:\/\/www.consulplan.net\">www.consulplan.net<\/a>.<\/strong><\/p>\n\n\n\n<p>Servi\u00e7o<strong>Concurso P\u00fablico \u2013 Professor Docente I<\/strong><br>Prefeitura Municipal de Indaiatuba<br>Inscri\u00e7\u00f5es: das 16h do dia 16\/03\/2026 at\u00e9 16h do dia 28\/04\/2026<br>Site: <a href=\"http:\/\/www.consulplan.net\">www.consulplan.net<\/a><br>Taxa: R$ 48,00<br>Prova: 31 de maio de 2026 (tarde)<br><\/p>\n","protected":false},"excerpt":{"rendered":"<p>S\u00e3o 50 vagas para Professor Docente I A Prefeitura Municipal de Indaiatuba publicou o Edital n\u00ba 1, de 6 de mar\u00e7o de 2026, que abre Concurso P\u00fablico para o cargo de Professor Docente I, com oferta de 46 vagas para ampla concorr\u00eancia, al\u00e9m de duas (2) vagas para pessoas com defici\u00eancia e duasS (2) vagas [&hellip;]<\/p>\n","protected":false},"author":7,"featured_media":31064,"comment_status":"closed","ping_status":"open","sticky":false,"template":"","format":"standard","meta":{"rop_custom_images_group":[],"rop_custom_messages_group":[],"rop_publish_now":"yes","rop_publish_now_accounts":[],"rop_publish_now_history":[],"rop_publish_now_status":"pending","footnotes":""},"categories":[188],"tags":[73],"class_list":["post-31063","post","type-post","status-publish","format-standard","has-post-thumbnail","hentry","category-indaiatuba","tag-featured"],"amp_enabled":true,"_links":{"self":[{"href":"https:\/\/imais.online\/portal\/wp-json\/wp\/v2\/posts\/31063","targetHints":{"allow":["GET"]}}],"collection":[{"href":"https:\/\/imais.online\/portal\/wp-json\/wp\/v2\/posts"}],"about":[{"href":"https:\/\/imais.online\/portal\/wp-json\/wp\/v2\/types\/post"}],"author":[{"embeddable":true,"href":"https:\/\/imais.online\/portal\/wp-json\/wp\/v2\/users\/7"}],"replies":[{"embeddable":true,"href":"https:\/\/imais.online\/portal\/wp-json\/wp\/v2\/comments?post=31063"}],"version-history":[{"count":1,"href":"https:\/\/imais.online\/portal\/wp-json\/wp\/v2\/posts\/31063\/revisions"}],"predecessor-version":[{"id":31065,"href":"https:\/\/imais.online\/portal\/wp-json\/wp\/v2\/posts\/31063\/revisions\/31065"}],"wp:featuredmedia":[{"embeddable":true,"href":"https:\/\/imais.online\/portal\/wp-json\/wp\/v2\/media\/31064"}],"wp:attachment":[{"href":"https:\/\/imais.online\/portal\/wp-json\/wp\/v2\/media?parent=31063"}],"wp:term":[{"taxonomy":"category","embeddable":true,"href":"https:\/\/imais.online\/portal\/wp-json\/wp\/v2\/categories?post=31063"},{"taxonomy":"post_tag","embeddable":true,"href":"https:\/\/imais.online\/portal\/wp-json\/wp\/v2\/tags?post=31063"}],"curies":[{"name":"wp","href":"https:\/\/api.w.org\/{rel}","templated":true}]}}