{"id":31069,"date":"2026-03-10T14:35:00","date_gmt":"2026-03-10T17:35:00","guid":{"rendered":"https:\/\/imais.online\/portal\/?p=31069"},"modified":"2026-03-09T20:52:59","modified_gmt":"2026-03-09T23:52:59","slug":"prefeitura-e-sou-orientam-sobre-utilizacao-da-tarifa-zero-aos-domingos-no-transporte-coletivo","status":"publish","type":"post","link":"https:\/\/imais.online\/portal\/prefeitura-e-sou-orientam-sobre-utilizacao-da-tarifa-zero-aos-domingos-no-transporte-coletivo\/","title":{"rendered":"Prefeitura e SOU orientam sobre utiliza\u00e7\u00e3o da Tarifa Zero aos domingos no transporte coletivo"},"content":{"rendered":"<div class=\"imais-before-content-placement\" id=\"imais-260187107\"><script async src=\"\/\/pagead2.googlesyndication.com\/pagead\/js\/adsbygoogle.js?client=ca-pub-8787528412751566\" crossorigin=\"anonymous\"><\/script><ins class=\"adsbygoogle\" style=\"display:block;\" data-ad-client=\"ca-pub-8787528412751566\" \ndata-ad-slot=\"\" \ndata-ad-format=\"auto\"><\/ins>\n<script> \n(adsbygoogle = window.adsbygoogle || []).push({}); \n<\/script>\n<\/div>\n<p><em>Linha 325 atender\u00e1 o Parque do Mirim tamb\u00e9m aos domingos<\/em><\/p>\n\n\n\n<p>A Secretaria de Mobilidade Urbana e a SOU Indaiatuba informam que a Tarifa Zero aos domingos no servi\u00e7o de transporte coletivo do munic\u00edpio entrar\u00e1 em vigor em abril. Para usufruir do benef\u00edcio, o usu\u00e1rio dever\u00e1 utilizar o cart\u00e3o eletr\u00f4nico em qualquer modalidade, o que permitir\u00e1 um maior controle de utiliza\u00e7\u00e3o do servi\u00e7o.<\/p>\n\n\n\n<p>Os usu\u00e1rios que ainda n\u00e3o t\u00eam o cart\u00e3o SOU podem fazer a primeira via gratuitamente. Para isso, basta apresentar CPF e RG originais e comprovante de endere\u00e7o de 2026 no guich\u00ea da SOU localizado no Ponto Cidad\u00e3o. O atendimento \u00e9 de segunda a sexta-feira, das 9h \u00e0s 17h.<\/p>\n\n\n\n<p>Para esclarecer d\u00favidas, a SOU disponibiliza o Servi\u00e7o de Atendimento ao Consumidor (SAC) por meio do WhatsApp 0800 460 0800 e (19) 3518-7800.<\/p>\n\n\n\n<p>A Tarifa Zero aos domingos \u00e9 uma das a\u00e7\u00f5es previstas no Programa Municipal de Mobilidade Urbana de Indaiatuba (Promob), e foi anunciada pelo prefeito Dr. Cust\u00f3dio Tavares no dia 27 de fevereiro, em conjunto com outras melhorias no transporte coletivo urbano.<\/p>\n\n\n\n<p>Para complementar o benef\u00edcio, o munic\u00edpio tamb\u00e9m implantar\u00e1 atendimento ao Parque do Mirim pela linha 325, tamb\u00e9m aos domingos. Dessa forma, a Prefeitura investe na melhoria da qualidade de vida das pessoas e no direito social ao transporte, al\u00e9m de incentivar a utiliza\u00e7\u00e3o do transporte coletivo como um meio sustent\u00e1vel de mobilidade.<\/p>\n\n\n\n<p><strong>Servi\u00e7o<\/strong><\/p>\n\n\n\n<p>Emiss\u00e3o do cart\u00e3o SOU<\/p>\n\n\n\n<p>Local: Guich\u00ea da SOU no Ponto Cidad\u00e3o (Rua Vinte e Quatro de Maio, 1670 \u2013 Centro)<\/p>\n\n\n\n<p>Hor\u00e1rio: das 9h \u00e0s 17h, de segunda a sexta-feira<\/p>\n\n\n\n<p>Documentos: CPF e RG originais e comprovante de endere\u00e7o atualizado (2026)<\/p>\n\n\n\n<p><\/p>\n","protected":false},"excerpt":{"rendered":"<p>Linha 325 atender\u00e1 o Parque do Mirim tamb\u00e9m aos domingos A Secretaria de Mobilidade Urbana e a SOU Indaiatuba informam que a Tarifa Zero aos domingos no servi\u00e7o de transporte coletivo do munic\u00edpio entrar\u00e1 em vigor em abril. Para usufruir do benef\u00edcio, o usu\u00e1rio dever\u00e1 utilizar o cart\u00e3o eletr\u00f4nico em qualquer modalidade, o que permitir\u00e1 [&hellip;]<\/p>\n","protected":false},"author":7,"featured_media":31070,"comment_status":"closed","ping_status":"open","sticky":false,"template":"","format":"standard","meta":{"rop_custom_images_group":[],"rop_custom_messages_group":[],"rop_publish_now":"yes","rop_publish_now_accounts":[],"rop_publish_now_history":[],"rop_publish_now_status":"pending","footnotes":""},"categories":[188],"tags":[],"class_list":["post-31069","post","type-post","status-publish","format-standard","has-post-thumbnail","hentry","category-indaiatuba"],"amp_enabled":true,"_links":{"self":[{"href":"https:\/\/imais.online\/portal\/wp-json\/wp\/v2\/posts\/31069","targetHints":{"allow":["GET"]}}],"collection":[{"href":"https:\/\/imais.online\/portal\/wp-json\/wp\/v2\/posts"}],"about":[{"href":"https:\/\/imais.online\/portal\/wp-json\/wp\/v2\/types\/post"}],"author":[{"embeddable":true,"href":"https:\/\/imais.online\/portal\/wp-json\/wp\/v2\/users\/7"}],"replies":[{"embeddable":true,"href":"https:\/\/imais.online\/portal\/wp-json\/wp\/v2\/comments?post=31069"}],"version-history":[{"count":1,"href":"https:\/\/imais.online\/portal\/wp-json\/wp\/v2\/posts\/31069\/revisions"}],"predecessor-version":[{"id":31071,"href":"https:\/\/imais.online\/portal\/wp-json\/wp\/v2\/posts\/31069\/revisions\/31071"}],"wp:featuredmedia":[{"embeddable":true,"href":"https:\/\/imais.online\/portal\/wp-json\/wp\/v2\/media\/31070"}],"wp:attachment":[{"href":"https:\/\/imais.online\/portal\/wp-json\/wp\/v2\/media?parent=31069"}],"wp:term":[{"taxonomy":"category","embeddable":true,"href":"https:\/\/imais.online\/portal\/wp-json\/wp\/v2\/categories?post=31069"},{"taxonomy":"post_tag","embeddable":true,"href":"https:\/\/imais.online\/portal\/wp-json\/wp\/v2\/tags?post=31069"}],"curies":[{"name":"wp","href":"https:\/\/api.w.org\/{rel}","templated":true}]}}