{"id":31072,"date":"2026-03-10T11:37:00","date_gmt":"2026-03-10T14:37:00","guid":{"rendered":"https:\/\/imais.online\/portal\/?p=31072"},"modified":"2026-03-09T20:51:20","modified_gmt":"2026-03-09T23:51:20","slug":"unilever-seleciona-o-instituto-nanquin-para-patrocinar-projeto-cultural-que-impactara-jovens-de-indaiatuba","status":"publish","type":"post","link":"https:\/\/imais.online\/portal\/unilever-seleciona-o-instituto-nanquin-para-patrocinar-projeto-cultural-que-impactara-jovens-de-indaiatuba\/","title":{"rendered":"Unilever seleciona o Instituto Nanquin para patrocinar projeto cultural que impactar\u00e1 jovens de Indaiatuba"},"content":{"rendered":"<div class=\"imais-before-content-placement\" id=\"imais-2308919258\"><script async src=\"\/\/pagead2.googlesyndication.com\/pagead\/js\/adsbygoogle.js?client=ca-pub-8787528412751566\" crossorigin=\"anonymous\"><\/script><ins class=\"adsbygoogle\" style=\"display:block;\" data-ad-client=\"ca-pub-8787528412751566\" \ndata-ad-slot=\"\" \ndata-ad-format=\"auto\"><\/ins>\n<script> \n(adsbygoogle = window.adsbygoogle || []).push({}); \n<\/script>\n<\/div>\n<p><\/p>\n\n\n\n<p class=\"has-text-align-center\"><em>Projeto Gente Arteira, viabilizado pela Lei Rouanet, levar\u00e1 oficinas de dan\u00e7a, teatro e m\u00fasica a 750 estudantes da rede p\u00fablica estadual ao longo de 2026<\/em><\/p>\n\n\n\n<p>O Instituto Nanquin foi selecionado pela Unilever, ap\u00f3s processo conduzido ao longo de 2025, para receber patroc\u00ednio ao Projeto Gente Arteira por meio da Lei Rouanet. A parceria ter\u00e1 vig\u00eancia de 12 meses durante o ano de 2026 e consolida o reconhecimento da relev\u00e2ncia social e cultural do trabalho desenvolvido pela institui\u00e7\u00e3o.<\/p>\n\n\n\n<p>O Projeto Gente Arteira atende crian\u00e7as e adolescentes da rede p\u00fablica estadual de ensino, com foco em estudantes em situa\u00e7\u00e3o de vulnerabilidade social. A proposta \u00e9 inserir oficinas de dan\u00e7a, teatro e m\u00fasica no ambiente escolar, ampliando o acesso \u00e0 cultura e promovendo duas apresenta\u00e7\u00f5es art\u00edsticas ao longo do ano.<\/p>\n\n\n\n<p>Ser\u00e3o beneficiados diretamente 750 estudantes da rede p\u00fablica estadual de Indaiatuba e 50 adolescentes e jovens vinculados a uma associa\u00e7\u00e3o comunit\u00e1ria. O impacto indireto alcan\u00e7a aproximadamente 2.500 pessoas entre familiares e comunidade, fortalecendo o entorno escolar e ampliando o acesso \u00e0 arte e ao lazer para p\u00fablicos que, muitas vezes, n\u00e3o t\u00eam essa oportunidade.<\/p>\n\n\n\n<p>O projeto est\u00e1 alinhado aos princ\u00edpios de ESG ao incentivar o uso consciente de materiais nas oficinas, com reaproveitamento e reciclagem, al\u00e9m de promover inclus\u00e3o social, desenvolvimento de habilidades socioemocionais, fortalecimento de v\u00ednculos comunit\u00e1rios e gera\u00e7\u00e3o de pertencimento e identidade cultural. Entre os resultados esperados est\u00e3o o aumento da autoestima, o est\u00edmulo \u00e0 autonomia e poss\u00edveis impactos positivos na perman\u00eancia escolar.<\/p>\n\n\n\n<p>A iniciativa dialoga diretamente com o hist\u00f3rico da Unilever em sustentabilidade, impacto social, desenvolvimento comunit\u00e1rio, diversidade e inclus\u00e3o, refor\u00e7ando o compromisso da empresa com a\u00e7\u00f5es que geram transforma\u00e7\u00e3o estrutural nos territ\u00f3rios onde atua. Para o Instituto Nanquin, a parceria representa um passo estrat\u00e9gico na amplia\u00e7\u00e3o do alcance das atividades culturais no munic\u00edpio. \u201cEstamos muito felizes com a parceria com a Unilever, pois desta forma poderemos gerar oportunidades a jovens que n\u00e3o teriam acesso a estas atividades culturais. Levar a cultura aos menos favorecidos \u00e9 poder transformar a vida destes jovens e torn\u00e1-los protagonistas de suas hist\u00f3rias, com impacto positivo na escola, bairro, comunidade e cidade\u201d, destaca Carmen Ajala, fundadora da institui\u00e7\u00e3o.<br><br><\/p>\n","protected":false},"excerpt":{"rendered":"<p>Projeto Gente Arteira, viabilizado pela Lei Rouanet, levar\u00e1 oficinas de dan\u00e7a, teatro e m\u00fasica a 750 estudantes da rede p\u00fablica estadual ao longo de 2026 O Instituto Nanquin foi selecionado pela Unilever, ap\u00f3s processo conduzido ao longo de 2025, para receber patroc\u00ednio ao Projeto Gente Arteira por meio da Lei Rouanet. A parceria ter\u00e1 vig\u00eancia [&hellip;]<\/p>\n","protected":false},"author":7,"featured_media":31073,"comment_status":"closed","ping_status":"open","sticky":false,"template":"","format":"standard","meta":{"rop_custom_images_group":[],"rop_custom_messages_group":[],"rop_publish_now":"yes","rop_publish_now_accounts":[],"rop_publish_now_history":[],"rop_publish_now_status":"pending","footnotes":""},"categories":[188],"tags":[],"class_list":["post-31072","post","type-post","status-publish","format-standard","has-post-thumbnail","hentry","category-indaiatuba"],"amp_enabled":true,"_links":{"self":[{"href":"https:\/\/imais.online\/portal\/wp-json\/wp\/v2\/posts\/31072","targetHints":{"allow":["GET"]}}],"collection":[{"href":"https:\/\/imais.online\/portal\/wp-json\/wp\/v2\/posts"}],"about":[{"href":"https:\/\/imais.online\/portal\/wp-json\/wp\/v2\/types\/post"}],"author":[{"embeddable":true,"href":"https:\/\/imais.online\/portal\/wp-json\/wp\/v2\/users\/7"}],"replies":[{"embeddable":true,"href":"https:\/\/imais.online\/portal\/wp-json\/wp\/v2\/comments?post=31072"}],"version-history":[{"count":1,"href":"https:\/\/imais.online\/portal\/wp-json\/wp\/v2\/posts\/31072\/revisions"}],"predecessor-version":[{"id":31074,"href":"https:\/\/imais.online\/portal\/wp-json\/wp\/v2\/posts\/31072\/revisions\/31074"}],"wp:featuredmedia":[{"embeddable":true,"href":"https:\/\/imais.online\/portal\/wp-json\/wp\/v2\/media\/31073"}],"wp:attachment":[{"href":"https:\/\/imais.online\/portal\/wp-json\/wp\/v2\/media?parent=31072"}],"wp:term":[{"taxonomy":"category","embeddable":true,"href":"https:\/\/imais.online\/portal\/wp-json\/wp\/v2\/categories?post=31072"},{"taxonomy":"post_tag","embeddable":true,"href":"https:\/\/imais.online\/portal\/wp-json\/wp\/v2\/tags?post=31072"}],"curies":[{"name":"wp","href":"https:\/\/api.w.org\/{rel}","templated":true}]}}