{"id":31075,"date":"2026-03-09T20:39:55","date_gmt":"2026-03-09T23:39:55","guid":{"rendered":"https:\/\/imais.online\/portal\/?p=31075"},"modified":"2026-03-09T20:39:57","modified_gmt":"2026-03-09T23:39:57","slug":"sinfonica-de-indaiatuba-abre-temporada-2026-com-violinista-da-osesp","status":"publish","type":"post","link":"https:\/\/imais.online\/portal\/sinfonica-de-indaiatuba-abre-temporada-2026-com-violinista-da-osesp\/","title":{"rendered":"Sinf\u00f4nica de Indaiatuba abre temporada 2026 com violinista da OSESP"},"content":{"rendered":"<div class=\"imais-before-content-placement\" id=\"imais-1263516341\"><script async src=\"\/\/pagead2.googlesyndication.com\/pagead\/js\/adsbygoogle.js?client=ca-pub-8787528412751566\" crossorigin=\"anonymous\"><\/script><ins class=\"adsbygoogle\" style=\"display:block;\" data-ad-client=\"ca-pub-8787528412751566\" \ndata-ad-slot=\"\" \ndata-ad-format=\"auto\"><\/ins>\n<script> \n(adsbygoogle = window.adsbygoogle || []).push({}); \n<\/script>\n<\/div>\n<p class=\"has-text-align-center\"><em>Com reg\u00eancia do maestro Paulo de Paula, encontro que acontece dia 21 tem participa\u00e7\u00e3o do m\u00fasico Emmanuele Baldini<\/em><\/p>\n\n\n\n<p>A <strong>Orquestra Sinf\u00f4nica de Indaiatuba<\/strong> abre a <strong>Temporada 2026<\/strong> no pr\u00f3ximo dia <strong>21<\/strong>, \u00e0s <strong>20h<\/strong>, com um concerto especial sob reg\u00eancia do maestro <strong>Paulo de Paula <\/strong>e participa\u00e7\u00e3o do violinista <strong>Emmanuele Baldini<\/strong>, spalla da Orquestra Sinf\u00f4nica do Estado de S\u00e3o Paulo (OSESP) e um dos principais nomes do instrumento em atividade no pa\u00eds. O programa re\u00fane obras <strong>de Gioachino Rossini<\/strong> e <strong>Ludwig van Beethoven<\/strong> e deve atrair p\u00fablico de diversas cidades da regi\u00e3o. Durante o evento ser\u00e1 realizada a pintura de uma obra ao vivo e a entrada \u00e9 gratuita.<\/p>\n\n\n\n<p><strong>Concerto re\u00fane Beethoven e Rossini<\/strong><\/p>\n\n\n\n<p>O concerto marca o in\u00edcio da programa\u00e7\u00e3o anual da <strong>Orquestra Sinf\u00f4nica de Indaiatuba<\/strong>, um dos principais projetos de difus\u00e3o da m\u00fasica de concerto do interior paulista. A apresenta\u00e7\u00e3o prop\u00f5e um encontro entre dois estilos marcantes do in\u00edcio do s\u00e9culo 19: o lirismo e a leveza da \u00f3pera italiana de <strong>Rossini <\/strong>e a for\u00e7a dram\u00e1tica da m\u00fasica sinf\u00f4nica de <strong>Beethoven<\/strong>.<\/p>\n\n\n\n<p>A abertura <strong>La Scala di Seta<\/strong> (A Escada de Seda), de Rossini, foi composta para uma \u00f3pera c\u00f4mica marcada por intrigas amorosas e situa\u00e7\u00f5es divertidas. A obra traduz em m\u00fasica o clima leve e bem-humorado t\u00edpico do compositor italiano.<\/p>\n\n\n\n<p>J\u00e1 o <strong>Concerto para Violino em R\u00e9 Maior<\/strong>, op. 61, de Beethoven, \u00e9 considerado uma das obras mais importantes do repert\u00f3rio para violino e orquestra. Composto pouco antes da c\u00e9lebre Quinta Sinfonia, o concerto ampliou as dimens\u00f5es do g\u00eanero ao incorporar uma escrita de car\u00e1ter sinf\u00f4nico e dram\u00e1tico. A obra \u00e9 estruturada em tr\u00eas movimentos: Allegro, ma non troppo; Larghetto e Rondo.<\/p>\n\n\n\n<p><strong>CONVIDADO<\/strong> Para interpretar essa pe\u00e7a, a Sinf\u00f4nica recebe o violinista <strong>Emmanuele Baldini<\/strong>, artista italiano radicado no Brasil e reconhecido internacionalmente. Spalla da OSESP, Baldini tamb\u00e9m \u00e9 regente titular da Orquestra Sinf\u00f4nica do Conservat\u00f3rio de Tatu\u00ed e integrante do Quarteto de Cordas da OSESP.<\/p>\n\n\n\n<p>Ao longo da carreira, venceu importantes concursos internacionais, como o Virtuosit\u00e8 de Genebra e o F\u00f3rum Junger K\u00fcnstler de Viena, al\u00e9m de realizar turn\u00eas pela Europa, Am\u00e9rica, \u00c1sia e Oceania. Em 2017 recebeu o Pr\u00eamio APCA de Melhor Instrumentista e, em 2021, foi agraciado pelo Governo do Estado de S\u00e3o Paulo com a Medalha Tarsila do Amaral, em reconhecimento aos seus m\u00e9ritos art\u00edsticos.<\/p>\n\n\n\n<p><strong>Arte urbana&nbsp;<\/strong>Durante o concerto o artista visual, <a href=\"https:\/\/www.instagram.com\/suzanito.ostp\/\"><strong>Suzanito<\/strong><\/a>&nbsp;pintar\u00e1 uma obra. Curador atuante na arte urbana desde 2010, sua pesquisa conecta graffiti, educa\u00e7\u00e3o e transforma\u00e7\u00e3o social, o artista conquistou a primeira coloca\u00e7\u00e3o no <strong>9\u00ba Sal\u00e3o de Artes Visuais de Indaiatuba <\/strong>e participou do <a href=\"https:\/\/www.instagram.com\/meetingofavela\/\"><strong>Meeting Of Favela<\/strong><\/a>, no Rio de Janeiro.<\/p>\n\n\n\n<p>O concerto de abertura da <strong>Temporada 2026<\/strong> \u00e9 realizado com apoio do Programa de A\u00e7\u00e3o Cultural \u2013 ProAC, da Secretaria da Cultura, Economia e Ind\u00fastria Criativas do Governo do Estado de S\u00e3o Paulo e idealizado pela AMOSI (Associa\u00e7\u00e3o Mantenedora da Orquestra Sinf\u00f4nica de Indaiatuba), em parceria com a Prefeitura de Indaiatuba, por meio da Secretaria Municipal de Cultura, tem patroc\u00ednio das empresas Tuberfil, Plastek e John Deere, apoio da MM\u00eddia e Atom Lab.<\/p>\n\n\n\n<p><strong>SERVI\u00c7O<\/strong><strong><br>Sinf\u00f4nica de Indaiatuba \u2013 Concerto de abertura da Temporada 2026<br><\/strong><strong>Dire\u00e7\u00e3o art\u00edstica e reg\u00eancia:<\/strong> Paulo de Paula<br><strong>Solista convidado:<\/strong> Emmanuele Baldini (violino)<br><strong>Data:<\/strong> 21\/03 l <strong>Hor\u00e1rio:<\/strong> 20h<br><strong>Local:<\/strong> Sala Acr\u00edsio de Camargo &#8211; Ciaei l Endere\u00e7o: avenida Engenheiro F\u00e1bio Roberto Barnab\u00e9, 3665 &#8211; Jardim Regina, Indaiatuba\/SP \u2013 <a href=\"https:\/\/maps.app.goo.gl\/jYzsQJMbjr59xHBi9\"><strong>MAPA AQUI<\/strong><\/a>&nbsp;<\/p>\n\n\n\n<p><strong>REPERT\u00d3RIO<\/strong><strong><br><\/strong>Gioachino Rossini (1792\u20131868)<br>Abertura La Scala di Seta<br>Ludwig van Beethoven (1770\u20131827)<br>Concerto para Violino em R\u00e9 Maior, op. 61<br>Movimentos<\/p>\n\n\n\n<ul class=\"wp-block-list\">\n<li>Allegro, ma non troppo<\/li>\n\n\n\n<li>Larghetto<\/li>\n\n\n\n<li>Rondo<\/li>\n<\/ul>\n\n\n\n<p><strong>Para mais informa\u00e7\u00f5es, siga-nos nos canais oficiais<\/strong><\/p>\n\n\n\n<p>Site <a href=\"https:\/\/orquestraindaiatuba.com.br\/\">Sinf\u00f4nica<\/a><br>Instagram<a href=\"https:\/\/www.instagram.com\/sinfonicadeindaiatuba\/\"><strong> Sinf\u00f4nica<\/strong><\/a>&nbsp;<br>Facebook <a href=\"https:\/\/www.facebook.com\/orquestra.deindaiatuba\/?locale=pt_BR\"><strong>Sinf\u00f4nica<\/strong><\/a>&nbsp;<br>Youtube <a href=\"https:\/\/www.youtube.com\/c\/OrquestraSinf%C3%B4nicadeIndaiatuba\"><strong>Sinf\u00f4nica<\/strong><\/a>&nbsp;<\/p>\n\n\n\n<p><strong>Apoie a Cultura <\/strong>A AMOSI mant\u00e9m suas atividades gra\u00e7as ao patroc\u00ednio de empresas que destinam parte de seus impostos \u2013 por interm\u00e9dio de leis de incentivo \u2013 doa\u00e7\u00f5es e colabora\u00e7\u00f5es. Se voc\u00ea acredita no poder da m\u00fasica para transformar vidas, contribua com a AMOSI e ajude a levar cultura a mais pessoas. Fa\u00e7a uma doa\u00e7\u00e3o:<\/p>\n\n\n\n<ul class=\"wp-block-list\">\n<li><strong>PIX <\/strong><a href=\"mailto:orquestradeindaiatuba@gmail.com\">orquestradeindaiatuba@gmail.com<\/a><\/li>\n\n\n\n<li><strong>Transfer\u00eancia banc\u00e1ria<\/strong> Ag\u00eancia: 0001 l Conta: 1872039-2 l Institui\u00e7\u00e3o: 403 &#8211; Cora SCD<\/li>\n<\/ul>\n","protected":false},"excerpt":{"rendered":"<p>Com reg\u00eancia do maestro Paulo de Paula, encontro que acontece dia 21 tem participa\u00e7\u00e3o do m\u00fasico Emmanuele Baldini A Orquestra Sinf\u00f4nica de Indaiatuba abre a Temporada 2026 no pr\u00f3ximo dia 21, \u00e0s 20h, com um concerto especial sob reg\u00eancia do maestro Paulo de Paula e participa\u00e7\u00e3o do violinista Emmanuele Baldini, spalla da Orquestra Sinf\u00f4nica do [&hellip;]<\/p>\n","protected":false},"author":7,"featured_media":31076,"comment_status":"closed","ping_status":"open","sticky":false,"template":"","format":"standard","meta":{"rop_custom_images_group":[],"rop_custom_messages_group":[],"rop_publish_now":"yes","rop_publish_now_accounts":[],"rop_publish_now_history":[],"rop_publish_now_status":"pending","footnotes":""},"categories":[188],"tags":[],"class_list":["post-31075","post","type-post","status-publish","format-standard","has-post-thumbnail","hentry","category-indaiatuba"],"amp_enabled":true,"_links":{"self":[{"href":"https:\/\/imais.online\/portal\/wp-json\/wp\/v2\/posts\/31075","targetHints":{"allow":["GET"]}}],"collection":[{"href":"https:\/\/imais.online\/portal\/wp-json\/wp\/v2\/posts"}],"about":[{"href":"https:\/\/imais.online\/portal\/wp-json\/wp\/v2\/types\/post"}],"author":[{"embeddable":true,"href":"https:\/\/imais.online\/portal\/wp-json\/wp\/v2\/users\/7"}],"replies":[{"embeddable":true,"href":"https:\/\/imais.online\/portal\/wp-json\/wp\/v2\/comments?post=31075"}],"version-history":[{"count":1,"href":"https:\/\/imais.online\/portal\/wp-json\/wp\/v2\/posts\/31075\/revisions"}],"predecessor-version":[{"id":31077,"href":"https:\/\/imais.online\/portal\/wp-json\/wp\/v2\/posts\/31075\/revisions\/31077"}],"wp:featuredmedia":[{"embeddable":true,"href":"https:\/\/imais.online\/portal\/wp-json\/wp\/v2\/media\/31076"}],"wp:attachment":[{"href":"https:\/\/imais.online\/portal\/wp-json\/wp\/v2\/media?parent=31075"}],"wp:term":[{"taxonomy":"category","embeddable":true,"href":"https:\/\/imais.online\/portal\/wp-json\/wp\/v2\/categories?post=31075"},{"taxonomy":"post_tag","embeddable":true,"href":"https:\/\/imais.online\/portal\/wp-json\/wp\/v2\/tags?post=31075"}],"curies":[{"name":"wp","href":"https:\/\/api.w.org\/{rel}","templated":true}]}}