{"id":31078,"date":"2026-03-10T20:37:58","date_gmt":"2026-03-10T23:37:58","guid":{"rendered":"https:\/\/imais.online\/portal\/?p=31078"},"modified":"2026-03-10T20:37:59","modified_gmt":"2026-03-10T23:37:59","slug":"secretaria-da-saude-indaiatuba-avanca-no-processo-para-implantacao-do-samu-192","status":"publish","type":"post","link":"https:\/\/imais.online\/portal\/secretaria-da-saude-indaiatuba-avanca-no-processo-para-implantacao-do-samu-192\/","title":{"rendered":"Secretaria da Sa\u00fade Indaiatuba avan\u00e7a no processo para implanta\u00e7\u00e3o do Samu 192"},"content":{"rendered":"<div class=\"imais-before-content-placement\" id=\"imais-332636968\"><script async src=\"\/\/pagead2.googlesyndication.com\/pagead\/js\/adsbygoogle.js?client=ca-pub-8787528412751566\" crossorigin=\"anonymous\"><\/script><ins class=\"adsbygoogle\" style=\"display:block;\" data-ad-client=\"ca-pub-8787528412751566\" \ndata-ad-slot=\"\" \ndata-ad-format=\"auto\"><\/ins>\n<script> \n(adsbygoogle = window.adsbygoogle || []).push({}); \n<\/script>\n<\/div>\n<p class=\"has-text-align-center\"><em>Proposta foi aprovada na Comiss\u00e3o Intergestores Regional e segue agora para delibera\u00e7\u00e3o estadual e federal<\/em><\/p>\n\n\n\n<p>A Secretaria Municipal de Sa\u00fade de Indaiatuba avan\u00e7ou no processo para implanta\u00e7\u00e3o do Servi\u00e7o de Atendimento M\u00f3vel de Urg\u00eancia (Samu 192). A proposta foi aprovada na reuni\u00e3o da Comiss\u00e3o Intergestores Regional (CIR), realizada na sexta-feira (6\/3), durante encontro da Diretoria Regional de Sa\u00fade (DRS VII), em Morungaba-SP.<\/p>\n\n\n\n<p>A articula\u00e7\u00e3o institucional do projeto conta com a intermedia\u00e7\u00e3o do deputado estadual Rog\u00e9rio Nogueira, que atua junto \u00e0s esferas estadual e federal para fortalecer a proposta e dar agilidade \u00e0s pr\u00f3ximas etapas. \u201cFiquei muito feliz com esta aprova\u00e7\u00e3o regional do Samu para Indaiatuba e com certeza me empenharei para conseguir que o projeto seja avaliado com agilidade pela Secretaria Estadual de Sa\u00fade. Nossa cidade sempre pode contar com o meu trabalho para interceder por todas as propostas e projetos que tragam benef\u00edcios para a popula\u00e7\u00e3o\u201d, destacou o parlamentar.<\/p>\n\n\n\n<p>A implanta\u00e7\u00e3o do Samu 192 permitir\u00e1 ampliar a integra\u00e7\u00e3o de Indaiatuba \u00e0 Rede de Aten\u00e7\u00e3o \u00e0s Urg\u00eancias, garantindo atendimento pr\u00e9-hospitalar m\u00f3vel regulado e maior agilidade no socorro \u00e0 popula\u00e7\u00e3o em situa\u00e7\u00f5es de emerg\u00eancia.<\/p>\n\n\n\n<p>Durante o encontro, da Diretoria Regional de Sa\u00fade (DRS VII), em Morungaba-SP, foi apresentada a proposta t\u00e9cnica de implanta\u00e7\u00e3o da base municipal, que recebeu aprova\u00e7\u00e3o dos gestores da regi\u00e3o e avan\u00e7ou dentro da estrutura de pactua\u00e7\u00e3o do Sistema \u00danico de Sa\u00fade (SUS). Com a aprova\u00e7\u00e3o na CIR, o projeto segue agora para delibera\u00e7\u00e3o na Comiss\u00e3o Intergestores Bipartite (CIB), junto \u00e0 Secretaria de Estado da Sa\u00fade de S\u00e3o Paulo. Ap\u00f3s essa etapa, a proposta ser\u00e1 encaminhada ao Minist\u00e9rio da Sa\u00fade, respons\u00e1vel pela an\u00e1lise final e habilita\u00e7\u00e3o do servi\u00e7o.<\/p>\n\n\n\n<p>O secret\u00e1rio municipal de Sa\u00fade, Fl\u00e1vio Brito, destacou que a implanta\u00e7\u00e3o do Samu representa um avan\u00e7o estrat\u00e9gico para o atendimento de urg\u00eancia e emerg\u00eancia no munic\u00edpio. \u201cO Samu \u00e9 uma estrutura essencial para fortalecer a rede de urg\u00eancia e ampliar a capacidade de resposta em situa\u00e7\u00f5es cr\u00edticas. A aprova\u00e7\u00e3o regional demonstra que Indaiatuba est\u00e1 preparada para dar mais este passo na qualifica\u00e7\u00e3o do atendimento \u00e0 popula\u00e7\u00e3o\u201d, afirmou.<\/p>\n\n\n\n<p>O secret\u00e1rio agradece todo apoio para que o projeto seja implantado no munic\u00edpio. \u201c\u00c9 muito bom poder contar com o deputado estadual Rog\u00e9rio Nogueira, para o apoio institucional e de articula\u00e7\u00e3o junto \u00e0s esferas estadual e federal, al\u00e9m apoio no Minist\u00e9rio da Sa\u00fade, por meio de Fernando Figueira, diretor do Departamento de Aten\u00e7\u00e3o Hospitalar, Domiciliar e de Urg\u00eancia (DAHU), e Felipe Reque, coordenador-geral de Urg\u00eancia, que acompanham o fortalecimento da Rede de Aten\u00e7\u00e3o \u00e0s Urg\u00eancias e contribuem com orienta\u00e7\u00f5es t\u00e9cnicas para viabilizar a implanta\u00e7\u00e3o do servi\u00e7o\u201d, concluiu o Dr. Fl\u00e1vio Brito.<\/p>\n\n\n\n<p>O secret\u00e1rio participou da reuni\u00e3o acompanhado de Helo\u00edsa Salatino, diretora de Planejamento Estrat\u00e9gico e Inova\u00e7\u00e3o da Sa\u00fade, e Samara Pinheiro, respons\u00e1vel t\u00e9cnica do SAME (Servi\u00e7o de Atendimento Municipal de Emerg\u00eancia).<\/p>\n","protected":false},"excerpt":{"rendered":"<p>Proposta foi aprovada na Comiss\u00e3o Intergestores Regional e segue agora para delibera\u00e7\u00e3o estadual e federal A Secretaria Municipal de Sa\u00fade de Indaiatuba avan\u00e7ou no processo para implanta\u00e7\u00e3o do Servi\u00e7o de Atendimento M\u00f3vel de Urg\u00eancia (Samu 192). A proposta foi aprovada na reuni\u00e3o da Comiss\u00e3o Intergestores Regional (CIR), realizada na sexta-feira (6\/3), durante encontro da Diretoria [&hellip;]<\/p>\n","protected":false},"author":7,"featured_media":31079,"comment_status":"closed","ping_status":"open","sticky":false,"template":"","format":"standard","meta":{"rop_custom_images_group":[],"rop_custom_messages_group":[],"rop_publish_now":"yes","rop_publish_now_accounts":[],"rop_publish_now_history":[],"rop_publish_now_status":"pending","footnotes":""},"categories":[188],"tags":[73],"class_list":["post-31078","post","type-post","status-publish","format-standard","has-post-thumbnail","hentry","category-indaiatuba","tag-featured"],"amp_enabled":true,"_links":{"self":[{"href":"https:\/\/imais.online\/portal\/wp-json\/wp\/v2\/posts\/31078","targetHints":{"allow":["GET"]}}],"collection":[{"href":"https:\/\/imais.online\/portal\/wp-json\/wp\/v2\/posts"}],"about":[{"href":"https:\/\/imais.online\/portal\/wp-json\/wp\/v2\/types\/post"}],"author":[{"embeddable":true,"href":"https:\/\/imais.online\/portal\/wp-json\/wp\/v2\/users\/7"}],"replies":[{"embeddable":true,"href":"https:\/\/imais.online\/portal\/wp-json\/wp\/v2\/comments?post=31078"}],"version-history":[{"count":1,"href":"https:\/\/imais.online\/portal\/wp-json\/wp\/v2\/posts\/31078\/revisions"}],"predecessor-version":[{"id":31080,"href":"https:\/\/imais.online\/portal\/wp-json\/wp\/v2\/posts\/31078\/revisions\/31080"}],"wp:featuredmedia":[{"embeddable":true,"href":"https:\/\/imais.online\/portal\/wp-json\/wp\/v2\/media\/31079"}],"wp:attachment":[{"href":"https:\/\/imais.online\/portal\/wp-json\/wp\/v2\/media?parent=31078"}],"wp:term":[{"taxonomy":"category","embeddable":true,"href":"https:\/\/imais.online\/portal\/wp-json\/wp\/v2\/categories?post=31078"},{"taxonomy":"post_tag","embeddable":true,"href":"https:\/\/imais.online\/portal\/wp-json\/wp\/v2\/tags?post=31078"}],"curies":[{"name":"wp","href":"https:\/\/api.w.org\/{rel}","templated":true}]}}