{"id":31081,"date":"2026-03-11T18:53:00","date_gmt":"2026-03-11T21:53:00","guid":{"rendered":"https:\/\/imais.online\/portal\/?p=31081"},"modified":"2026-03-10T21:29:16","modified_gmt":"2026-03-11T00:29:16","slug":"triagem-voluntaria-do-projeto-tampinhas-que-curam-acontece-dia-21-de-marco-no-sereno","status":"publish","type":"post","link":"https:\/\/imais.online\/portal\/triagem-voluntaria-do-projeto-tampinhas-que-curam-acontece-dia-21-de-marco-no-sereno\/","title":{"rendered":"Triagem volunt\u00e1ria do projeto Tampinhas que Curam acontece dia 21 de mar\u00e7o no Sereno"},"content":{"rendered":"<div class=\"imais-before-content-placement\" id=\"imais-3613792645\"><script async src=\"\/\/pagead2.googlesyndication.com\/pagead\/js\/adsbygoogle.js?client=ca-pub-8787528412751566\" crossorigin=\"anonymous\"><\/script><ins class=\"adsbygoogle\" style=\"display:block;\" data-ad-client=\"ca-pub-8787528412751566\" \ndata-ad-slot=\"\" \ndata-ad-format=\"auto\"><\/ins>\n<script> \n(adsbygoogle = window.adsbygoogle || []).push({}); \n<\/script>\n<\/div>\n<p class=\"has-text-align-center\"><em>A\u00e7\u00e3o mensal conta com apoio do Funssol e refor\u00e7a a import\u00e2ncia da solidariedade e da sustentabilidade<\/em><\/p>\n\n\n\n<p>O Fundo Social de Solidariedade (Funssol) apoia mais uma triagem volunt\u00e1ria do projeto socioambiental Tampinhas que Curam, que acontece no dia 21 de mar\u00e7o (s\u00e1bado), das 10h \u00e0s 16h, no Centro de Conviv\u00eancia Sereno. A a\u00e7\u00e3o \u00e9 aberta \u00e0 comunidade e toda ajuda \u00e9 bem-vinda. Os volunt\u00e1rios podem participar pelo per\u00edodo que tiverem disponibilidade, contribuindo com a separa\u00e7\u00e3o e organiza\u00e7\u00e3o das tampinhas arrecadadas.<\/p>\n\n\n\n<p>A iniciativa integra a parceria firmada entre o Funssol e o projeto, viabilizando a cess\u00e3o do espa\u00e7o para a realiza\u00e7\u00e3o das triagens mensais. Al\u00e9m disso, o Fundo Social \u00e9 um dos mais de 130 pontos de coleta da iniciativa, recebendo tampinhas.<\/p>\n\n\n\n<p>O Tampinhas que Curam \u00e9 um projeto totalmente volunt\u00e1rio que transforma res\u00edduos pl\u00e1sticos em recursos para ajudar crian\u00e7as e adolescentes em tratamento contra o c\u00e2ncer. Tampinhas de garrafas, produtos de limpeza e outros itens pl\u00e1sticos s\u00e3o arrecadadas, separadas e vendidas para recicladores. Os recursos obtidos s\u00e3o integralmente destinados ao suporte de crian\u00e7as em tratamento, oferecendo aux\u00edlio financeiro, apoio psicol\u00f3gico, transporte para quimioterapias e exames, al\u00e9m de assist\u00eancia com medicamentos e orienta\u00e7\u00e3o legal \u00e0s fam\u00edlias.<\/p>\n\n\n\n<p>A presidente do Funssol e primeira-dama, Dra. Kamila Tavares, refor\u00e7a a import\u00e2ncia da mobiliza\u00e7\u00e3o coletiva. \u201cO Tampinhas que Curam \u00e9 um projeto inspirador, que mostra como um gesto simples pode gerar um impacto grandioso. Cada tampinha doada representa esperan\u00e7a e cuidado com quem mais precisa. Convidamos toda a popula\u00e7\u00e3o a continuar doando e tamb\u00e9m a participar das triagens, fortalecendo essa corrente do bem.\u201d<\/p>\n\n\n\n<p>A popula\u00e7\u00e3o pode colaborar juntando tampinhas pl\u00e1sticas em casa, na escola ou no trabalho e entregando no Funssol, localizado no Pa\u00e7o Municipal, que posteriormente encaminha o material ao projeto. A participa\u00e7\u00e3o da comunidade \u00e9 essencial para manter a iniciativa ativa e ampliar o alcance da ajuda \u00e0s crian\u00e7as e adolescentes atendidos.<\/p>\n\n\n\n<p><strong>Servi\u00e7o<\/strong><br><strong>\ud83d\udccc<\/strong><strong> Triagem volunt\u00e1ria \u2013 Projeto Tampinhas que Curam<\/strong><br>\ud83d\udcc5 21 de mar\u00e7o<br>Das 10h \u00e0s 16h<br>Local: Centro de Conviv\u00eancia Sereno &#8211; R. Tr\u00eas Marias, 838 &#8211; Cidade Nova II<br>Participa\u00e7\u00e3o aberta \u2013 volunt\u00e1rios podem colaborar no per\u00edodo que tiverem disponibilidade<\/p>\n","protected":false},"excerpt":{"rendered":"<p>A\u00e7\u00e3o mensal conta com apoio do Funssol e refor\u00e7a a import\u00e2ncia da solidariedade e da sustentabilidade O Fundo Social de Solidariedade (Funssol) apoia mais uma triagem volunt\u00e1ria do projeto socioambiental Tampinhas que Curam, que acontece no dia 21 de mar\u00e7o (s\u00e1bado), das 10h \u00e0s 16h, no Centro de Conviv\u00eancia Sereno. A a\u00e7\u00e3o \u00e9 aberta \u00e0 [&hellip;]<\/p>\n","protected":false},"author":7,"featured_media":31082,"comment_status":"closed","ping_status":"open","sticky":false,"template":"","format":"standard","meta":{"rop_custom_images_group":[],"rop_custom_messages_group":[],"rop_publish_now":"yes","rop_publish_now_accounts":[],"rop_publish_now_history":[],"rop_publish_now_status":"pending","footnotes":""},"categories":[188],"tags":[],"class_list":["post-31081","post","type-post","status-publish","format-standard","has-post-thumbnail","hentry","category-indaiatuba"],"amp_enabled":true,"_links":{"self":[{"href":"https:\/\/imais.online\/portal\/wp-json\/wp\/v2\/posts\/31081","targetHints":{"allow":["GET"]}}],"collection":[{"href":"https:\/\/imais.online\/portal\/wp-json\/wp\/v2\/posts"}],"about":[{"href":"https:\/\/imais.online\/portal\/wp-json\/wp\/v2\/types\/post"}],"author":[{"embeddable":true,"href":"https:\/\/imais.online\/portal\/wp-json\/wp\/v2\/users\/7"}],"replies":[{"embeddable":true,"href":"https:\/\/imais.online\/portal\/wp-json\/wp\/v2\/comments?post=31081"}],"version-history":[{"count":1,"href":"https:\/\/imais.online\/portal\/wp-json\/wp\/v2\/posts\/31081\/revisions"}],"predecessor-version":[{"id":31083,"href":"https:\/\/imais.online\/portal\/wp-json\/wp\/v2\/posts\/31081\/revisions\/31083"}],"wp:featuredmedia":[{"embeddable":true,"href":"https:\/\/imais.online\/portal\/wp-json\/wp\/v2\/media\/31082"}],"wp:attachment":[{"href":"https:\/\/imais.online\/portal\/wp-json\/wp\/v2\/media?parent=31081"}],"wp:term":[{"taxonomy":"category","embeddable":true,"href":"https:\/\/imais.online\/portal\/wp-json\/wp\/v2\/categories?post=31081"},{"taxonomy":"post_tag","embeddable":true,"href":"https:\/\/imais.online\/portal\/wp-json\/wp\/v2\/tags?post=31081"}],"curies":[{"name":"wp","href":"https:\/\/api.w.org\/{rel}","templated":true}]}}