{"id":31087,"date":"2026-03-11T09:02:00","date_gmt":"2026-03-11T12:02:00","guid":{"rendered":"https:\/\/imais.online\/portal\/?p=31087"},"modified":"2026-03-10T21:25:37","modified_gmt":"2026-03-11T00:25:37","slug":"governo-de-sp-avanca-na-construcao-do-hospital-estadual-de-campinas-com-formalizacao-de-terreno","status":"publish","type":"post","link":"https:\/\/imais.online\/portal\/governo-de-sp-avanca-na-construcao-do-hospital-estadual-de-campinas-com-formalizacao-de-terreno\/","title":{"rendered":"Governo de SP avan\u00e7a na constru\u00e7\u00e3o do Hospital Estadual de Campinas com formaliza\u00e7\u00e3o de terreno"},"content":{"rendered":"<div class=\"imais-before-content-placement\" id=\"imais-524175607\"><script async src=\"\/\/pagead2.googlesyndication.com\/pagead\/js\/adsbygoogle.js?client=ca-pub-8787528412751566\" crossorigin=\"anonymous\"><\/script><ins class=\"adsbygoogle\" style=\"display:block;\" data-ad-client=\"ca-pub-8787528412751566\" \ndata-ad-slot=\"\" \ndata-ad-format=\"auto\"><\/ins>\n<script> \n(adsbygoogle = window.adsbygoogle || []).push({}); \n<\/script>\n<\/div>\n<p class=\"has-text-align-center\">Novo servi\u00e7o beneficiar\u00e1 cerca de 4,6 milh\u00f5es de moradores e ser\u00e1 refer\u00eancia em m\u00e9dia e alta complexidade<\/p>\n\n\n\n<p class=\"has-text-align-left\">O governador Tarc\u00edsio de Freitas anunciou nesta ter\u00e7a-feira (10\/3) a formaliza\u00e7\u00e3o da doa\u00e7\u00e3o do terreno onde ser\u00e1 constru\u00eddo o Hospital Estadual de Campinas. Com 34,8 mil metros quadrados, a \u00e1rea fica no bairro Parque It\u00e1lia e foi repassada pela Prefeitura de Campinas ao Governo de S\u00e3o Paulo. O decreto autoriza o recebimento do im\u00f3vel sem \u00f4nus ou encargo e destina a \u00e1rea \u00e0 Secretaria de Estado da Sa\u00fade para a instala\u00e7\u00e3o da nova unidade.<\/p>\n\n\n\n<p>Com investimento estimado em cerca de R$ 400 milh\u00f5es nas obras, o projeto do hospital est\u00e1 nas etapas finais de consolida\u00e7\u00e3o. Nesta fase, s\u00e3o conclu\u00eddos os projetos executivos, a defini\u00e7\u00e3o do or\u00e7amento detalhado da constru\u00e7\u00e3o e as aprova\u00e7\u00f5es internas necess\u00e1rias, envolvendo \u00e1reas como vigil\u00e2ncia sanit\u00e1ria e an\u00e1lise jur\u00eddica.<\/p>\n\n\n\n<p>Conclu\u00eddas essas etapas, o edital para a constru\u00e7\u00e3o da nova unidade deve ser publicado nas pr\u00f3ximas semanas.<\/p>\n\n\n\n<h3 class=\"wp-block-heading\"><strong>Sobre a unidade<\/strong><\/h3>\n\n\n\n<p>A nova unidade deve beneficiar cerca de 4,6 milh\u00f5es moradores da regi\u00e3o e contar\u00e1 com estrutura para atendimento ambulatorial, 262 leitos gerais, 50 leitos complementares de Unidade de Terapia Intensiva (UTI), centro cir\u00fargico com oito salas de grande porte, 24 leitos de recupera\u00e7\u00e3o p\u00f3s-anest\u00e9sica, 20 leitos de hemodi\u00e1lise e pronto atendimento com observa\u00e7\u00e3o com 24 leitos. O hospital contar\u00e1 com unidade de radioterapia e quimioterapia e pronto-socorro referenciado.<\/p>\n\n\n\n<p>Refer\u00eancia em m\u00e9dia e alta complexidade, o Hospital Estadual de Campinas vai oferecer atendimento em especialidades como oncologia, neurocirurgia, ortopedia, cardiologia, urologia, cirurgia vascular, cirurgia pl\u00e1stica e psiquiatria, entre outras.<\/p>\n\n\n\n<p class=\"has-text-align-left\">A unidade deve fortalecer a capacidade de atendimento do Sistema \u00danico de Sa\u00fade (SUS) na regi\u00e3o, ampliando a oferta de servi\u00e7os hospitalares e contribuindo para melhorar o acesso da popula\u00e7\u00e3o aos cuidados especializados.<br><br><\/p>\n","protected":false},"excerpt":{"rendered":"<p>Novo servi\u00e7o beneficiar\u00e1 cerca de 4,6 milh\u00f5es de moradores e ser\u00e1 refer\u00eancia em m\u00e9dia e alta complexidade O governador Tarc\u00edsio de Freitas anunciou nesta ter\u00e7a-feira (10\/3) a formaliza\u00e7\u00e3o da doa\u00e7\u00e3o do terreno onde ser\u00e1 constru\u00eddo o Hospital Estadual de Campinas. Com 34,8 mil metros quadrados, a \u00e1rea fica no bairro Parque It\u00e1lia e foi repassada [&hellip;]<\/p>\n","protected":false},"author":7,"featured_media":31088,"comment_status":"closed","ping_status":"open","sticky":false,"template":"","format":"standard","meta":{"rop_custom_images_group":[],"rop_custom_messages_group":[],"rop_publish_now":"yes","rop_publish_now_accounts":[],"rop_publish_now_history":[],"rop_publish_now_status":"pending","footnotes":""},"categories":[272],"tags":[73],"class_list":["post-31087","post","type-post","status-publish","format-standard","has-post-thumbnail","hentry","category-campinas","tag-featured"],"amp_enabled":true,"_links":{"self":[{"href":"https:\/\/imais.online\/portal\/wp-json\/wp\/v2\/posts\/31087","targetHints":{"allow":["GET"]}}],"collection":[{"href":"https:\/\/imais.online\/portal\/wp-json\/wp\/v2\/posts"}],"about":[{"href":"https:\/\/imais.online\/portal\/wp-json\/wp\/v2\/types\/post"}],"author":[{"embeddable":true,"href":"https:\/\/imais.online\/portal\/wp-json\/wp\/v2\/users\/7"}],"replies":[{"embeddable":true,"href":"https:\/\/imais.online\/portal\/wp-json\/wp\/v2\/comments?post=31087"}],"version-history":[{"count":1,"href":"https:\/\/imais.online\/portal\/wp-json\/wp\/v2\/posts\/31087\/revisions"}],"predecessor-version":[{"id":31089,"href":"https:\/\/imais.online\/portal\/wp-json\/wp\/v2\/posts\/31087\/revisions\/31089"}],"wp:featuredmedia":[{"embeddable":true,"href":"https:\/\/imais.online\/portal\/wp-json\/wp\/v2\/media\/31088"}],"wp:attachment":[{"href":"https:\/\/imais.online\/portal\/wp-json\/wp\/v2\/media?parent=31087"}],"wp:term":[{"taxonomy":"category","embeddable":true,"href":"https:\/\/imais.online\/portal\/wp-json\/wp\/v2\/categories?post=31087"},{"taxonomy":"post_tag","embeddable":true,"href":"https:\/\/imais.online\/portal\/wp-json\/wp\/v2\/tags?post=31087"}],"curies":[{"name":"wp","href":"https:\/\/api.w.org\/{rel}","templated":true}]}}