{"id":31090,"date":"2026-03-10T21:14:06","date_gmt":"2026-03-11T00:14:06","guid":{"rendered":"https:\/\/imais.online\/portal\/?p=31090"},"modified":"2026-03-10T21:15:16","modified_gmt":"2026-03-11T00:15:16","slug":"carro-invade-mercado-apos-motorista-perder-controle-ao-estacionar-em-indaiatuba","status":"publish","type":"post","link":"https:\/\/imais.online\/portal\/carro-invade-mercado-apos-motorista-perder-controle-ao-estacionar-em-indaiatuba\/","title":{"rendered":"Carro invade supermercado ap\u00f3s motorista perder controle ao estacionar em Indaiatuba"},"content":{"rendered":"<div class=\"imais-before-content-placement\" id=\"imais-1401200447\"><script async src=\"\/\/pagead2.googlesyndication.com\/pagead\/js\/adsbygoogle.js?client=ca-pub-8787528412751566\" crossorigin=\"anonymous\"><\/script><ins class=\"adsbygoogle\" style=\"display:block;\" data-ad-client=\"ca-pub-8787528412751566\" \ndata-ad-slot=\"\" \ndata-ad-format=\"auto\"><\/ins>\n<script> \n(adsbygoogle = window.adsbygoogle || []).push({}); \n<\/script>\n<\/div>\n<p>Um carro invadiu a entrada de um supermercado no bairro Cidade Nova, em Indaiatuba, na manh\u00e3 desta segunda-feira (9). Apesar do susto, ningu\u00e9m ficou ferido.<\/p>\n\n\n\n<p>De acordo com informa\u00e7\u00f5es do pr\u00f3prio mercado <strong>Pague Menos<\/strong>, o motorista teria perdido o controle do ve\u00edculo no momento em que realizava uma manobra para estacionar em uma vaga priorit\u00e1ria. O carro acabou avan\u00e7ando contra a porta de vidro do estabelecimento, quebrando a estrutura e invadindo parte da \u00e1rea interna.<\/p>\n\n\n\n<p>Clientes que estavam no local registraram o momento logo ap\u00f3s o impacto. Nas imagens, \u00e9 poss\u00edvel ver cacos de vidro espalhados pelo ch\u00e3o na entrada do mercado.<\/p>\n\n\n\n<p>Ainda segundo o estabelecimento, o condutor estava sozinho no ve\u00edculo e n\u00e3o sofreu ferimentos, assim como nenhuma outra pessoa que estava no interior do supermercado.<\/p>\n\n\n\n<p>A Pol\u00edcia Militar foi acionada e esteve no local para prestar atendimento e verificar a situa\u00e7\u00e3o e n\u00e3o houve registro de boletim de ocorr\u00eancia sobre o caso.<\/p>\n","protected":false},"excerpt":{"rendered":"<p>Um carro invadiu a entrada de um supermercado no bairro Cidade Nova, em Indaiatuba, na manh\u00e3 desta segunda-feira (9). Apesar do susto, ningu\u00e9m ficou ferido. De acordo com informa\u00e7\u00f5es do pr\u00f3prio mercado Pague Menos, o motorista teria perdido o controle do ve\u00edculo no momento em que realizava uma manobra para estacionar em uma vaga priorit\u00e1ria. [&hellip;]<\/p>\n","protected":false},"author":7,"featured_media":31091,"comment_status":"closed","ping_status":"open","sticky":false,"template":"","format":"standard","meta":{"rop_custom_images_group":[],"rop_custom_messages_group":[],"rop_publish_now":"yes","rop_publish_now_accounts":[],"rop_publish_now_history":[],"rop_publish_now_status":"pending","footnotes":""},"categories":[188],"tags":[],"class_list":["post-31090","post","type-post","status-publish","format-standard","has-post-thumbnail","hentry","category-indaiatuba"],"amp_enabled":true,"_links":{"self":[{"href":"https:\/\/imais.online\/portal\/wp-json\/wp\/v2\/posts\/31090","targetHints":{"allow":["GET"]}}],"collection":[{"href":"https:\/\/imais.online\/portal\/wp-json\/wp\/v2\/posts"}],"about":[{"href":"https:\/\/imais.online\/portal\/wp-json\/wp\/v2\/types\/post"}],"author":[{"embeddable":true,"href":"https:\/\/imais.online\/portal\/wp-json\/wp\/v2\/users\/7"}],"replies":[{"embeddable":true,"href":"https:\/\/imais.online\/portal\/wp-json\/wp\/v2\/comments?post=31090"}],"version-history":[{"count":2,"href":"https:\/\/imais.online\/portal\/wp-json\/wp\/v2\/posts\/31090\/revisions"}],"predecessor-version":[{"id":31093,"href":"https:\/\/imais.online\/portal\/wp-json\/wp\/v2\/posts\/31090\/revisions\/31093"}],"wp:featuredmedia":[{"embeddable":true,"href":"https:\/\/imais.online\/portal\/wp-json\/wp\/v2\/media\/31091"}],"wp:attachment":[{"href":"https:\/\/imais.online\/portal\/wp-json\/wp\/v2\/media?parent=31090"}],"wp:term":[{"taxonomy":"category","embeddable":true,"href":"https:\/\/imais.online\/portal\/wp-json\/wp\/v2\/categories?post=31090"},{"taxonomy":"post_tag","embeddable":true,"href":"https:\/\/imais.online\/portal\/wp-json\/wp\/v2\/tags?post=31090"}],"curies":[{"name":"wp","href":"https:\/\/api.w.org\/{rel}","templated":true}]}}