{"id":31094,"date":"2026-03-11T12:19:40","date_gmt":"2026-03-11T15:19:40","guid":{"rendered":"https:\/\/imais.online\/portal\/?p=31094"},"modified":"2026-03-11T12:19:41","modified_gmt":"2026-03-11T15:19:41","slug":"mulher-e-presa-pela-guarda-civil-apos-furto-em-farmacia-no-monte-verde","status":"publish","type":"post","link":"https:\/\/imais.online\/portal\/mulher-e-presa-pela-guarda-civil-apos-furto-em-farmacia-no-monte-verde\/","title":{"rendered":"Mulher \u00e9 presa pela Guarda Civil ap\u00f3s furto em farm\u00e1cia no Monte Verde"},"content":{"rendered":"<div class=\"imais-before-content-placement\" id=\"imais-2811067276\"><script async src=\"\/\/pagead2.googlesyndication.com\/pagead\/js\/adsbygoogle.js?client=ca-pub-8787528412751566\" crossorigin=\"anonymous\"><\/script><ins class=\"adsbygoogle\" style=\"display:block;\" data-ad-client=\"ca-pub-8787528412751566\" \ndata-ad-slot=\"\" \ndata-ad-format=\"auto\"><\/ins>\n<script> \n(adsbygoogle = window.adsbygoogle || []).push({}); \n<\/script>\n<\/div>\n<p><\/p>\n\n\n\n<p>Uma mulher de 27 anos foi presa pela Guarda Civil de Indaiatuba no domingo (08) pelo crime de furto. A ocorr\u00eancia foi registrada no bairro Monte Verde.<\/p>\n\n\n\n<p>Por volta das 15h, a respons\u00e1vel por uma farm\u00e1cia entrou em contato com a Guarda Civil por meio do telefone de emerg\u00eancia 153 relatando um furto em seu estabelecimento.<\/p>\n\n\n\n<p>Rapidamente as equipes foram enviadas ao local e obtiveram mais informa\u00e7\u00f5es sobre as caracter\u00edsticas das autoras do crime e sobre o ve\u00edculo utilizado na fuga.<\/p>\n\n\n\n<p>O COI (Centro de Opera\u00e7\u00f5es e Intelig\u00eancia da Guarda Civil), por meio do sistema de monitoramento urbano, conseguiu localizar o ve\u00edculo envolvido no furto e repassou as informa\u00e7\u00f5es \u00e0s equipes em patrulhamento.<\/p>\n\n\n\n<p>A equipe do Canil logrou \u00eaxito na abordagem do carro na Avenida Engenheiro F\u00e1bio Roberto Barnab\u00e9. Questionado, o motorista informou ser motorista de aplicativo e relatou que havia acabado de encerrar uma corrida com duas mulheres com as mesmas caracter\u00edsticas das suspeitas.<\/p>\n\n\n\n<p>O motorista indicou o endere\u00e7o onde havia deixado as passageiras e a equipe seguiu rapidamente at\u00e9 o local, onde conseguiu abordar e deter uma das suspeitas. Questionada, ela acabou confessando a pr\u00e1tica do furto.<\/p>\n\n\n\n<p>Diante dos fatos, a mulher apresentou aos agentes os produtos furtados e foi conduzida at\u00e9 a delegacia de pol\u00edcia, onde o caso foi registrado. O motorista de aplicativo foi liberado. A segunda envolvida no crime foi identificada pela suspeita detida, que permaneceu presa em flagrante e \u00e0 disposi\u00e7\u00e3o do Poder Judici\u00e1rio. Os itens recuperados foram devolvidos \u00e0 v\u00edtima.<\/p>\n","protected":false},"excerpt":{"rendered":"<p>Uma mulher de 27 anos foi presa pela Guarda Civil de Indaiatuba no domingo (08) pelo crime de furto. A ocorr\u00eancia foi registrada no bairro Monte Verde. Por volta das 15h, a respons\u00e1vel por uma farm\u00e1cia entrou em contato com a Guarda Civil por meio do telefone de emerg\u00eancia 153 relatando um furto em seu [&hellip;]<\/p>\n","protected":false},"author":7,"featured_media":31095,"comment_status":"closed","ping_status":"open","sticky":false,"template":"","format":"standard","meta":{"rop_custom_images_group":[],"rop_custom_messages_group":[],"rop_publish_now":"yes","rop_publish_now_accounts":[],"rop_publish_now_history":[],"rop_publish_now_status":"pending","footnotes":""},"categories":[188],"tags":[],"class_list":["post-31094","post","type-post","status-publish","format-standard","has-post-thumbnail","hentry","category-indaiatuba"],"amp_enabled":true,"_links":{"self":[{"href":"https:\/\/imais.online\/portal\/wp-json\/wp\/v2\/posts\/31094","targetHints":{"allow":["GET"]}}],"collection":[{"href":"https:\/\/imais.online\/portal\/wp-json\/wp\/v2\/posts"}],"about":[{"href":"https:\/\/imais.online\/portal\/wp-json\/wp\/v2\/types\/post"}],"author":[{"embeddable":true,"href":"https:\/\/imais.online\/portal\/wp-json\/wp\/v2\/users\/7"}],"replies":[{"embeddable":true,"href":"https:\/\/imais.online\/portal\/wp-json\/wp\/v2\/comments?post=31094"}],"version-history":[{"count":1,"href":"https:\/\/imais.online\/portal\/wp-json\/wp\/v2\/posts\/31094\/revisions"}],"predecessor-version":[{"id":31096,"href":"https:\/\/imais.online\/portal\/wp-json\/wp\/v2\/posts\/31094\/revisions\/31096"}],"wp:featuredmedia":[{"embeddable":true,"href":"https:\/\/imais.online\/portal\/wp-json\/wp\/v2\/media\/31095"}],"wp:attachment":[{"href":"https:\/\/imais.online\/portal\/wp-json\/wp\/v2\/media?parent=31094"}],"wp:term":[{"taxonomy":"category","embeddable":true,"href":"https:\/\/imais.online\/portal\/wp-json\/wp\/v2\/categories?post=31094"},{"taxonomy":"post_tag","embeddable":true,"href":"https:\/\/imais.online\/portal\/wp-json\/wp\/v2\/tags?post=31094"}],"curies":[{"name":"wp","href":"https:\/\/api.w.org\/{rel}","templated":true}]}}