{"id":31103,"date":"2026-03-12T11:22:00","date_gmt":"2026-03-12T14:22:00","guid":{"rendered":"https:\/\/imais.online\/portal\/?p=31103"},"modified":"2026-03-11T21:25:54","modified_gmt":"2026-03-12T00:25:54","slug":"guarda-civil-prende-homem-por-trafico-de-drogas-no-jardim-morada-do-sol-2","status":"publish","type":"post","link":"https:\/\/imais.online\/portal\/guarda-civil-prende-homem-por-trafico-de-drogas-no-jardim-morada-do-sol-2\/","title":{"rendered":"Guarda Civil prende homem por tr\u00e1fico de drogas no Jardim Morada do Sol"},"content":{"rendered":"<div class=\"imais-before-content-placement\" id=\"imais-3414171676\"><script async src=\"\/\/pagead2.googlesyndication.com\/pagead\/js\/adsbygoogle.js?client=ca-pub-8787528412751566\" crossorigin=\"anonymous\"><\/script><ins class=\"adsbygoogle\" style=\"display:block;\" data-ad-client=\"ca-pub-8787528412751566\" \ndata-ad-slot=\"\" \ndata-ad-format=\"auto\"><\/ins>\n<script> \n(adsbygoogle = window.adsbygoogle || []).push({}); \n<\/script>\n<\/div>\n<p>Um homem de 38 anos foi preso pela Guarda Civil de Indaiatuba por tr\u00e1fico de drogas na noite de segunda-feira (09). A ocorr\u00eancia foi registrada no bairro Jardim Morada do Sol.<\/p>\n\n\n\n<p>A equipe do Canil realizava patrulhamento preventivo pelo bairro, quando um homem se aproximou da viatura e informou sobre um casal que estaria realizando o tr\u00e1fico de drogas na Rua Jos\u00e9 Estanislau Ambiel.<\/p>\n\n\n\n<p>Com as caracter\u00edsticas dos suspeitos, os agentes deslocaram rapidamente at\u00e9 o endere\u00e7o informado e lograram \u00eaxito em localizar o casal no local indicado. Ao notarem a presen\u00e7a da viatura, eles tentaram deixar o local, mas foram abordados.<\/p>\n\n\n\n<p>Durante a revista, com o homem, que j\u00e1 \u00e9 conhecido das equipes por diversas ocorr\u00eancias envolvendo drogas, foram encontrados dois microtubos com coca\u00edna. Com a mulher, tamb\u00e9m conhecida pelo envolvimento com o tr\u00e1fico, os agentes encontraram duas pedras de crack.<\/p>\n\n\n\n<p>Os guardas realizaram um trabalho de faro com o c\u00e3o Zeus nas proximidades e localizaram, do outro lado da rua, escondidos em um monte de areia, mais 24 microtubos com coca\u00edna e 12 pedras de crack.<\/p>\n\n\n\n<p>Questionados, o homem permaneceu em sil\u00eancio e a mulher confessou aos agentes ser usu\u00e1ria e afirmou que estava no local para comprar drogas com o suspeito.<\/p>\n\n\n\n<p>Diante dos fatos, a ocorr\u00eancia foi apresentada na delegacia de pol\u00edcia, onde o delegado de plant\u00e3o determinou a pris\u00e3o em flagrante do indiv\u00edduo por tr\u00e1fico de drogas. Ele permaneceu \u00e0 disposi\u00e7\u00e3o da Justi\u00e7a.<\/p>\n","protected":false},"excerpt":{"rendered":"<p>Um homem de 38 anos foi preso pela Guarda Civil de Indaiatuba por tr\u00e1fico de drogas na noite de segunda-feira (09). A ocorr\u00eancia foi registrada no bairro Jardim Morada do Sol. A equipe do Canil realizava patrulhamento preventivo pelo bairro, quando um homem se aproximou da viatura e informou sobre um casal que estaria realizando [&hellip;]<\/p>\n","protected":false},"author":7,"featured_media":31104,"comment_status":"closed","ping_status":"open","sticky":false,"template":"","format":"standard","meta":{"rop_custom_images_group":[],"rop_custom_messages_group":[],"rop_publish_now":"yes","rop_publish_now_accounts":[],"rop_publish_now_history":[],"rop_publish_now_status":"pending","footnotes":""},"categories":[188],"tags":[],"class_list":["post-31103","post","type-post","status-publish","format-standard","has-post-thumbnail","hentry","category-indaiatuba"],"amp_enabled":true,"_links":{"self":[{"href":"https:\/\/imais.online\/portal\/wp-json\/wp\/v2\/posts\/31103","targetHints":{"allow":["GET"]}}],"collection":[{"href":"https:\/\/imais.online\/portal\/wp-json\/wp\/v2\/posts"}],"about":[{"href":"https:\/\/imais.online\/portal\/wp-json\/wp\/v2\/types\/post"}],"author":[{"embeddable":true,"href":"https:\/\/imais.online\/portal\/wp-json\/wp\/v2\/users\/7"}],"replies":[{"embeddable":true,"href":"https:\/\/imais.online\/portal\/wp-json\/wp\/v2\/comments?post=31103"}],"version-history":[{"count":1,"href":"https:\/\/imais.online\/portal\/wp-json\/wp\/v2\/posts\/31103\/revisions"}],"predecessor-version":[{"id":31105,"href":"https:\/\/imais.online\/portal\/wp-json\/wp\/v2\/posts\/31103\/revisions\/31105"}],"wp:featuredmedia":[{"embeddable":true,"href":"https:\/\/imais.online\/portal\/wp-json\/wp\/v2\/media\/31104"}],"wp:attachment":[{"href":"https:\/\/imais.online\/portal\/wp-json\/wp\/v2\/media?parent=31103"}],"wp:term":[{"taxonomy":"category","embeddable":true,"href":"https:\/\/imais.online\/portal\/wp-json\/wp\/v2\/categories?post=31103"},{"taxonomy":"post_tag","embeddable":true,"href":"https:\/\/imais.online\/portal\/wp-json\/wp\/v2\/tags?post=31103"}],"curies":[{"name":"wp","href":"https:\/\/api.w.org\/{rel}","templated":true}]}}