{"id":31115,"date":"2026-03-12T20:11:17","date_gmt":"2026-03-12T23:11:17","guid":{"rendered":"https:\/\/imais.online\/portal\/?p=31115"},"modified":"2026-03-12T20:11:18","modified_gmt":"2026-03-12T23:11:18","slug":"ipem-sp-realiza-verificacao-anual-de-radares-em-indaiatuba-na-terca-feira","status":"publish","type":"post","link":"https:\/\/imais.online\/portal\/ipem-sp-realiza-verificacao-anual-de-radares-em-indaiatuba-na-terca-feira\/","title":{"rendered":"Ipem-SP realiza verifica\u00e7\u00e3o anual de radares em Indaiatuba, na ter\u00e7a-feira"},"content":{"rendered":"<div class=\"imais-before-content-placement\" id=\"imais-1526882686\"><script async src=\"\/\/pagead2.googlesyndication.com\/pagead\/js\/adsbygoogle.js?client=ca-pub-8787528412751566\" crossorigin=\"anonymous\"><\/script><ins class=\"adsbygoogle\" style=\"display:block;\" data-ad-client=\"ca-pub-8787528412751566\" \ndata-ad-slot=\"\" \ndata-ad-format=\"auto\"><\/ins>\n<script> \n(adsbygoogle = window.adsbygoogle || []).push({}); \n<\/script>\n<\/div>\n<p class=\"has-text-align-center\"><em>A\u00e7\u00e3o garante precis\u00e3o dos equipamentos e transpar\u00eancia no monitoramento de velocidade nas vias do munic\u00edpio<\/em><\/p>\n\n\n\n<p>A Prefeitura de Indaiatuba, por meio da Secretaria de Mobilidade Urbana, informa que o Instituto de Pesos e Medidas do Estado de S\u00e3o Paulo (Ipem-SP) realizar\u00e1 na pr\u00f3xima ter\u00e7a-feira, 17 de mar\u00e7o, a partir das 9h, a verifica\u00e7\u00e3o metrol\u00f3gica anual de radares de velocidade instalados na Avenida Engenheiro F\u00e1bio Roberto Barnab\u00e9, no sentido centro\u2013bairro.<\/p>\n\n\n\n<p>A a\u00e7\u00e3o ser\u00e1 executada por fiscais do Ipem-SP, autarquia do Governo do Estado vinculada \u00e0 Secretaria da Justi\u00e7a e Cidadania e \u00f3rg\u00e3o delegado do Inmetro, respons\u00e1vel por verificar se os equipamentos est\u00e3o medindo corretamente a velocidade dos ve\u00edculos.<\/p>\n\n\n\n<p>Os radares que passar\u00e3o pela aferi\u00e7\u00e3o est\u00e3o localizados nos seguintes pontos da via:<\/p>\n\n\n\n<ul class=\"wp-block-list\">\n<li>pr\u00f3ximo \u00e0 Rua Tomiji Nomura &#8211; Ch\u00e1cara Areal;<\/li>\n\n\n\n<li>defronte ao n\u00ba 2800 (Pa\u00e7o Municipal);<\/li>\n\n\n\n<li>pr\u00f3ximo ao n\u00ba 4754 (Elevado Sin\u00e9sio Martini).<\/li>\n<\/ul>\n\n\n\n<p><strong>Fiscaliza\u00e7\u00e3o obrigat\u00f3ria<\/strong><\/p>\n\n\n\n<p>A verifica\u00e7\u00e3o metrol\u00f3gica \u00e9 realizada anualmente em todos os radares utilizados para medir e registrar velocidade nas vias da cidade. De acordo com a Portaria Inmetro n\u00ba 158\/2022, a aferi\u00e7\u00e3o \u00e9 obrigat\u00f3ria uma vez por ano ou sempre que o equipamento passar por algum tipo de reparo.<\/p>\n\n\n\n<p>O procedimento tem como objetivo garantir a confiabilidade das medi\u00e7\u00f5es realizadas pelos instrumentos, refor\u00e7ando a transpar\u00eancia na fiscaliza\u00e7\u00e3o de tr\u00e2nsito e a rela\u00e7\u00e3o de confian\u00e7a entre o cidad\u00e3o e o poder p\u00fablico.<\/p>\n\n\n\n<p><strong>Seguran\u00e7a no tr\u00e2nsito<\/strong><\/p>\n\n\n\n<p>Os radares de velocidade s\u00e3o utilizados para monitorar o tr\u00e1fego e contribuir para a seguran\u00e7a vi\u00e1ria, estimulando o respeito aos limites de velocidade e ajudando na preven\u00e7\u00e3o de acidentes.<\/p>\n\n\n\n<p>A verifica\u00e7\u00e3o metrol\u00f3gica em cada equipamento pode levar de 20 minutos a uma hora. Durante esse per\u00edodo, os trechos onde os radares est\u00e3o instalados poder\u00e3o ter interdi\u00e7\u00f5es moment\u00e2neas, realizadas pelos agentes da Secretaria de Mobilidade Urbana para garantir a seguran\u00e7a da opera\u00e7\u00e3o.<\/p>\n\n\n\n<p>Em caso de chuva, a verifica\u00e7\u00e3o ser\u00e1 cancelada. O cancelamento tamb\u00e9m pode ocorrer poucas horas antes do hor\u00e1rio previsto, conforme avalia\u00e7\u00e3o dos agentes de tr\u00e2nsito ou da empresa respons\u00e1vel pelo equipamento.<\/p>\n\n\n\n<p>Ap\u00f3s a aprova\u00e7\u00e3o na aferi\u00e7\u00e3o, o radar recebe um certificado com validade de um ano. Caso o equipamento seja reprovado, a empresa respons\u00e1vel ser\u00e1 notificada para realizar os ajustes necess\u00e1rios. A rela\u00e7\u00e3o dos radares aferidos em Indaiatuba pode ser consultada no site do Inmetro <a href=\"https:\/\/servicos.rbmlq.gov.br\/Instrumento\">https:\/\/servicos.rbmlq.gov.br\/Instrumento<\/a> ou no portal da Prefeitura <a href=\"https:\/\/www.indaiatuba.sp.gov.br\/mobilidade-urbana\/transito\/radares-velocidade\/\">https:\/\/www.indaiatuba.sp.gov.br\/mobilidade-urbana\/transito\/radares-velocidade\/<\/a><br><\/p>\n","protected":false},"excerpt":{"rendered":"<p>A\u00e7\u00e3o garante precis\u00e3o dos equipamentos e transpar\u00eancia no monitoramento de velocidade nas vias do munic\u00edpio A Prefeitura de Indaiatuba, por meio da Secretaria de Mobilidade Urbana, informa que o Instituto de Pesos e Medidas do Estado de S\u00e3o Paulo (Ipem-SP) realizar\u00e1 na pr\u00f3xima ter\u00e7a-feira, 17 de mar\u00e7o, a partir das 9h, a verifica\u00e7\u00e3o metrol\u00f3gica anual [&hellip;]<\/p>\n","protected":false},"author":7,"featured_media":31116,"comment_status":"closed","ping_status":"open","sticky":false,"template":"","format":"standard","meta":{"rop_custom_images_group":[],"rop_custom_messages_group":[],"rop_publish_now":"yes","rop_publish_now_accounts":[],"rop_publish_now_history":[],"rop_publish_now_status":"pending","footnotes":""},"categories":[188],"tags":[73],"class_list":["post-31115","post","type-post","status-publish","format-standard","has-post-thumbnail","hentry","category-indaiatuba","tag-featured"],"amp_enabled":true,"_links":{"self":[{"href":"https:\/\/imais.online\/portal\/wp-json\/wp\/v2\/posts\/31115","targetHints":{"allow":["GET"]}}],"collection":[{"href":"https:\/\/imais.online\/portal\/wp-json\/wp\/v2\/posts"}],"about":[{"href":"https:\/\/imais.online\/portal\/wp-json\/wp\/v2\/types\/post"}],"author":[{"embeddable":true,"href":"https:\/\/imais.online\/portal\/wp-json\/wp\/v2\/users\/7"}],"replies":[{"embeddable":true,"href":"https:\/\/imais.online\/portal\/wp-json\/wp\/v2\/comments?post=31115"}],"version-history":[{"count":1,"href":"https:\/\/imais.online\/portal\/wp-json\/wp\/v2\/posts\/31115\/revisions"}],"predecessor-version":[{"id":31117,"href":"https:\/\/imais.online\/portal\/wp-json\/wp\/v2\/posts\/31115\/revisions\/31117"}],"wp:featuredmedia":[{"embeddable":true,"href":"https:\/\/imais.online\/portal\/wp-json\/wp\/v2\/media\/31116"}],"wp:attachment":[{"href":"https:\/\/imais.online\/portal\/wp-json\/wp\/v2\/media?parent=31115"}],"wp:term":[{"taxonomy":"category","embeddable":true,"href":"https:\/\/imais.online\/portal\/wp-json\/wp\/v2\/categories?post=31115"},{"taxonomy":"post_tag","embeddable":true,"href":"https:\/\/imais.online\/portal\/wp-json\/wp\/v2\/tags?post=31115"}],"curies":[{"name":"wp","href":"https:\/\/api.w.org\/{rel}","templated":true}]}}