{"id":31118,"date":"2026-03-12T20:12:32","date_gmt":"2026-03-12T23:12:32","guid":{"rendered":"https:\/\/imais.online\/portal\/?p=31118"},"modified":"2026-03-12T20:12:33","modified_gmt":"2026-03-12T23:12:33","slug":"prefeitura-de-indaiatuba-participa-do-maior-evento-global-de-mobilidade-urbana-em-amsterdam","status":"publish","type":"post","link":"https:\/\/imais.online\/portal\/prefeitura-de-indaiatuba-participa-do-maior-evento-global-de-mobilidade-urbana-em-amsterdam\/","title":{"rendered":"Prefeitura de Indaiatuba participa do maior evento global de mobilidade urbana em Amsterdam"},"content":{"rendered":"<div class=\"imais-before-content-placement\" id=\"imais-711476225\"><script async src=\"\/\/pagead2.googlesyndication.com\/pagead\/js\/adsbygoogle.js?client=ca-pub-8787528412751566\" crossorigin=\"anonymous\"><\/script><ins class=\"adsbygoogle\" style=\"display:block;\" data-ad-client=\"ca-pub-8787528412751566\" \ndata-ad-slot=\"\" \ndata-ad-format=\"auto\"><\/ins>\n<script> \n(adsbygoogle = window.adsbygoogle || []).push({}); \n<\/script>\n<\/div>\n<p><em>Secret\u00e1rio de Mobilidade, Diego Vido, representa o munic\u00edpio na Intertraffic Amsterdam<\/em><\/p>\n\n\n\n<p>A Prefeitura de Indaiatuba est\u00e1 representada no maior evento global de mobilidade urbana: a Intertraffic Amsterdam. O evento \u00e9 focado em mobilidade inteligente, infraestrutura, gest\u00e3o de tr\u00e1fego, seguran\u00e7a vi\u00e1ria e estacionamento, e re\u00fane empresas internacionais para apresentar inova\u00e7\u00f5es e solu\u00e7\u00f5es de ponta para o setor. O secret\u00e1rio municipal de Mobilidade Urbana, Diego Vido, participa da exposi\u00e7\u00e3o, que acontece de 10 a 13 de mar\u00e7o, em Amsterdam, Holanda.&nbsp;<\/p>\n\n\n\n<p>A feira atrai profissionais da \u00e1rea que buscam avan\u00e7ar em tecnologias de transporte e urbanismo, e \u00e9 uma oportunidade para troca de conhecimentos e novas solu\u00e7\u00f5es no setor de mobilidade. \u201cRepresentar Indaiatuba neste evento \u00e9 uma oportunidade de conhecer solu\u00e7\u00f5es e experi\u00eancias de mobilidade urbana que est\u00e3o sendo desenvolvidas ao redor do mundo. Nosso objetivo \u00e9 buscar ideias inovadoras que possam contribuir para uma cidade cada vez mais organizada, eficiente e preparada para o futuro.\u201d, explicou Diego Vido.<\/p>\n\n\n\n<p>A edi\u00e7\u00e3o de 2026 da Intertraffic Amsterdam re\u00fane mais de 900 expositores globais, sete palcos de confer\u00eancia, mais de 300 sess\u00f5es de conhecimento e deve atrair aproximadamente 30 mil profissionais de mais de 145 pa\u00edses.<\/p>\n","protected":false},"excerpt":{"rendered":"<p>Secret\u00e1rio de Mobilidade, Diego Vido, representa o munic\u00edpio na Intertraffic Amsterdam A Prefeitura de Indaiatuba est\u00e1 representada no maior evento global de mobilidade urbana: a Intertraffic Amsterdam. O evento \u00e9 focado em mobilidade inteligente, infraestrutura, gest\u00e3o de tr\u00e1fego, seguran\u00e7a vi\u00e1ria e estacionamento, e re\u00fane empresas internacionais para apresentar inova\u00e7\u00f5es e solu\u00e7\u00f5es de ponta para o [&hellip;]<\/p>\n","protected":false},"author":7,"featured_media":31119,"comment_status":"closed","ping_status":"open","sticky":false,"template":"","format":"standard","meta":{"rop_custom_images_group":[],"rop_custom_messages_group":[],"rop_publish_now":"yes","rop_publish_now_accounts":[],"rop_publish_now_history":[],"rop_publish_now_status":"pending","footnotes":""},"categories":[188],"tags":[],"class_list":["post-31118","post","type-post","status-publish","format-standard","has-post-thumbnail","hentry","category-indaiatuba"],"amp_enabled":true,"_links":{"self":[{"href":"https:\/\/imais.online\/portal\/wp-json\/wp\/v2\/posts\/31118","targetHints":{"allow":["GET"]}}],"collection":[{"href":"https:\/\/imais.online\/portal\/wp-json\/wp\/v2\/posts"}],"about":[{"href":"https:\/\/imais.online\/portal\/wp-json\/wp\/v2\/types\/post"}],"author":[{"embeddable":true,"href":"https:\/\/imais.online\/portal\/wp-json\/wp\/v2\/users\/7"}],"replies":[{"embeddable":true,"href":"https:\/\/imais.online\/portal\/wp-json\/wp\/v2\/comments?post=31118"}],"version-history":[{"count":1,"href":"https:\/\/imais.online\/portal\/wp-json\/wp\/v2\/posts\/31118\/revisions"}],"predecessor-version":[{"id":31120,"href":"https:\/\/imais.online\/portal\/wp-json\/wp\/v2\/posts\/31118\/revisions\/31120"}],"wp:featuredmedia":[{"embeddable":true,"href":"https:\/\/imais.online\/portal\/wp-json\/wp\/v2\/media\/31119"}],"wp:attachment":[{"href":"https:\/\/imais.online\/portal\/wp-json\/wp\/v2\/media?parent=31118"}],"wp:term":[{"taxonomy":"category","embeddable":true,"href":"https:\/\/imais.online\/portal\/wp-json\/wp\/v2\/categories?post=31118"},{"taxonomy":"post_tag","embeddable":true,"href":"https:\/\/imais.online\/portal\/wp-json\/wp\/v2\/tags?post=31118"}],"curies":[{"name":"wp","href":"https:\/\/api.w.org\/{rel}","templated":true}]}}