{"id":31121,"date":"2026-03-12T20:16:09","date_gmt":"2026-03-12T23:16:09","guid":{"rendered":"https:\/\/imais.online\/portal\/?p=31121"},"modified":"2026-03-12T20:17:52","modified_gmt":"2026-03-12T23:17:52","slug":"irani-conquista-o-32o-premio-expressao-de-ecologia-com-dois-projetos-no-setor-papel-e-embalagem","status":"publish","type":"post","link":"https:\/\/imais.online\/portal\/irani-conquista-o-32o-premio-expressao-de-ecologia-com-dois-projetos-no-setor-papel-e-embalagem\/","title":{"rendered":"Irani conquista o 32\u00ba Pr\u00eamio Express\u00e3o de Ecologia, com dois projetos no setor papel e embalagem"},"content":{"rendered":"<div class=\"imais-before-content-placement\" id=\"imais-468411062\"><script async src=\"\/\/pagead2.googlesyndication.com\/pagead\/js\/adsbygoogle.js?client=ca-pub-8787528412751566\" crossorigin=\"anonymous\"><\/script><ins class=\"adsbygoogle\" style=\"display:block;\" data-ad-client=\"ca-pub-8787528412751566\" \ndata-ad-slot=\"\" \ndata-ad-format=\"auto\"><\/ins>\n<script> \n(adsbygoogle = window.adsbygoogle || []).push({}); \n<\/script>\n<\/div>\n<p class=\"has-text-align-center\"><em>Trilha ESG e Plano Estrat\u00e9gico de Descarboniza\u00e7\u00e3o refor\u00e7am estrat\u00e9gias da companhia de integrar sustentabilidade, competitividade e inova\u00e7\u00e3o<\/em><\/p>\n\n\n\n<p>Uma das principais ind\u00fastrias de papel e embalagens sustent\u00e1veis do Brasil, a Irani foi novamente reconhecida no Pr\u00eamio Express\u00e3o de Ecologia, a mais tradicional premia\u00e7\u00e3o ambiental do pa\u00eds. Criado em 1993 e com aval do Minist\u00e9rio do Meio Ambiente, o pr\u00eamio \u00e9 promovido pela Editora Express\u00e3o e j\u00e1 contabiliza 3.541 projetos inscritos ao longo de sua trajet\u00f3ria, consolidando-se como refer\u00eancia em sustentabilidade empresarial e institucional nos tr\u00eas estados do Sul e em S\u00e3o Paulo.<\/p>\n\n\n\n<p>A Irani foi vencedora na categoria Gest\u00e3o Ambiental (setor Papel e Embalagem) com dois projetos em iniciativas que refor\u00e7am o compromisso da companhia com a sustentabilidade, a inova\u00e7\u00e3o e a responsabilidade socioambiental, alinhando suas pr\u00e1ticas \u00e0s principais refer\u00eancias globais em gest\u00e3o ambiental.<\/p>\n\n\n\n<p>O primeiro deles, denominado Trilha ESG, \u00e9 uma jornada desenvolvida com Foco no Cliente para apoiar parceiros de neg\u00f3cio na evolu\u00e7\u00e3o de suas pr\u00e1ticas de sustentabilidade, conectando cada etapa \u00e0s principais agendas globais do tema. A iniciativa inclui diagn\u00f3stico, capacita\u00e7\u00e3o e acompanhamento de resultados. Em 2025, o projeto foi implementado como piloto em dois clientes, em Videira (SC) e Ub\u00e1 (MG). A partir de 2026, ser\u00e1 ampliado para novos parceiros e passar\u00e1 a se chamar Trilha de Sustentabilidade.<\/p>\n\n\n\n<p>J\u00e1 o Plano Estrat\u00e9gico de Descarboniza\u00e7\u00e3o apresenta as proje\u00e7\u00f5es de emiss\u00f5es e remo\u00e7\u00f5es at\u00e9 2030, contribuindo para a manuten\u00e7\u00e3o do compromisso corporativo de balan\u00e7o positivo para o clima entre emiss\u00f5es e remo\u00e7\u00f5es de carbono. A iniciativa tamb\u00e9m refor\u00e7a o desenvolvimento econ\u00f4mico local por meio do investimento em projetos de baixo carbono e do est\u00edmulo \u00e0s economias regionais. O plano considera cen\u00e1rios clim\u00e1ticos internacionais amplamente reconhecidos, como o IPCC e a Science Based Targets initiative (SBTi), para orientar as iniciativas de redu\u00e7\u00e3o de emiss\u00f5es da companhia.<\/p>\n\n\n\n<p>\u201cO reconhecimento nesta edi\u00e7\u00e3o refor\u00e7a nossa estrat\u00e9gia de integrar sustentabilidade, competitividade e inova\u00e7\u00e3o em toda a cadeia produtiva. Ele se soma a uma trajet\u00f3ria consistente da companhia no Pr\u00eamio Express\u00e3o de Ecologia\u201d, afirma o diretor de Pessoas, Estrat\u00e9gia e Gest\u00e3o da Irani, Fabiano Alves de Oliveira.<\/p>\n\n\n\n<p>Ao longo de sua trajet\u00f3ria, a Irani j\u00e1 conquistou nove reconhecimentos no Pr\u00eamio Express\u00e3o de Ecologia. Esse hist\u00f3rico, de acordo com o executivo, evidencia a relev\u00e2ncia da Irani como refer\u00eancia nacional em sustentabilidade empresarial, refor\u00e7ando sua posi\u00e7\u00e3o entre as principais ind\u00fastrias comprometidas com a preserva\u00e7\u00e3o ambiental e a inova\u00e7\u00e3o respons\u00e1vel.<\/p>\n\n\n\n<p>Na edi\u00e7\u00e3o 2025-2026 do Pr\u00eamio Express\u00e3o de Ecologia, foram inscritos 146 projetos, com 54 iniciativas vencedoras, representando 40 organiza\u00e7\u00f5es. Os contemplados recebem o Trof\u00e9u Onda Verde, t\u00eam seus cases publicados na <em>Revista L\u00edderes de Express\u00e3o<\/em> e participam de cerim\u00f4nia oficial em Florian\u00f3polis, reunindo autoridades, lideran\u00e7as empresariais e imprensa especializada. A data e o local da solenidade ser\u00e3o divulgados em breve.<\/p>\n\n\n\n<p><strong>Sobre a Irani<\/strong><\/p>\n\n\n\n<p>Fundada em 1941, a Irani Papel e Embalagem \u00e9 hoje uma das l\u00edderes do setor de embalagens sustent\u00e1veis no Brasil. Controlada desde 1994 pelo Grupo Habitasul, tradicional grupo empresarial da regi\u00e3o Sul do pa\u00eds, produz papeis para embalagens, chapas e caixas de papel\u00e3o ondulado, assegurando o fornecimento de produtos de mat\u00e9ria-prima renov\u00e1vel com alta qualidade. Alinhada \u00e0s boas pr\u00e1ticas da economia circular, tem produ\u00e7\u00e3o integrada \u00e0s florestas pr\u00f3prias e utiliza energia autogerada. Conta com unidades produtivas localizadas em Vargem Bonita (SC), Santa Luzia (MG), e Indaiatuba (SP), al\u00e9m de responder pela gest\u00e3o de florestas em Santa Catarina e Rio Grande do Sul. Com escrit\u00f3rios em Porto Alegre (RS) e Joa\u00e7aba (SC), tem em seus quadros mais de 2.000 colaboradores.<\/p>\n","protected":false},"excerpt":{"rendered":"<p>Trilha ESG e Plano Estrat\u00e9gico de Descarboniza\u00e7\u00e3o refor\u00e7am estrat\u00e9gias da companhia de integrar sustentabilidade, competitividade e inova\u00e7\u00e3o Uma das principais ind\u00fastrias de papel e embalagens sustent\u00e1veis do Brasil, a Irani foi novamente reconhecida no Pr\u00eamio Express\u00e3o de Ecologia, a mais tradicional premia\u00e7\u00e3o ambiental do pa\u00eds. Criado em 1993 e com aval do Minist\u00e9rio do Meio [&hellip;]<\/p>\n","protected":false},"author":7,"featured_media":31125,"comment_status":"closed","ping_status":"open","sticky":false,"template":"","format":"standard","meta":{"rop_custom_images_group":[],"rop_custom_messages_group":[],"rop_publish_now":"yes","rop_publish_now_accounts":[],"rop_publish_now_history":[],"rop_publish_now_status":"pending","footnotes":""},"categories":[191],"tags":[],"class_list":["post-31121","post","type-post","status-publish","format-standard","has-post-thumbnail","hentry","category-destaque"],"amp_enabled":true,"_links":{"self":[{"href":"https:\/\/imais.online\/portal\/wp-json\/wp\/v2\/posts\/31121","targetHints":{"allow":["GET"]}}],"collection":[{"href":"https:\/\/imais.online\/portal\/wp-json\/wp\/v2\/posts"}],"about":[{"href":"https:\/\/imais.online\/portal\/wp-json\/wp\/v2\/types\/post"}],"author":[{"embeddable":true,"href":"https:\/\/imais.online\/portal\/wp-json\/wp\/v2\/users\/7"}],"replies":[{"embeddable":true,"href":"https:\/\/imais.online\/portal\/wp-json\/wp\/v2\/comments?post=31121"}],"version-history":[{"count":1,"href":"https:\/\/imais.online\/portal\/wp-json\/wp\/v2\/posts\/31121\/revisions"}],"predecessor-version":[{"id":31124,"href":"https:\/\/imais.online\/portal\/wp-json\/wp\/v2\/posts\/31121\/revisions\/31124"}],"wp:featuredmedia":[{"embeddable":true,"href":"https:\/\/imais.online\/portal\/wp-json\/wp\/v2\/media\/31125"}],"wp:attachment":[{"href":"https:\/\/imais.online\/portal\/wp-json\/wp\/v2\/media?parent=31121"}],"wp:term":[{"taxonomy":"category","embeddable":true,"href":"https:\/\/imais.online\/portal\/wp-json\/wp\/v2\/categories?post=31121"},{"taxonomy":"post_tag","embeddable":true,"href":"https:\/\/imais.online\/portal\/wp-json\/wp\/v2\/tags?post=31121"}],"curies":[{"name":"wp","href":"https:\/\/api.w.org\/{rel}","templated":true}]}}