{"id":31129,"date":"2026-03-13T06:17:19","date_gmt":"2026-03-13T09:17:19","guid":{"rendered":"https:\/\/imais.online\/portal\/?p=31129"},"modified":"2026-03-13T06:17:20","modified_gmt":"2026-03-13T09:17:20","slug":"policia-civil-prende-lideranca-de-organizacao-criminosa-no-interior-de-sao-paulo","status":"publish","type":"post","link":"https:\/\/imais.online\/portal\/policia-civil-prende-lideranca-de-organizacao-criminosa-no-interior-de-sao-paulo\/","title":{"rendered":"Pol\u00edcia Civil prende lideran\u00e7a de organiza\u00e7\u00e3o criminosa no interior de S\u00e3o Paulo"},"content":{"rendered":"<div class=\"imais-before-content-placement\" id=\"imais-3146719455\"><script async src=\"\/\/pagead2.googlesyndication.com\/pagead\/js\/adsbygoogle.js?client=ca-pub-8787528412751566\" crossorigin=\"anonymous\"><\/script><ins class=\"adsbygoogle\" style=\"display:block;\" data-ad-client=\"ca-pub-8787528412751566\" \ndata-ad-slot=\"\" \ndata-ad-format=\"auto\"><\/ins>\n<script> \n(adsbygoogle = window.adsbygoogle || []).push({}); \n<\/script>\n<\/div>\n<p class=\"has-text-align-center\">Homem era procurado da Justi\u00e7a por tr\u00e1fico de drogas<\/p>\n\n\n\n<p class=\"has-text-align-left\">A Pol\u00edcia Civil prendeu nesta quinta-feira (12) um homem de 38 anos apontado como lideran\u00e7a de uma organiza\u00e7\u00e3o criminosa em Jundia\u00ed, no interior de S\u00e3o Paulo. Ele era procurado pela Justi\u00e7a ap\u00f3s fugir do sistema prisional, onde cumpria pena por tr\u00e1fico de drogas e associa\u00e7\u00e3o criminosa.<\/p>\n\n\n\n<p>A captura foi realizada por equipes da 2\u00aa Delegacia de Capturas do Departamento de Opera\u00e7\u00f5es Policiais Estrat\u00e9gicas (Dope) ap\u00f3s trabalhos de investiga\u00e7\u00e3o.<\/p>\n\n\n\n<p>Com as pesquisas nos sistemas policiais, os agentes identificaram que o homem exercia a fun\u00e7\u00e3o de \u201cdisciplina\u201d dentro da organiza\u00e7\u00e3o criminosa na regi\u00e3o de Jundia\u00ed, ou seja, era um dos respons\u00e1veis por cobrar e aplicar puni\u00e7\u00f5es aos membros que n\u00e3o seguissem as regras impostas pela quadrilha.<\/p>\n\n\n\n<p class=\"has-text-align-left\">.Foi requisitado exame de corpo de delito cautelar e, em seguida, o homem foi encaminhado para audi\u00eancia de cust\u00f3dia. O caso foi registrado como captura de procurado na 2\u00aa Delegacia de Capturas.<br><br><\/p>\n","protected":false},"excerpt":{"rendered":"<p>Homem era procurado da Justi\u00e7a por tr\u00e1fico de drogas A Pol\u00edcia Civil prendeu nesta quinta-feira (12) um homem de 38 anos apontado como lideran\u00e7a de uma organiza\u00e7\u00e3o criminosa em Jundia\u00ed, no interior de S\u00e3o Paulo. Ele era procurado pela Justi\u00e7a ap\u00f3s fugir do sistema prisional, onde cumpria pena por tr\u00e1fico de drogas e associa\u00e7\u00e3o criminosa. [&hellip;]<\/p>\n","protected":false},"author":7,"featured_media":31130,"comment_status":"closed","ping_status":"open","sticky":false,"template":"","format":"standard","meta":{"rop_custom_images_group":[],"rop_custom_messages_group":[],"rop_publish_now":"yes","rop_publish_now_accounts":[],"rop_publish_now_history":[],"rop_publish_now_status":"pending","footnotes":""},"categories":[195],"tags":[73],"class_list":["post-31129","post","type-post","status-publish","format-standard","has-post-thumbnail","hentry","category-sao-paulo","tag-featured"],"amp_enabled":true,"_links":{"self":[{"href":"https:\/\/imais.online\/portal\/wp-json\/wp\/v2\/posts\/31129","targetHints":{"allow":["GET"]}}],"collection":[{"href":"https:\/\/imais.online\/portal\/wp-json\/wp\/v2\/posts"}],"about":[{"href":"https:\/\/imais.online\/portal\/wp-json\/wp\/v2\/types\/post"}],"author":[{"embeddable":true,"href":"https:\/\/imais.online\/portal\/wp-json\/wp\/v2\/users\/7"}],"replies":[{"embeddable":true,"href":"https:\/\/imais.online\/portal\/wp-json\/wp\/v2\/comments?post=31129"}],"version-history":[{"count":1,"href":"https:\/\/imais.online\/portal\/wp-json\/wp\/v2\/posts\/31129\/revisions"}],"predecessor-version":[{"id":31131,"href":"https:\/\/imais.online\/portal\/wp-json\/wp\/v2\/posts\/31129\/revisions\/31131"}],"wp:featuredmedia":[{"embeddable":true,"href":"https:\/\/imais.online\/portal\/wp-json\/wp\/v2\/media\/31130"}],"wp:attachment":[{"href":"https:\/\/imais.online\/portal\/wp-json\/wp\/v2\/media?parent=31129"}],"wp:term":[{"taxonomy":"category","embeddable":true,"href":"https:\/\/imais.online\/portal\/wp-json\/wp\/v2\/categories?post=31129"},{"taxonomy":"post_tag","embeddable":true,"href":"https:\/\/imais.online\/portal\/wp-json\/wp\/v2\/tags?post=31129"}],"curies":[{"name":"wp","href":"https:\/\/api.w.org\/{rel}","templated":true}]}}