{"id":31168,"date":"2026-03-15T16:27:48","date_gmt":"2026-03-15T19:27:48","guid":{"rendered":"https:\/\/imais.online\/portal\/?p=31168"},"modified":"2026-03-15T16:27:48","modified_gmt":"2026-03-15T19:27:48","slug":"e-hoje-tudo-o-que-voce-precisa-saber-para-acompanhar-o-brasil-no-oscar","status":"publish","type":"post","link":"https:\/\/imais.online\/portal\/e-hoje-tudo-o-que-voce-precisa-saber-para-acompanhar-o-brasil-no-oscar\/","title":{"rendered":"\u00c9 hoje! Tudo o que voc\u00ea precisa saber para acompanhar o Brasil no Oscar"},"content":{"rendered":"<div class=\"imais-before-content-placement\" id=\"imais-79573502\"><script async src=\"\/\/pagead2.googlesyndication.com\/pagead\/js\/adsbygoogle.js?client=ca-pub-8787528412751566\" crossorigin=\"anonymous\"><\/script><ins class=\"adsbygoogle\" style=\"display:block;\" data-ad-client=\"ca-pub-8787528412751566\" \ndata-ad-slot=\"\" \ndata-ad-format=\"auto\"><\/ins>\n<script> \n(adsbygoogle = window.adsbygoogle || []).push({}); \n<\/script>\n<\/div>\n<h2 class=\"wp-block-heading\">Com \u2018O Agente Secreto\u2019 em quatro categorias, a cerim\u00f4nia acontece neste domingo (15)<\/h2>\n\n\n\n<p><\/p>\n\n\n\n<p>Cheio de expectativas, principalmente por parte dos brasileiros, a cerim\u00f4nia do&nbsp;<a href=\"https:\/\/www.r7.com\/tudo-sobre\/oscar\/\">Oscar<\/a>&nbsp;2026 acontece neste domingo (15), no tradicional Dolby Theatre, em Los Angeles, nos Estados Unidos. A 98\u00aa edi\u00e7\u00e3o do maior pr\u00eamio do&nbsp;<a href=\"https:\/\/www.r7.com\/tudo-sobre\/cinema\/\">cinema<\/a>&nbsp;chega com&nbsp;<strong>novidades, quebras de recordes e poss\u00edveis vit\u00f3rias hist\u00f3ricas<\/strong>.<\/p>\n\n\n\n<p>As mudan\u00e7as j\u00e1 come\u00e7am no hor\u00e1rio. Neste ano, o pr\u00eamio come\u00e7a mais cedo,<strong>&nbsp;\u00e0s 20h (hor\u00e1rio de Bras\u00edlia)<\/strong>. A previs\u00e3o \u00e9 que a entrega das estatuetas dure tr\u00eas horas, encerrando por volta das 23h. O&nbsp;<strong>R7&nbsp;<\/strong>vai fazer uma cobertura completa do evento, a partir das 18h.<\/p>\n\n\n\n<p><strong>Tapete vermelho<\/strong><\/p>\n\n\n\n<p>O tradicional tapete vermelho, que abre a cerim\u00f4nia com os artistas indicados dando entrevistas e exibindo seus looks, tamb\u00e9m come\u00e7a mais cedo,\u00a0<strong>por volta das 18h30<\/strong>. E tudo indica que a festa do Brasil j\u00e1 vai come\u00e7ar nele, uma vez que\u00a0<a href=\"https:\/\/www.r7.com\/tudo-sobre\/o-agente-secreto\/\"><em>O Agente Secreto<\/em><\/a>, filme representante do pa\u00eds, ir\u00e1\u00a0<strong>levar 30 pessoas para o Oscar<\/strong>.<\/p>\n\n\n\n<p>Entre os nomes que ir\u00e3o passar pelo tapete, est\u00e3o\u00a0<a href=\"https:\/\/www.r7.com\/tudo-sobre\/wagner-moura\/\">Wagner Moura<\/a>, indicado na categoria Melhor Ator,\u00a0<a href=\"https:\/\/www.r7.com\/tudo-sobre\/kleber-mendonca-filho\/\">Kleber Mendon\u00e7a Filho<\/a>, diretor do longa;\u00a0<strong>Gabriel Domingues<\/strong>,\u00a0<a href=\"https:\/\/entretenimento.r7.com\/prisma\/cine-r7\/oscar-2026-entenda-a-categoria-melhor-direcao-de-elenco-e-quais-sao-as-chances-do-brasil-13032026\/\">diretor de elenco indicado ao pr\u00eamio<\/a>; al\u00e9m de grande parte dos atores, como<a href=\"https:\/\/entretenimento.r7.com\/vivaavida\/prisma\/makes-e-afins\/alice-carvalho-de-o-agente-secreto-muda-visual-antes-do-oscar-e-adota-tom-de-cabelo-criado-para-nova-personagem-12032026\/\">\u00a0Alice Carvalho<\/a>\u00a0e\u00a0<a href=\"https:\/\/entretenimento.r7.com\/prisma\/keila-jimenez\/video\/maria-fernanda-candido-marca-presenca-na-semana-de-moda-de-milao-como-embaixadora-de-grife-02032026\/\">Maria Fernanda C\u00e2ndido<\/a>, e membros da equipe t\u00e9cnica.<\/p>\n\n\n\n<p>Apesar da grande expectativa do p\u00fablico,<a href=\"https:\/\/entretenimento.r7.com\/prisma\/cinema-de-segunda\/quem-e-tania-maria-a-atriz-que-rouba-a-cena-como-dona-sebastiana-em-o-agente-secreto-17112025\/\">\u00a0T\u00e2nia Maria<\/a>, int\u00e9rprete de\u00a0<strong>Dona Sebastiana<\/strong>, n\u00e3o ir\u00e1 comparecer ao Oscar. A atriz anunciou que optou, em conjunto com a fam\u00edlia e os m\u00e9dicos, por n\u00e3o enfrentar a longa viagem. Ainda assim, o frevo que tomou o\u00a0<a href=\"https:\/\/www.r7.com\/tudo-sobre\/festival-de-cannes\/\">Festival de Cannes<\/a>\u00a0no in\u00edcio de 2025 tem tudo para se repetir em mais um tapete vermelho.<\/p>\n\n\n\n<h3 class=\"wp-block-heading\">Categorias de \u2018O Agente Secreto\u2019<\/h3>\n\n\n\n<p>Por\u00e9m, o restante das comemora\u00e7\u00f5es ter\u00e1 que esperar mais um pouco. A ordem do an\u00fancio das categorias ainda \u00e9 uma surpresa, mas, se seguir a mesma de 2025, todas as que o Brasil est\u00e1 indicado devem ficar para o final da premia\u00e7\u00e3o.<\/p>\n\n\n\n<p>Melhor Filme Internacional, pr\u00eamio que&nbsp;<em>O Agente Secreto<\/em>&nbsp;<strong>tem mais chances<\/strong>, deve inaugurar as categorias mais importantes da noite, seguido de&nbsp;<strong>Melhor Ator, Melhor Atriz, Melhor Dire\u00e7\u00e3o e Melhor Filme<\/strong>.<\/p>\n\n\n\n<p>O Oscar 2026 tamb\u00e9m inaugura uma nova categoria, a de&nbsp;<strong>Melhor Dire\u00e7\u00e3o de Elenco<\/strong>. Com o Brasil na disputa, a estatueta ir\u00e1 para o profissional respons\u00e1vel por selecionar os atores que comp\u00f5em o filme. Por ser um trabalho em conjunto com o diretor geral e uma grande novidade, o an\u00fancio tamb\u00e9m deve ser feito no final do pr\u00eamio, pr\u00f3ximo ao de dire\u00e7\u00e3o.<\/p>\n\n\n\n<p>Deixando a ansiedade de lado, h\u00e1 muito o que curtir na cerim\u00f4nia. Pr\u00eamios importantes como Melhor Anima\u00e7\u00e3o, Melhor Atriz Coadjuvante e Melhor Ator Coadjuvante est\u00e3o espalhados ao longo da dura\u00e7\u00e3o.<\/p>\n\n\n\n<h3 class=\"wp-block-heading\">Brasileiro indicado a Melhor Fotografia<\/h3>\n\n\n\n<p>N\u00e3o estranhe algumas categorias. O Oscar premia setores t\u00e9cnicos n\u00e3o muito percebidos pelo p\u00fablico ao assistir aos filmes, como som e design de produ\u00e7\u00e3o.<\/p>\n\n\n\n<p>\u00c9 em uma dessas categorias, inclusive, que o Brasil tem outra grande chance de vit\u00f3ria.<\/p>\n\n\n\n<p>O brasileiro&nbsp;<a href=\"https:\/\/entretenimento.r7.com\/cinema\/oscar\/o-agente-secreto-jornal-britanico-lista-motivos-para-filme-ganhar-o-oscar-04032026\/\">Adolpho Veloso<\/a>concorre na categoria&nbsp;<strong>Melhor Fotografia<\/strong>&nbsp;pelo trabalho no longa americano&nbsp;<em>Sonhos de Trem<\/em>.<\/p>\n\n\n\n<h3 class=\"wp-block-heading\">Shows<\/h3>\n\n\n\n<p>Para os amantes de shows, h\u00e1 tamb\u00e9m as apresenta\u00e7\u00f5es das m\u00fasicas indicadas na categoria<strong>&nbsp;Melhor Can\u00e7\u00e3o Original<\/strong>. A academia confirmou as performances do fen\u00f4meno&nbsp;<em>Golden<\/em>, da anima\u00e7\u00e3o&nbsp;<a href=\"https:\/\/noticias.r7.com\/record-news\/news-das-10\/video\/trio-de-guerreiras-do-k-pop-fara-show-ao-vivo-no-oscar-31012026\/\"><em>Guerreiras do K-pop<\/em><\/a>, e&nbsp;<em>I Lied to You<\/em>, parte da trilha sonora de<em>&nbsp;Pecadores<\/em>.<\/p>\n\n\n\n<h3 class=\"wp-block-heading\">Filme mais indicado<\/h3>\n\n\n\n<p><a href=\"https:\/\/entretenimento.r7.com\/cinema\/oscar-michael-b-jordan-alcanca-feito-raro-apos-indicacao-de-melhor-ator-por-pecadores-24012026\/\"><em>Pecadores<\/em><\/a>&nbsp;chega \u00e0 98\u00aa edi\u00e7\u00e3o com um recorde nas costas. O longa tornou-se o&nbsp;<a href=\"https:\/\/entretenimento.r7.com\/vanity-brasil\/oscar-2026-pecadores-faz-historia-e-se-torna-o-filme-mais-indicado-de-todos-os-tempos-22012026\/\">filme mais indicado da hist\u00f3ria<\/a>&nbsp;do Oscar, aparecendo em 16 categorias. Resta saber quantas a produ\u00e7\u00e3o vai levar, j\u00e1 que disputa parte delas com&nbsp;<a href=\"https:\/\/entretenimento.r7.com\/prisma\/cine-r7\/novo-filme-de-dicaprio-uma-batalha-apos-a-outra-entretem-e-provoca-na-mesma-medida-25092025\/\"><em>Uma Batalha Ap\u00f3s a Outra<\/em><\/a>, o queridinho da temporada.<\/p>\n\n\n\n<p>Mas o embate que todos est\u00e3o atentos \u00e9, na verdade, com&nbsp;<em>O Agente Secreto<\/em>. Depois da queda da popularidade de&nbsp;<a href=\"https:\/\/entretenimento.r7.com\/cinema\/timothee-chalamet-esta-sendo-boicotado-entenda-a-campanha-secreta-para-ele-perder-o-oscar-07032026\/\">Timoth\u00e9e Chalamet<\/a>, astro de&nbsp;<a href=\"https:\/\/entretenimento.r7.com\/cinema\/sete-anos-de-tenis-de-mesa-e-jogo-no-deserto-como-timothee-se-preparou-para-marty-supreme-13012026\/\"><em>Marty Supreme<\/em><\/a>, a disputa pela estatueta de Melhor Ator ficou entre&nbsp;<a href=\"https:\/\/entretenimento.r7.com\/cinema\/michael-b-jordan-precisou-de-terapia-apos-ficar-preso-em-personagem-de-pantera-negra-08012026\/\">Michael B. Jordan<\/a>&nbsp;e Wagner Moura.<\/p>\n\n\n\n<p>Caso o baiano leve a melhor em cima do norte-americano, a noite do Oscar 2026 ser\u00e1 consagrada como um evento hist\u00f3rico, n\u00e3o s\u00f3 para o Brasil como tamb\u00e9m para o mundo.<\/p>\n\n\n\n<p>Fonte R7<\/p>\n\n\n\n<p><br><\/p>\n","protected":false},"excerpt":{"rendered":"<p>Com \u2018O Agente Secreto\u2019 em quatro categorias, a cerim\u00f4nia acontece neste domingo (15) Cheio de expectativas, principalmente por parte dos brasileiros, a cerim\u00f4nia do&nbsp;Oscar&nbsp;2026 acontece neste domingo (15), no tradicional Dolby Theatre, em Los Angeles, nos Estados Unidos. A 98\u00aa edi\u00e7\u00e3o do maior pr\u00eamio do&nbsp;cinema&nbsp;chega com&nbsp;novidades, quebras de recordes e poss\u00edveis vit\u00f3rias hist\u00f3ricas. As mudan\u00e7as [&hellip;]<\/p>\n","protected":false},"author":8,"featured_media":31169,"comment_status":"closed","ping_status":"open","sticky":false,"template":"","format":"standard","meta":{"rop_custom_images_group":[],"rop_custom_messages_group":[],"rop_publish_now":"yes","rop_publish_now_accounts":[],"rop_publish_now_history":[],"rop_publish_now_status":"pending","footnotes":""},"categories":[16],"tags":[73],"class_list":["post-31168","post","type-post","status-publish","format-standard","has-post-thumbnail","hentry","category-entertainment","tag-featured"],"amp_enabled":true,"_links":{"self":[{"href":"https:\/\/imais.online\/portal\/wp-json\/wp\/v2\/posts\/31168","targetHints":{"allow":["GET"]}}],"collection":[{"href":"https:\/\/imais.online\/portal\/wp-json\/wp\/v2\/posts"}],"about":[{"href":"https:\/\/imais.online\/portal\/wp-json\/wp\/v2\/types\/post"}],"author":[{"embeddable":true,"href":"https:\/\/imais.online\/portal\/wp-json\/wp\/v2\/users\/8"}],"replies":[{"embeddable":true,"href":"https:\/\/imais.online\/portal\/wp-json\/wp\/v2\/comments?post=31168"}],"version-history":[{"count":1,"href":"https:\/\/imais.online\/portal\/wp-json\/wp\/v2\/posts\/31168\/revisions"}],"predecessor-version":[{"id":31170,"href":"https:\/\/imais.online\/portal\/wp-json\/wp\/v2\/posts\/31168\/revisions\/31170"}],"wp:featuredmedia":[{"embeddable":true,"href":"https:\/\/imais.online\/portal\/wp-json\/wp\/v2\/media\/31169"}],"wp:attachment":[{"href":"https:\/\/imais.online\/portal\/wp-json\/wp\/v2\/media?parent=31168"}],"wp:term":[{"taxonomy":"category","embeddable":true,"href":"https:\/\/imais.online\/portal\/wp-json\/wp\/v2\/categories?post=31168"},{"taxonomy":"post_tag","embeddable":true,"href":"https:\/\/imais.online\/portal\/wp-json\/wp\/v2\/tags?post=31168"}],"curies":[{"name":"wp","href":"https:\/\/api.w.org\/{rel}","templated":true}]}}