{"id":31172,"date":"2026-03-15T17:15:40","date_gmt":"2026-03-15T20:15:40","guid":{"rendered":"https:\/\/imais.online\/portal\/?p=31172"},"modified":"2026-03-15T17:15:41","modified_gmt":"2026-03-15T20:15:41","slug":"apos-autorizacao-da-nasa-missao-artemis-2o-pode-decolar-em-1o-de-abril-rumo-a-lua","status":"publish","type":"post","link":"https:\/\/imais.online\/portal\/apos-autorizacao-da-nasa-missao-artemis-2o-pode-decolar-em-1o-de-abril-rumo-a-lua\/","title":{"rendered":"Ap\u00f3s autoriza\u00e7\u00e3o da Nasa, miss\u00e3o Artemis 2\u00ba pode decolar em 1\u00ba de abril rumo \u00e0 Lua"},"content":{"rendered":"<div class=\"imais-before-content-placement\" id=\"imais-241799461\"><script async src=\"\/\/pagead2.googlesyndication.com\/pagead\/js\/adsbygoogle.js?client=ca-pub-8787528412751566\" crossorigin=\"anonymous\"><\/script><ins class=\"adsbygoogle\" style=\"display:block;\" data-ad-client=\"ca-pub-8787528412751566\" \ndata-ad-slot=\"\" \ndata-ad-format=\"auto\"><\/ins>\n<script> \n(adsbygoogle = window.adsbygoogle || []).push({}); \n<\/script>\n<\/div>\n<h2 class=\"wp-block-heading\">Homem n\u00e3o embarca para o local h\u00e1 meio s\u00e9culo, desde o encerramento do programa Apollo, em 1972<\/h2>\n\n\n\n<h1 class=\"wp-block-heading\"><\/h1>\n\n\n\n<p>A Nasa concedeu autoriza\u00e7\u00e3o oficial para o lan\u00e7amento da&nbsp;<a href=\"https:\/\/noticias.r7.com\/fala-ciencia\/nasa-prepara-mudanca-no-foguete-sls-da-artemis-para-tornar-viagens-a-lua-mais-rapidas-13032026\/\">miss\u00e3o Artemis 2\u00ba<\/a>, que dever\u00e1 levar quatro astronautas em um voo ao redor da Lua.<\/p>\n\n\n\n<p>A primeira tentativa de lan\u00e7amento est\u00e1 programada para 1\u00ba de abril, caso as condi\u00e7\u00f5es t\u00e9cnicas e clim\u00e1ticas sejam favor\u00e1veis.<\/p>\n\n\n\n<p>Se o cronograma for mantido, essa ser\u00e1 a primeira viagem tripulada da humanidade \u00e0 vizinhan\u00e7a da Lua em mais de 50 anos, desde o encerramento do programa Apollo em 1972.<\/p>\n\n\n\n<p>A miss\u00e3o n\u00e3o prev\u00ea pouso na superf\u00edcie lunar, mas funcionar\u00e1 como um&nbsp;<a href=\"https:\/\/noticias.r7.com\/fala-ciencia\/nasa-reformula-programa-artemis-e-planeja-missoes-lunares-anuais-04032026\/\">teste fundamental<\/a>&nbsp;para validar tecnologias e procedimentos necess\u00e1rios para futuras opera\u00e7\u00f5es.<\/p>\n\n\n\n<h3 class=\"wp-block-heading\">Foguete que pode reiniciar era das miss\u00f5es lunares<\/h3>\n\n\n\n<p>A miss\u00e3o ser\u00e1 realizada com o Space Launch System (SLS), considerado o foguete mais potente j\u00e1 constru\u00eddo pela ag\u00eancia espacial dos Estados Unidos.<\/p>\n\n\n\n<p>Com cerca de 98 metros de altura, o ve\u00edculo foi projetado para levar astronautas e cargas pesadas para al\u00e9m da \u00f3rbita da Terra, possibilitando miss\u00f5es de explora\u00e7\u00e3o no espa\u00e7o profundo.<\/p>\n\n\n\n<p>No topo do foguete est\u00e1 a c\u00e1psula Orion, respons\u00e1vel por acomodar a tripula\u00e7\u00e3o durante a viagem. A nave foi desenvolvida para miss\u00f5es de longa dura\u00e7\u00e3o e possui sistemas de suporte de vida, prote\u00e7\u00e3o contra radia\u00e7\u00e3o e capacidade de reentrada segura na atmosfera terrestre.<\/p>\n\n\n\n<p>Antes de receber autoriza\u00e7\u00e3o para lan\u00e7amento, o sistema passou por diversas corre\u00e7\u00f5es t\u00e9cnicas. Inicialmente, engenheiros precisaram resolver vazamentos de hidrog\u00eanio detectados durante testes na plataforma de lan\u00e7amento. Posteriormente, um problema relacionado ao fluxo de h\u00e9lio obrigou a equipe a levar o foguete de volta ao edif\u00edcio de montagem para manuten\u00e7\u00e3o.<\/p>\n\n\n\n<p>Ap\u00f3s a conclus\u00e3o dessas interven\u00e7\u00f5es, a Nasa avaliou que o sistema est\u00e1 pronto para tentar o lan\u00e7amento dentro da janela dispon\u00edvel no in\u00edcio de abril.<\/p>\n\n\n\n<h2 class=\"wp-block-heading\">Nova estrat\u00e9gia para acelerar a explora\u00e7\u00e3o lunar<\/h2>\n\n\n\n<p>O programa Artemis tem como objetivo estabelecer uma presen\u00e7a humana sustent\u00e1vel na Lua e preparar o caminho para miss\u00f5es tripuladas a Marte. Nos \u00faltimos meses, a ag\u00eancia espacial anunciou ajustes estrat\u00e9gicos em seu planejamento para tornar o cronograma mais eficiente.&nbsp;<\/p>\n\n\n\n<p>Entre as mudan\u00e7as est\u00e3o a inclus\u00e3o de um voo adicional de treinamento em \u00f3rbita da Terra, a reorganiza\u00e7\u00e3o da sequ\u00eancia das miss\u00f5es futuras e a meta de realizar pousos lunares at\u00e9 2028.<\/p>\n\n\n\n<p>Com essas altera\u00e7\u00f5es, a iniciativa busca reduzir os longos intervalos entre as miss\u00f5es e acelerar o desenvolvimento das tecnologias necess\u00e1rias para explorar regi\u00f5es mais distantes do espa\u00e7o.&nbsp;<\/p>\n\n\n\n<h2 class=\"wp-block-heading\">Explorar o polo sul lunar \u00e9 desafio in\u00e9dito<\/h2>\n\n\n\n<p>Diferentemente das miss\u00f5es Apollo, que pousaram em regi\u00f5es pr\u00f3ximas ao equador da Lua, o programa Artemis pretende investigar \u00e1reas localizadas perto do polo sul lunar.<\/p>\n\n\n\n<p>Essa regi\u00e3o desperta grande interesse cient\u00edfico porque pode abrigar reservas de gelo de \u00e1gua, um recurso considerado essencial para sustentar futuras bases humanas no sat\u00e9lite natural da Terra.&nbsp;<\/p>\n\n\n\n<p>No entanto, explorar essa \u00e1rea traz desafios significativos. O terreno \u00e9 acidentado e irregular, com crateras profundas e extensas regi\u00f5es permanentemente sombreadas, o que dificulta a navega\u00e7\u00e3o e as opera\u00e7\u00f5es de pouso.<\/p>\n\n\n\n<p>Por causa dessas caracter\u00edsticas, a explora\u00e7\u00e3o do polo sul lunar exige tecnologias mais avan\u00e7adas de pouso, navega\u00e7\u00e3o e planejamento de miss\u00f5es, aumentando a complexidade das futuras expedi\u00e7\u00f5es humanas.<\/p>\n\n\n\n<h2 class=\"wp-block-heading\">Nova era da explora\u00e7\u00e3o lunar ganha for\u00e7a<\/h2>\n\n\n\n<p>Entre 1968 e 1972, o programa Apollo levou 24 astronautas at\u00e9 a \u00f3rbita da Lua, e 12 deles caminharam em sua superf\u00edcie. Desde ent\u00e3o, nenhuma miss\u00e3o tripulada retornou ao ambiente lunar.<\/p>\n\n\n\n<p>Agora, com a autoriza\u00e7\u00e3o concedida em 12 de mar\u00e7o e a primeira tentativa de lan\u00e7amento marcada para 1\u00ba de abril, a Artemis 2\u00ba pode representar o primeiro passo concreto para retomar a explora\u00e7\u00e3o humana do sat\u00e9lite natural da Terra. Se a miss\u00e3o for bem-sucedida, ela abrir\u00e1 caminho para pousos tripulados e para a constru\u00e7\u00e3o de uma infraestrutura lunar que poder\u00e1 sustentar a presen\u00e7a humana no espa\u00e7o profundo nas pr\u00f3ximas d\u00e9cadas.<\/p>\n\n\n\n<p><em>*Texto produzido pelo Fala Ci\u00eancia com autoria e revis\u00e3o t\u00e9cnica do bi\u00f3logo Leandro C. Sinis, da Universidade Federal do Rio de Janeiro.<\/em><\/p>\n\n\n\n<p><\/p>\n","protected":false},"excerpt":{"rendered":"<p>Homem n\u00e3o embarca para o local h\u00e1 meio s\u00e9culo, desde o encerramento do programa Apollo, em 1972 A Nasa concedeu autoriza\u00e7\u00e3o oficial para o lan\u00e7amento da&nbsp;miss\u00e3o Artemis 2\u00ba, que dever\u00e1 levar quatro astronautas em um voo ao redor da Lua. A primeira tentativa de lan\u00e7amento est\u00e1 programada para 1\u00ba de abril, caso as condi\u00e7\u00f5es t\u00e9cnicas [&hellip;]<\/p>\n","protected":false},"author":8,"featured_media":31173,"comment_status":"closed","ping_status":"open","sticky":false,"template":"","format":"standard","meta":{"rop_custom_images_group":[],"rop_custom_messages_group":[],"rop_publish_now":"yes","rop_publish_now_accounts":[],"rop_publish_now_history":[],"rop_publish_now_status":"pending","footnotes":""},"categories":[212],"tags":[],"class_list":["post-31172","post","type-post","status-publish","format-standard","has-post-thumbnail","hentry","category-internacional"],"amp_enabled":true,"_links":{"self":[{"href":"https:\/\/imais.online\/portal\/wp-json\/wp\/v2\/posts\/31172","targetHints":{"allow":["GET"]}}],"collection":[{"href":"https:\/\/imais.online\/portal\/wp-json\/wp\/v2\/posts"}],"about":[{"href":"https:\/\/imais.online\/portal\/wp-json\/wp\/v2\/types\/post"}],"author":[{"embeddable":true,"href":"https:\/\/imais.online\/portal\/wp-json\/wp\/v2\/users\/8"}],"replies":[{"embeddable":true,"href":"https:\/\/imais.online\/portal\/wp-json\/wp\/v2\/comments?post=31172"}],"version-history":[{"count":1,"href":"https:\/\/imais.online\/portal\/wp-json\/wp\/v2\/posts\/31172\/revisions"}],"predecessor-version":[{"id":31174,"href":"https:\/\/imais.online\/portal\/wp-json\/wp\/v2\/posts\/31172\/revisions\/31174"}],"wp:featuredmedia":[{"embeddable":true,"href":"https:\/\/imais.online\/portal\/wp-json\/wp\/v2\/media\/31173"}],"wp:attachment":[{"href":"https:\/\/imais.online\/portal\/wp-json\/wp\/v2\/media?parent=31172"}],"wp:term":[{"taxonomy":"category","embeddable":true,"href":"https:\/\/imais.online\/portal\/wp-json\/wp\/v2\/categories?post=31172"},{"taxonomy":"post_tag","embeddable":true,"href":"https:\/\/imais.online\/portal\/wp-json\/wp\/v2\/tags?post=31172"}],"curies":[{"name":"wp","href":"https:\/\/api.w.org\/{rel}","templated":true}]}}