{"id":31179,"date":"2026-03-17T17:02:00","date_gmt":"2026-03-17T20:02:00","guid":{"rendered":"https:\/\/imais.online\/portal\/?p=31179"},"modified":"2026-03-16T21:41:19","modified_gmt":"2026-03-17T00:41:19","slug":"edson-hudson-estreiam-turne-30-anos-nesta-sexta-feira","status":"publish","type":"post","link":"https:\/\/imais.online\/portal\/edson-hudson-estreiam-turne-30-anos-nesta-sexta-feira\/","title":{"rendered":"Edson &amp; Hudson estreiam turn\u00ea &#8220;30 Anos&#8221; nesta sexta-feira"},"content":{"rendered":"<div class=\"imais-before-content-placement\" id=\"imais-3430178657\"><script async src=\"\/\/pagead2.googlesyndication.com\/pagead\/js\/adsbygoogle.js?client=ca-pub-8787528412751566\" crossorigin=\"anonymous\"><\/script><ins class=\"adsbygoogle\" style=\"display:block;\" data-ad-client=\"ca-pub-8787528412751566\" \ndata-ad-slot=\"\" \ndata-ad-format=\"auto\"><\/ins>\n<script> \n(adsbygoogle = window.adsbygoogle || []).push({}); \n<\/script>\n<\/div>\n<p class=\"has-text-align-center\"><em>Com repert\u00f3rio que atravessa gera\u00e7\u00f5es e consolidou a dupla como refer\u00eancia do sertanejo, os irm\u00e3os trazem ao palco hits atemporais, al\u00e9m das recentes releituras de cl\u00e1ssicos do rock<\/em><\/p>\n\n\n\n<p>Edson &amp; Hudson sobem ao palco do Espa\u00e7o Unimed, em S\u00e3o Paulo, nesta sexta-feira (20) com a estreia da turn\u00ea \u201c30 Anos\u201d. <a href=\"https:\/\/www.espacounimed.com.br\/show\/edson-e-hudson\/\">\u00daltimos ingressos dispon\u00edveis<\/a> pela Ticket 360 e na bilheteria do Espa\u00e7o Unimed.<\/p>\n\n\n\n<p>O novo show, que revisita uma das trajet\u00f3rias mais consistentes e aut\u00eanticas da m\u00fasica brasileira, prop\u00f5e um recorte em 30 anos de dedica\u00e7\u00e3o \u00e0 ind\u00fastria fonogr\u00e1fica. Com um repert\u00f3rio que atravessa gera\u00e7\u00f5es, a dupla ajudou a redefinir o sertanejo no in\u00edcio dos anos 2000 ao unir romantismo, t\u00e9cnica vocal e influ\u00eancia do rock, criando uma identidade pr\u00f3pria que ampliou o alcance do g\u00eanero.&nbsp;<\/p>\n\n\n\n<p>A escolha do Espa\u00e7o Unimed, principal casa de shows da capital paulista, para esse primeiro encontro simboliza o peso do projeto: um palco \u00e0 altura de uma dupla que transformou hits em legado e que segue ocupando lugar central na m\u00fasica brasileira.<\/p>\n\n\n\n<p>O show prop\u00f5e uma viagem pela carreira, reunindo sucessos que moldaram essa hist\u00f3ria e novas leituras musicais pensadas especialmente para a turn\u00ea comemorativa. Can\u00e7\u00f5es como \u201cAzul\u201d, \u201cGalera Cora\u00e7\u00e3o\u201d, \u201cFoi Deus\u201d e \u201cTe Quero Pra Mim\u201d n\u00e3o ficam de fora da apresenta\u00e7\u00e3o e sustentam um p\u00fablico fiel at\u00e9 hoje.&nbsp;<\/p>\n\n\n\n<p>Com a sequ\u00eancia de lan\u00e7amento de releituras de sucessos do rock, Edson &amp; Hudson vem atingindo tamb\u00e9m outros p\u00fablicos, que fazem quest\u00e3o de elogiar e refor\u00e7ar a versatilidade e talento dos irm\u00e3os. Junto com \u201cCarrie\u201d (Europe\/ 1986), disponibilizada nos apps de m\u00fasica na \u00faltima semana, a dupla j\u00e1 lan\u00e7ou \u201cHave You Ever Seen the Rain\u201d (Creedence Clearwater Revival\/ 1970) e \u201cLove Hurts\u201d (Nazareth\/ 1975). Faixas que tamb\u00e9m ser\u00e3o apresentadas ao vivo no palco.<\/p>\n\n\n\n<p>Mais do que uma celebra\u00e7\u00e3o de n\u00fameros, a turn\u00ea \u201c30 Anos\u201d reafirma o lugar de Edson &amp; Hudson como artistas que atravessaram mudan\u00e7as de mercado sem perder relev\u00e2ncia nem v\u00ednculo com o p\u00fablico.<\/p>\n\n\n\n<p><strong>Edson &amp; Hudson &#8211; 30 Anos no Espa\u00e7o Unimed<\/strong><\/p>\n\n\n\n<p>Data:<strong> 20 de mar\u00e7o de 2026 (sexta-feira)<\/strong><\/p>\n\n\n\n<p>Abertura da casa: <strong>20h | <\/strong>In\u00edcio do show: <strong>22h<\/strong><\/p>\n\n\n\n<p>Local:<strong> Espa\u00e7o Unimed <\/strong>(Rua Tagipuru, 795, Barra Funda &#8211; S\u00e3o Paulo\/ SP)<\/p>\n\n\n\n<p><strong>Ingressos:&nbsp; Setor<\/strong> <strong>Platinum<\/strong> R$ 440,00 (inteira) e R$ 220,00 (meia-entrada) | <strong>Setor Azul Premium <\/strong>R$ 380,00 (inteira) e R$ 190,00 (meia-entrada) | <strong>Setor Azul<\/strong> R$ 280,00 (inteira) e R$ 140,00 (meia-entrada) | <strong>Setor A, B e C <\/strong>R$ 240,00 (inteira) e R$ 120,00 (meia-entrada) | <strong>Setor E, F e G <\/strong>R$ 200,00 (inteira) e R$ 100,00 (meia-entrada) | <strong>Setor I e J <\/strong>R$ 150,00 (inteira) e R$ 75,00 (meia-entrada) | <strong>PCD <\/strong>R$ 150,00 (inteira) e R$ 75,00 (meia-entrada) | <strong>Camarote A<\/strong> R$ 380,00 | <strong>Camarote B<\/strong> R$ 320,00&nbsp;&nbsp;<\/p>\n\n\n\n<p><strong>Compra de ingressos<\/strong>: Online pelo link&nbsp; <a href=\"https:\/\/www.ticket360.com.br\/evento\/32143\/ingressos-para-edson-e-hudson\">https:\/\/www.ticket360.com.br\/evento\/32143\/ingressos-para-edson-e-hudson<\/a> e no site da<a href=\"https:\/\/www.ticket360.com.br\"> Ticket 360<\/a> ou nas bilheterias do Espa\u00e7o Unimed (Rua Tagipuru, 795 &#8211; 01156-000, Barra Funda &#8211; S\u00e3o Paulo\/SP). Funcionamento de segunda a s\u00e1bado, das 10h \u00e0s 17h &#8211; exceto feriados. Bilheteria virtual: A compra pela bilheteria virtual n\u00e3o tem acr\u00e9scimo de taxa de servi\u00e7o e tem como forma de pagamento cart\u00e3o de cr\u00e9dito ou pix. Para ativar a compra atrav\u00e9s do aplicativo, esteja no local no raio m\u00e1ximo de 500 metros (isento da taxa).&nbsp;<\/p>\n\n\n\n<p><strong>Classifica\u00e7\u00e3o et\u00e1ria: 18&nbsp; anos<\/strong><\/p>\n\n\n\n<p><strong>Acesso para deficientes: sim<\/strong><\/p>\n\n\n\n<p><strong>Objetos proibidos:<\/strong> C\u00e2mera fotogr\u00e1fica profissional ou semi profissional (c\u00e2meras grandes com zoom externo ou que trocam de lente), filmadoras de v\u00eddeo, gravadores de \u00e1udio, canetas laser, qualquer tipo de trip\u00e9, pau de selfie, camisas de time, correntes e cintur\u00f5es, garrafas pl\u00e1sticas, bebidas alc\u00f3olicas, subst\u00e2ncias t\u00f3xicas, fogos de artif\u00edcio, inflam\u00e1veis em geral, objetos que possam causar ferimentos, armas de fogo, armas brancas, copos de vidro e vidros em geral, frutas inteiras, latas de alum\u00ednio, guarda-chuva, jornais, revistas, bandeiras e faixas, capacetes de motos e similares.<\/p>\n","protected":false},"excerpt":{"rendered":"<p>Com repert\u00f3rio que atravessa gera\u00e7\u00f5es e consolidou a dupla como refer\u00eancia do sertanejo, os irm\u00e3os trazem ao palco hits atemporais, al\u00e9m das recentes releituras de cl\u00e1ssicos do rock Edson &amp; Hudson sobem ao palco do Espa\u00e7o Unimed, em S\u00e3o Paulo, nesta sexta-feira (20) com a estreia da turn\u00ea \u201c30 Anos\u201d. \u00daltimos ingressos dispon\u00edveis pela Ticket [&hellip;]<\/p>\n","protected":false},"author":7,"featured_media":31180,"comment_status":"closed","ping_status":"open","sticky":false,"template":"","format":"standard","meta":{"rop_custom_images_group":[],"rop_custom_messages_group":[],"rop_publish_now":"yes","rop_publish_now_accounts":[],"rop_publish_now_history":[],"rop_publish_now_status":"pending","footnotes":""},"categories":[191],"tags":[],"class_list":["post-31179","post","type-post","status-publish","format-standard","has-post-thumbnail","hentry","category-destaque"],"amp_enabled":true,"_links":{"self":[{"href":"https:\/\/imais.online\/portal\/wp-json\/wp\/v2\/posts\/31179","targetHints":{"allow":["GET"]}}],"collection":[{"href":"https:\/\/imais.online\/portal\/wp-json\/wp\/v2\/posts"}],"about":[{"href":"https:\/\/imais.online\/portal\/wp-json\/wp\/v2\/types\/post"}],"author":[{"embeddable":true,"href":"https:\/\/imais.online\/portal\/wp-json\/wp\/v2\/users\/7"}],"replies":[{"embeddable":true,"href":"https:\/\/imais.online\/portal\/wp-json\/wp\/v2\/comments?post=31179"}],"version-history":[{"count":1,"href":"https:\/\/imais.online\/portal\/wp-json\/wp\/v2\/posts\/31179\/revisions"}],"predecessor-version":[{"id":31181,"href":"https:\/\/imais.online\/portal\/wp-json\/wp\/v2\/posts\/31179\/revisions\/31181"}],"wp:featuredmedia":[{"embeddable":true,"href":"https:\/\/imais.online\/portal\/wp-json\/wp\/v2\/media\/31180"}],"wp:attachment":[{"href":"https:\/\/imais.online\/portal\/wp-json\/wp\/v2\/media?parent=31179"}],"wp:term":[{"taxonomy":"category","embeddable":true,"href":"https:\/\/imais.online\/portal\/wp-json\/wp\/v2\/categories?post=31179"},{"taxonomy":"post_tag","embeddable":true,"href":"https:\/\/imais.online\/portal\/wp-json\/wp\/v2\/tags?post=31179"}],"curies":[{"name":"wp","href":"https:\/\/api.w.org\/{rel}","templated":true}]}}