{"id":31220,"date":"2026-03-19T05:35:00","date_gmt":"2026-03-19T08:35:00","guid":{"rendered":"https:\/\/imais.online\/portal\/?p=31220"},"modified":"2026-03-19T05:58:58","modified_gmt":"2026-03-19T08:58:58","slug":"biofilia-e-paisagismo-influenciam-novos-projetos-imobiliarios-e-ampliam-presenca-da-natureza-nos-empreendimentos","status":"publish","type":"post","link":"https:\/\/imais.online\/portal\/biofilia-e-paisagismo-influenciam-novos-projetos-imobiliarios-e-ampliam-presenca-da-natureza-nos-empreendimentos\/","title":{"rendered":"Biofilia e paisagismo influenciam novos projetos imobili\u00e1rios e ampliam presen\u00e7a da natureza nos empreendimentos"},"content":{"rendered":"<div class=\"imais-before-content-placement\" id=\"imais-1146899692\"><script async src=\"\/\/pagead2.googlesyndication.com\/pagead\/js\/adsbygoogle.js?client=ca-pub-8787528412751566\" crossorigin=\"anonymous\"><\/script><ins class=\"adsbygoogle\" style=\"display:block;\" data-ad-client=\"ca-pub-8787528412751566\" \ndata-ad-slot=\"\" \ndata-ad-format=\"auto\"><\/ins>\n<script> \n(adsbygoogle = window.adsbygoogle || []).push({}); \n<\/script>\n<\/div>\n<p class=\"has-text-align-center\">Integra\u00e7\u00e3o entre \u00e1reas verdes, arquitetura e espa\u00e7os de conviv\u00eancia reflete mudan\u00e7as no comportamento dos moradores e ganha espa\u00e7o no planejamento dos projetos residenciais<\/p>\n\n\n\n<p>A presen\u00e7a de \u00e1reas verdes, jardins e espa\u00e7os externos planejados tem se tornado cada vez mais frequente nos empreendimentos residenciais contempor\u00e2neos. Mais do que um recurso est\u00e9tico, o paisagismo passou a integrar o planejamento dos projetos imobili\u00e1rios, contribuindo para a forma como os moradores utilizam e vivenciam os espa\u00e7os dentro do condom\u00ednio.<\/p>\n\n\n\n<p>Esse movimento est\u00e1 ligado a uma tend\u00eancia mais ampla de valoriza\u00e7\u00e3o do contato com a natureza no cotidiano urbano. No campo da arquitetura, esse conceito \u00e9 conhecido como biofilia, que parte da ideia de que os seres humanos t\u00eam uma predisposi\u00e7\u00e3o natural a buscar conex\u00f5es com elementos naturais, como vegeta\u00e7\u00e3o, luz, \u00e1gua e materiais org\u00e2nicos.<\/p>\n\n\n\n<p>Segundo a pesquisa \u201cPesquisa do Mercado Imobili\u00e1rio\u201d, realizada pelo Secovi-SP, a biofilia aparece entre as megatend\u00eancias de consumo no setor imobili\u00e1rio, associada \u00e0 valoriza\u00e7\u00e3o dos im\u00f3veis e \u00e0 busca por bem-estar nos empreendimentos.<\/p>\n\n\n\n<p>Com essa mudan\u00e7a de comportamento dos moradores, as construtoras t\u00eam incorporado o paisagismo e as \u00e1reas verdes desde as etapas iniciais de desenvolvimento dos projetos. A Perplan Incorpora\u00e7\u00e3o \u00e9 uma das empresas que t\u00eam apostado nesta abordagem em seus empreendimentos.<\/p>\n\n\n\n<p>\u201cO paisagismo deixou de ser tratado apenas como um elemento complementar e passou a integrar o desenvolvimento dos projetos desde o in\u00edcio\u201d, afirma Rafael Batista, diretor de incorpora\u00e7\u00e3o da empresa. \u201cQuando ele \u00e9 pensado junto com a arquitetura e com os espa\u00e7os de conviv\u00eancia, \u00e9 poss\u00edvel criar ambientes externos que ampliam as formas de uso do empreendimento no dia a dia.\u201d<\/p>\n\n\n\n<p><strong>Arquitetura, natureza e experi\u00eancia de uso<\/strong><\/p>\n\n\n\n<p>Para a arquiteta Giovana Nogueira, do escrit\u00f3rio Tellini Vontobel, parceiro da Perplan Incorpora\u00e7\u00e3o em quatro projetos, o paisagismo vem assumindo um papel cada vez mais relevante dentro dos empreendimentos residenciais. \u201cEle participa da organiza\u00e7\u00e3o dos espa\u00e7os, da defini\u00e7\u00e3o de fluxos e da cria\u00e7\u00e3o de ambientes que qualificam a experi\u00eancia do morar. Muitas vezes o paisagismo constr\u00f3i a transi\u00e7\u00e3o entre arquitetura, natureza e vida cotidiana, criando lugares de perman\u00eancia, encontro e contempla\u00e7\u00e3o\u201d, explica.<\/p>\n\n\n\n<p>Entre as tend\u00eancias observadas no paisagismo aplicado ao mercado imobili\u00e1rio, Giovana destaca a escolha de esp\u00e9cies adequadas ao clima local, o uso de materiais naturais e a integra\u00e7\u00e3o cada vez maior entre paisagismo, arquitetura, mobili\u00e1rio e ilumina\u00e7\u00e3o desde as fases iniciais dos projetos.<\/p>\n\n\n\n<p>Para Rafael Batista, a presen\u00e7a de \u00e1reas verdes tamb\u00e9m responde a uma mudan\u00e7a nas expectativas de quem busca um im\u00f3vel. \u201cNos \u00faltimos anos houve uma valoriza\u00e7\u00e3o maior desses espa\u00e7os abertos dentro dos empreendimentos. Jardins, pra\u00e7as internas e \u00e1reas de conviv\u00eancia ao ar livre passaram a ser vistos como parte importante da experi\u00eancia de morar\u201d, comenta.<\/p>\n","protected":false},"excerpt":{"rendered":"<p>Integra\u00e7\u00e3o entre \u00e1reas verdes, arquitetura e espa\u00e7os de conviv\u00eancia reflete mudan\u00e7as no comportamento dos moradores e ganha espa\u00e7o no planejamento dos projetos residenciais A presen\u00e7a de \u00e1reas verdes, jardins e espa\u00e7os externos planejados tem se tornado cada vez mais frequente nos empreendimentos residenciais contempor\u00e2neos. Mais do que um recurso est\u00e9tico, o paisagismo passou a integrar [&hellip;]<\/p>\n","protected":false},"author":7,"featured_media":31221,"comment_status":"closed","ping_status":"open","sticky":false,"template":"","format":"standard","meta":{"rop_custom_images_group":[],"rop_custom_messages_group":[],"rop_publish_now":"yes","rop_publish_now_accounts":[],"rop_publish_now_history":[],"rop_publish_now_status":"pending","footnotes":""},"categories":[209],"tags":[],"class_list":["post-31220","post","type-post","status-publish","format-standard","has-post-thumbnail","hentry","category-estilo"],"amp_enabled":true,"_links":{"self":[{"href":"https:\/\/imais.online\/portal\/wp-json\/wp\/v2\/posts\/31220","targetHints":{"allow":["GET"]}}],"collection":[{"href":"https:\/\/imais.online\/portal\/wp-json\/wp\/v2\/posts"}],"about":[{"href":"https:\/\/imais.online\/portal\/wp-json\/wp\/v2\/types\/post"}],"author":[{"embeddable":true,"href":"https:\/\/imais.online\/portal\/wp-json\/wp\/v2\/users\/7"}],"replies":[{"embeddable":true,"href":"https:\/\/imais.online\/portal\/wp-json\/wp\/v2\/comments?post=31220"}],"version-history":[{"count":1,"href":"https:\/\/imais.online\/portal\/wp-json\/wp\/v2\/posts\/31220\/revisions"}],"predecessor-version":[{"id":31222,"href":"https:\/\/imais.online\/portal\/wp-json\/wp\/v2\/posts\/31220\/revisions\/31222"}],"wp:featuredmedia":[{"embeddable":true,"href":"https:\/\/imais.online\/portal\/wp-json\/wp\/v2\/media\/31221"}],"wp:attachment":[{"href":"https:\/\/imais.online\/portal\/wp-json\/wp\/v2\/media?parent=31220"}],"wp:term":[{"taxonomy":"category","embeddable":true,"href":"https:\/\/imais.online\/portal\/wp-json\/wp\/v2\/categories?post=31220"},{"taxonomy":"post_tag","embeddable":true,"href":"https:\/\/imais.online\/portal\/wp-json\/wp\/v2\/tags?post=31220"}],"curies":[{"name":"wp","href":"https:\/\/api.w.org\/{rel}","templated":true}]}}