{"id":31526,"date":"2026-04-07T13:00:00","date_gmt":"2026-04-07T16:00:00","guid":{"rendered":"https:\/\/imais.online\/portal\/?p=31526"},"modified":"2026-04-06T22:20:31","modified_gmt":"2026-04-07T01:20:31","slug":"sp-lidera-empregos-no-brasil-e-cria-mais-de-3-mil-vagas-por-dia-em-fevereiro","status":"publish","type":"post","link":"https:\/\/imais.online\/portal\/sp-lidera-empregos-no-brasil-e-cria-mais-de-3-mil-vagas-por-dia-em-fevereiro\/","title":{"rendered":"SP lidera empregos no Brasil e cria mais de 3 mil vagas por dia em fevereiro"},"content":{"rendered":"<div class=\"imais-before-content-placement\" id=\"imais-554947615\"><script async src=\"\/\/pagead2.googlesyndication.com\/pagead\/js\/adsbygoogle.js?client=ca-pub-8787528412751566\" crossorigin=\"anonymous\"><\/script><ins class=\"adsbygoogle\" style=\"display:block;\" data-ad-client=\"ca-pub-8787528412751566\" \ndata-ad-slot=\"\" \ndata-ad-format=\"auto\"><\/ins>\n<script> \n(adsbygoogle = window.adsbygoogle || []).push({}); \n<\/script>\n<\/div>\n<p class=\"has-text-align-center\">Estado tamb\u00e9m registrou o maior sal\u00e1rio m\u00e9dio de admiss\u00e3o do pa\u00eds, de R$ 2.593, mais de 10% acima da m\u00e9dia nacional<\/p>\n\n\n\n<p class=\"has-text-align-left\">O estado de S\u00e3o Paulo criou quase 96 mil oportunidades de emprego com carteira assinada em fevereiro, o equivalente a 3,4 mil vagas por dia. Os dados s\u00e3o da Funda\u00e7\u00e3o Seade, com base nas informa\u00e7\u00f5es do Caged, do Minist\u00e9rio do Trabalho e Emprego (MTE).<\/p>\n\n\n\n<p>\u201cA expans\u00e3o do emprego em S\u00e3o Paulo reflete as medidas que o Governo do Estado adota para facilitar a vida de quem quer empreender e investir nos nossos 645 munic\u00edpios. H\u00e1 mais de tr\u00eas anos, nossa prioridade \u00e9 fazer S\u00e3o Paulo avan\u00e7ar cada vez mais na dire\u00e7\u00e3o certa com liberdade econ\u00f4mica, pol\u00edticas p\u00fablicas pr\u00f3-mercado e ambiente de neg\u00f3cios simples e com menos burocracia\u201d, afirmou Tarc\u00edsio.<\/p>\n\n\n\n<p>Em janeiro e fevereiro, foram quase 112 mil vagas de emprego formais criadas. No acumulado de 12 meses, S\u00e3o Paulo se aproximou de um total de 244 mil oportunidades de trabalho.<\/p>\n\n\n\n<p>Assim, o estado criou 37,5% do total de vagas com carteira assinada do pa\u00eds em fevereiro, 30,1% do total em dois meses e 23,3% em 12 meses. Os n\u00fameros consolidam S\u00e3o Paulo como o estado que tem maior saldo de vagas do pa\u00eds, al\u00e9m de criar 72% dos empregos na regi\u00e3o Sudeste em fevereiro.<\/p>\n\n\n\n<p>Em todos os per\u00edodos, houve crescimento na cria\u00e7\u00e3o de vagas de emprego no estado: 0,66% em fevereiro, 0,76% no acumulado do ano e 1,68% no acumulado de 12 meses.<\/p>\n\n\n\n<h2 class=\"wp-block-heading\">S\u00e3o Paulo \u2013 vagas criadas<\/h2>\n\n\n\n<p>Fevereiro: 95.896<br>Bimestre: 111.611<br>\u00daltimos 12 meses: 243.643<\/p>\n\n\n\n<h2 class=\"wp-block-heading\">Brasil \u2013 vagas criadas<\/h2>\n\n\n\n<p>Fevereiro: 255.321<br>Bimestre: 370.339<br>\u00daltimos 12 meses: 1.047.024<\/p>\n\n\n\n<h2 class=\"wp-block-heading\">Sudeste \u2013 vagas criadas<\/h2>\n\n\n\n<p>Fevereiro: 133.052<br>Bimestre: 144.846<br>\u00daltimos 12 meses: 383.690<\/p>\n\n\n\n<h2 class=\"wp-block-heading\">Sal\u00e1rio m\u00e9dio<\/h2>\n\n\n\n<p>Em fevereiro, o estado de S\u00e3o Paulo teve o maior sal\u00e1rio m\u00e9dio de admiss\u00e3o do pa\u00eds, de R$ 2.593,00, seguido por Distrito Federal (R$ 2.541,41), Rio de Janeiro (R$ 2.468,23) e Santa Catarina (R$ 2.397,48).<\/p>\n\n\n\n<p>O sal\u00e1rio de admiss\u00e3o de S\u00e3o Paulo \u00e9 10,5% maior que do Brasil (R$ 2.346,97). O Sudeste foi a regi\u00e3o com maior valor no pa\u00eds (R$ 2.487,13).<\/p>\n\n\n\n<h2 class=\"wp-block-heading\">Setores com mais contrata\u00e7\u00f5es<\/h2>\n\n\n\n<p>O setor de servi\u00e7os foi o que mais criou vagas em fevereiro \u2013 total de 73.924. Dentro do setor se destacam informa\u00e7\u00e3o, comunica\u00e7\u00e3o e atividades financeiras, imobili\u00e1rias, profissionais e administrativas (20.321), alojamento e alimenta\u00e7\u00e3o (10.638) e transporte, armazenagem e correio (8.472).<\/p>\n\n\n\n<p class=\"has-text-align-left\">Ind\u00fastria geral vem em seguida, com 9.733 vagas, com destaque para ind\u00fastria da transforma\u00e7\u00e3o (9.342). Constru\u00e7\u00e3o (9.476) e com\u00e9rcio, repara\u00e7\u00e3o de ve\u00edculos automotores e motocicletas (7.119) completam os setores que criaram vagas.<br><br><\/p>\n","protected":false},"excerpt":{"rendered":"<p>Estado tamb\u00e9m registrou o maior sal\u00e1rio m\u00e9dio de admiss\u00e3o do pa\u00eds, de R$ 2.593, mais de 10% acima da m\u00e9dia nacional O estado de S\u00e3o Paulo criou quase 96 mil oportunidades de emprego com carteira assinada em fevereiro, o equivalente a 3,4 mil vagas por dia. Os dados s\u00e3o da Funda\u00e7\u00e3o Seade, com base nas [&hellip;]<\/p>\n","protected":false},"author":7,"featured_media":31527,"comment_status":"closed","ping_status":"open","sticky":false,"template":"","format":"standard","meta":{"rop_custom_images_group":[],"rop_custom_messages_group":[],"rop_publish_now":"yes","rop_publish_now_accounts":[],"rop_publish_now_history":[],"rop_publish_now_status":"pending","footnotes":""},"categories":[195],"tags":[],"class_list":["post-31526","post","type-post","status-publish","format-standard","has-post-thumbnail","hentry","category-sao-paulo"],"amp_enabled":true,"_links":{"self":[{"href":"https:\/\/imais.online\/portal\/wp-json\/wp\/v2\/posts\/31526","targetHints":{"allow":["GET"]}}],"collection":[{"href":"https:\/\/imais.online\/portal\/wp-json\/wp\/v2\/posts"}],"about":[{"href":"https:\/\/imais.online\/portal\/wp-json\/wp\/v2\/types\/post"}],"author":[{"embeddable":true,"href":"https:\/\/imais.online\/portal\/wp-json\/wp\/v2\/users\/7"}],"replies":[{"embeddable":true,"href":"https:\/\/imais.online\/portal\/wp-json\/wp\/v2\/comments?post=31526"}],"version-history":[{"count":1,"href":"https:\/\/imais.online\/portal\/wp-json\/wp\/v2\/posts\/31526\/revisions"}],"predecessor-version":[{"id":31528,"href":"https:\/\/imais.online\/portal\/wp-json\/wp\/v2\/posts\/31526\/revisions\/31528"}],"wp:featuredmedia":[{"embeddable":true,"href":"https:\/\/imais.online\/portal\/wp-json\/wp\/v2\/media\/31527"}],"wp:attachment":[{"href":"https:\/\/imais.online\/portal\/wp-json\/wp\/v2\/media?parent=31526"}],"wp:term":[{"taxonomy":"category","embeddable":true,"href":"https:\/\/imais.online\/portal\/wp-json\/wp\/v2\/categories?post=31526"},{"taxonomy":"post_tag","embeddable":true,"href":"https:\/\/imais.online\/portal\/wp-json\/wp\/v2\/tags?post=31526"}],"curies":[{"name":"wp","href":"https:\/\/api.w.org\/{rel}","templated":true}]}}