{"id":31537,"date":"2026-04-08T10:23:00","date_gmt":"2026-04-08T13:23:00","guid":{"rendered":"https:\/\/imais.online\/portal\/?p=31537"},"modified":"2026-04-07T13:28:20","modified_gmt":"2026-04-07T16:28:20","slug":"parque-dom-pedro-completa-24-anos-com-faturamento-recorde-de-r-23-bilhoes","status":"publish","type":"post","link":"https:\/\/imais.online\/portal\/parque-dom-pedro-completa-24-anos-com-faturamento-recorde-de-r-23-bilhoes\/","title":{"rendered":"Parque Dom Pedro completa 24 anos com faturamento recorde de R$ 2,3 bilh\u00f5es"},"content":{"rendered":"<div class=\"imais-before-content-placement\" id=\"imais-1754098122\"><script async src=\"\/\/pagead2.googlesyndication.com\/pagead\/js\/adsbygoogle.js?client=ca-pub-8787528412751566\" crossorigin=\"anonymous\"><\/script><ins class=\"adsbygoogle\" style=\"display:block;\" data-ad-client=\"ca-pub-8787528412751566\" \ndata-ad-slot=\"\" \ndata-ad-format=\"auto\"><\/ins>\n<script> \n(adsbygoogle = window.adsbygoogle || []).push({}); \n<\/script>\n<\/div>\n<p class=\"has-text-align-center\"><em>Em rela\u00e7\u00e3o a 2024, o empreendimento registrou crescimento de R$ 100 milh\u00f5es no faturamento, alcan\u00e7ando a primeira posi\u00e7\u00e3o no ranking da ALLOS<\/em><\/p>\n\n\n\n<p>O Parque Dom Pedro completa 24 anos em 2026 consolidando sua posi\u00e7\u00e3o como um dos principais polos de consumo e conviv\u00eancia do interior paulista. O anivers\u00e1rio vem acompanhado de um resultado expressivo: em 2025, o empreendimento registrou faturamento recorde de R$ 2,3 bilh\u00f5es, mais de R$ 100 milh\u00f5es em rela\u00e7\u00e3o ao ano. No mesmo per\u00edodo, os shopping centers brasileiros ultrapassaram, pela primeira vez, a marca de R$ 200 bilh\u00f5es em faturamento, somando R$ 200,9 bilh\u00f5es em 2025, segundo a Associa\u00e7\u00e3o Brasileira de Shopping Centers (Abrasce).<\/p>\n\n\n\n<p>Inaugurado em 2002, o Parque Dom Pedro nasceu como um dos maiores complexos de varejo da Am\u00e9rica Latina, combinando compras, servi\u00e7os e lazer em um mesmo espa\u00e7o, modelo que, duas d\u00e9cadas depois, segue se adaptando \u00e0s mudan\u00e7as no comportamento do consumidor.<\/p>\n\n\n\n<p>\u201cCelebrar os 24 anos do Parque Dom Pedro refor\u00e7a o compromisso cont\u00ednuo com a evolu\u00e7\u00e3o e a inova\u00e7\u00e3o, acompanhando o crescimento de Campinas e da regi\u00e3o. O shopping segue investindo em melhorias, na qualifica\u00e7\u00e3o do mix e em novos projetos de revitaliza\u00e7\u00e3o, al\u00e9m de ampliar seu portf\u00f3lio com novas opera\u00e7\u00f5es, para oferecer experi\u00eancias cada vez mais completas\u201d, explica Rafael Marques, superintendente do Parque Dom Pedro. \u201cA proposta \u00e9 consolidar o empreendimento como um espa\u00e7o de conviv\u00eancia, conforto e descoberta, mantendo o olhar voltado ao bem-estar dos clientes e \u00e0 entrega de um padr\u00e3o de qualidade cada vez mais elevado\u201d, completa.<\/p>\n\n\n\n<p>Atualmente, s\u00e3o cerca de 126 mil m\u00b2 de \u00c1rea Bruta Loc\u00e1vel (ABL) e aproximadamente 380 opera\u00e7\u00f5es. O fluxo m\u00e9dio chega a 1,6 milh\u00e3o de visitantes por m\u00eas, refor\u00e7ando o papel do empreendimento como polo regional de atra\u00e7\u00e3o. A estrutura re\u00fane grandes redes, megalojas, servi\u00e7os e gastronomia, com mais de 20 restaurantes e cerca de 40 opera\u00e7\u00f5es na pra\u00e7a de alimenta\u00e7\u00e3o. A Alameda, voltada \u00e0 experi\u00eancia culin\u00e1ria, traduz a tend\u00eancia de espa\u00e7os que priorizam perman\u00eancia e conviv\u00eancia, integrando arquitetura e paisagismo.<\/p>\n\n\n\n<p>Al\u00e9m do varejo, o complexo conta com 15 salas de cinema, centro de conven\u00e7\u00f5es e cerca de 8 mil vagas de estacionamento, al\u00e9m de servi\u00e7os como ambulat\u00f3rio, caixas eletr\u00f4nicos e correios. Facilidades como Wi-Fi gratuito, biciclet\u00e1rio e recursos de acessibilidade integram a opera\u00e7\u00e3o.<\/p>\n\n\n\n<p>O empreendimento tamb\u00e9m amplia iniciativas ligadas \u00e0 agenda ambiental. Entre elas est\u00e1 o Karg, eletroposto com 20 pontos de recarga para ve\u00edculos el\u00e9tricos, que registrou quase 15 mil utiliza\u00e7\u00f5es entre outubro do ano passado e fevereiro deste ano. A\u00e7\u00f5es de efici\u00eancia energ\u00e9tica, gest\u00e3o h\u00eddrica e programas de conscientiza\u00e7\u00e3o fazem parte dessa frente. Ao mesmo tempo, o shopping mant\u00e9m a estrat\u00e9gia de renova\u00e7\u00e3o do mix, com a chegada de opera\u00e7\u00f5es in\u00e9ditas na regi\u00e3o, como H&amp;M e Nike.<br>&nbsp;<\/p>\n\n\n\n<p><strong>Experi\u00eancias<\/strong><br>&nbsp;<\/p>\n\n\n\n<p>Outro eixo relevante \u00e9 a programa\u00e7\u00e3o de experi\u00eancias, que tem se consolidado como vetor de fluxo. Entre as atra\u00e7\u00f5es recentes est\u00e1 a exposi\u00e7\u00e3o itinerante sobre o Antigo Egito e Terra Santa, com mais de 190 pe\u00e7as entre originais e r\u00e9plicas, al\u00e9m de recursos imersivos. Em curta temporada, o espa\u00e7o tamb\u00e9m recebe o Cirque Amar, companhia francesa com mais de seis gera\u00e7\u00f5es de hist\u00f3ria.<\/p>\n\n\n\n<p>A agenda inclui, ainda, atra\u00e7\u00f5es tem\u00e1ticas voltadas ao p\u00fablico infantil e familiar, com ambientes interativos inspirados em personagens da cultura pop, que combinam atividades digitais, cenografia e espa\u00e7os para registro da visita.<\/p>\n\n\n\n<p>\u201cHoje, o Parque Dom Pedro se posiciona cada vez mais como um espa\u00e7o de conviv\u00eancia e experi\u00eancias, al\u00e9m das compras. Nosso objetivo \u00e9 estar presente no dia a dia das fam\u00edlias, criando momentos que realmente fa\u00e7am parte da mem\u00f3ria das pessoas\u201d, afirma Tatiane de Conto, gerente de marketing do empreendimento.<br>&nbsp;<\/p>\n\n\n\n<p><strong><em>Servi\u00e7o<\/em><\/strong><\/p>\n\n\n\n<p><strong>Cirque Amar \u2013 Temporada em Campinas<\/strong><br>Local: Estacionamento do Parque Dom Pedro<br>Estreia: 27 de mar\u00e7o, \u00e0s 20h30<\/p>\n\n\n\n<p><strong>Hor\u00e1rios das sess\u00f5es:<\/strong><br>Segunda a quinta-feira: 20h<br>Sexta-feira: 18h e 20h30<br>S\u00e1bados, domingos e feriados: 16h, 18h e 20h30<\/p>\n\n\n\n<p><strong>Valores:<\/strong><br>R$ 50 a R$ 200<br>Bilheteria: das 10h \u00e0s 21h (em dias de espet\u00e1culo)<br>Ingressos online: <a href=\"https:\/\/www.cirqueamar.com.br\/\">Link<\/a><\/p>\n\n\n\n<p><strong>Meia-entrada:<\/strong><br>Crian\u00e7as de 2 a 11 anos, idosos (60+), estudantes, professores, PCDs, militares e doadores de sangue, mediante comprova\u00e7\u00e3o.<\/p>\n\n\n\n<p><strong>Museu Mist\u00e9rios do Antigo Egito:<\/strong><\/p>\n\n\n\n<p><strong>Local:<\/strong> Estacionamento do Parque Dom Pedro<\/p>\n\n\n\n<p><strong>Hor\u00e1rios:<\/strong> Segunda \u00e0 s\u00e1bado das 10h \u00e0s 22h | Domingo e feriados das 12h \u00e0s 20h<\/p>\n\n\n\n<p><strong>Ingressos:<\/strong> A partir de R$ 40 (meia) | Pr\u00e9-venda: museuegitoeroma.com<\/p>\n\n\n\n<p><strong>Agendamento de escolas:<\/strong> <a href=\"mailto:agenda.egito@museuegitoeroma.com\">agenda.egito@museuegitoeroma.com<\/a><\/p>\n","protected":false},"excerpt":{"rendered":"<p>Em rela\u00e7\u00e3o a 2024, o empreendimento registrou crescimento de R$ 100 milh\u00f5es no faturamento, alcan\u00e7ando a primeira posi\u00e7\u00e3o no ranking da ALLOS O Parque Dom Pedro completa 24 anos em 2026 consolidando sua posi\u00e7\u00e3o como um dos principais polos de consumo e conviv\u00eancia do interior paulista. O anivers\u00e1rio vem acompanhado de um resultado expressivo: em [&hellip;]<\/p>\n","protected":false},"author":7,"featured_media":31538,"comment_status":"closed","ping_status":"open","sticky":false,"template":"","format":"standard","meta":{"rop_custom_images_group":[],"rop_custom_messages_group":[],"rop_publish_now":"yes","rop_publish_now_accounts":[],"rop_publish_now_history":[],"rop_publish_now_status":"pending","footnotes":""},"categories":[272,194],"tags":[],"class_list":["post-31537","post","type-post","status-publish","format-standard","has-post-thumbnail","hentry","category-campinas","category-regia"],"amp_enabled":true,"_links":{"self":[{"href":"https:\/\/imais.online\/portal\/wp-json\/wp\/v2\/posts\/31537","targetHints":{"allow":["GET"]}}],"collection":[{"href":"https:\/\/imais.online\/portal\/wp-json\/wp\/v2\/posts"}],"about":[{"href":"https:\/\/imais.online\/portal\/wp-json\/wp\/v2\/types\/post"}],"author":[{"embeddable":true,"href":"https:\/\/imais.online\/portal\/wp-json\/wp\/v2\/users\/7"}],"replies":[{"embeddable":true,"href":"https:\/\/imais.online\/portal\/wp-json\/wp\/v2\/comments?post=31537"}],"version-history":[{"count":1,"href":"https:\/\/imais.online\/portal\/wp-json\/wp\/v2\/posts\/31537\/revisions"}],"predecessor-version":[{"id":31539,"href":"https:\/\/imais.online\/portal\/wp-json\/wp\/v2\/posts\/31537\/revisions\/31539"}],"wp:featuredmedia":[{"embeddable":true,"href":"https:\/\/imais.online\/portal\/wp-json\/wp\/v2\/media\/31538"}],"wp:attachment":[{"href":"https:\/\/imais.online\/portal\/wp-json\/wp\/v2\/media?parent=31537"}],"wp:term":[{"taxonomy":"category","embeddable":true,"href":"https:\/\/imais.online\/portal\/wp-json\/wp\/v2\/categories?post=31537"},{"taxonomy":"post_tag","embeddable":true,"href":"https:\/\/imais.online\/portal\/wp-json\/wp\/v2\/tags?post=31537"}],"curies":[{"name":"wp","href":"https:\/\/api.w.org\/{rel}","templated":true}]}}