{"id":31546,"date":"2026-04-08T07:19:00","date_gmt":"2026-04-08T10:19:00","guid":{"rendered":"https:\/\/imais.online\/portal\/?p=31546"},"modified":"2026-04-07T22:29:19","modified_gmt":"2026-04-08T01:29:19","slug":"homem-e-preso-por-trafico-de-drogas-no-jardim-morada-do-sol-2","status":"publish","type":"post","link":"https:\/\/imais.online\/portal\/homem-e-preso-por-trafico-de-drogas-no-jardim-morada-do-sol-2\/","title":{"rendered":"Homem \u00e9 preso por tr\u00e1fico de drogas no Jardim Morada do Sol"},"content":{"rendered":"<div class=\"imais-before-content-placement\" id=\"imais-4206400557\"><script async src=\"\/\/pagead2.googlesyndication.com\/pagead\/js\/adsbygoogle.js?client=ca-pub-8787528412751566\" crossorigin=\"anonymous\"><\/script><ins class=\"adsbygoogle\" style=\"display:block;\" data-ad-client=\"ca-pub-8787528412751566\" \ndata-ad-slot=\"\" \ndata-ad-format=\"auto\"><\/ins>\n<script> \n(adsbygoogle = window.adsbygoogle || []).push({}); \n<\/script>\n<\/div>\n<p>Um homem de 38 anos foi preso pela equipe do Canil da Guarda Civil na madrugada de segunda-feira (06) por tr\u00e1fico de drogas. A ocorr\u00eancia foi registrada no bairro Jardim Morada do Sol.<\/p>\n\n\n\n<p>A equipe realizava patrulhamento preventivo quando, na Rua Frederico Fortunato Brollo, os agentes viram dois indiv\u00edduos j\u00e1 conhecidos nos meios policiais em um ponto conhecido pela pr\u00e1tica de tr\u00e1fico de entorpecentes.<\/p>\n\n\n\n<p>Diante da suspeita, a dupla foi abordada. Ao notar a presen\u00e7a da viatura, um dos indiv\u00edduos tentou fugir, mas foi rapidamente detido.<\/p>\n\n\n\n<p>Durante a abordagem ao suspeito que tentou correr, os guardas localizaram 19 por\u00e7\u00f5es de maconha, 12 microtubos contendo coca\u00edna, 46 pedras de crack e R$ 45 em dinheiro.<\/p>\n\n\n\n<p>Diante dos fatos, os dois indiv\u00edduos foram conduzidos \u00e0 delegacia de pol\u00edcia, onde a ocorr\u00eancia foi apresentada \u00e0 delegada de plant\u00e3o. Ap\u00f3s an\u00e1lise, foi decretada a pris\u00e3o em flagrante do homem que estava com as drogas.<\/p>\n\n\n\n<p>Ele permaneceu preso e \u00e0 disposi\u00e7\u00e3o da Justi\u00e7a, e os entorpecentes foram apreendidos.<\/p>\n","protected":false},"excerpt":{"rendered":"<p>Um homem de 38 anos foi preso pela equipe do Canil da Guarda Civil na madrugada de segunda-feira (06) por tr\u00e1fico de drogas. A ocorr\u00eancia foi registrada no bairro Jardim Morada do Sol. A equipe realizava patrulhamento preventivo quando, na Rua Frederico Fortunato Brollo, os agentes viram dois indiv\u00edduos j\u00e1 conhecidos nos meios policiais em [&hellip;]<\/p>\n","protected":false},"author":7,"featured_media":31547,"comment_status":"closed","ping_status":"open","sticky":false,"template":"","format":"standard","meta":{"rop_custom_images_group":[],"rop_custom_messages_group":[],"rop_publish_now":"yes","rop_publish_now_accounts":[],"rop_publish_now_history":[],"rop_publish_now_status":"pending","footnotes":""},"categories":[188],"tags":[73],"class_list":["post-31546","post","type-post","status-publish","format-standard","has-post-thumbnail","hentry","category-indaiatuba","tag-featured"],"amp_enabled":true,"_links":{"self":[{"href":"https:\/\/imais.online\/portal\/wp-json\/wp\/v2\/posts\/31546","targetHints":{"allow":["GET"]}}],"collection":[{"href":"https:\/\/imais.online\/portal\/wp-json\/wp\/v2\/posts"}],"about":[{"href":"https:\/\/imais.online\/portal\/wp-json\/wp\/v2\/types\/post"}],"author":[{"embeddable":true,"href":"https:\/\/imais.online\/portal\/wp-json\/wp\/v2\/users\/7"}],"replies":[{"embeddable":true,"href":"https:\/\/imais.online\/portal\/wp-json\/wp\/v2\/comments?post=31546"}],"version-history":[{"count":1,"href":"https:\/\/imais.online\/portal\/wp-json\/wp\/v2\/posts\/31546\/revisions"}],"predecessor-version":[{"id":31548,"href":"https:\/\/imais.online\/portal\/wp-json\/wp\/v2\/posts\/31546\/revisions\/31548"}],"wp:featuredmedia":[{"embeddable":true,"href":"https:\/\/imais.online\/portal\/wp-json\/wp\/v2\/media\/31547"}],"wp:attachment":[{"href":"https:\/\/imais.online\/portal\/wp-json\/wp\/v2\/media?parent=31546"}],"wp:term":[{"taxonomy":"category","embeddable":true,"href":"https:\/\/imais.online\/portal\/wp-json\/wp\/v2\/categories?post=31546"},{"taxonomy":"post_tag","embeddable":true,"href":"https:\/\/imais.online\/portal\/wp-json\/wp\/v2\/tags?post=31546"}],"curies":[{"name":"wp","href":"https:\/\/api.w.org\/{rel}","templated":true}]}}