{"id":31751,"date":"2026-04-26T14:47:48","date_gmt":"2026-04-26T17:47:48","guid":{"rendered":"https:\/\/imais.online\/portal\/?p=31751"},"modified":"2026-04-26T14:47:48","modified_gmt":"2026-04-26T17:47:48","slug":"atendimentos-por-crise-de-hipertensao-em-hospitais-da-regiao-de-campinas-sobem-134-em-um-ano","status":"publish","type":"post","link":"https:\/\/imais.online\/portal\/atendimentos-por-crise-de-hipertensao-em-hospitais-da-regiao-de-campinas-sobem-134-em-um-ano\/","title":{"rendered":"Atendimentos por crise de hipertens\u00e3o em hospitais da regi\u00e3o de Campinas sobem 134% em um ano"},"content":{"rendered":"<div class=\"imais-before-content-placement\" id=\"imais-1213037976\"><script async src=\"\/\/pagead2.googlesyndication.com\/pagead\/js\/adsbygoogle.js?client=ca-pub-8787528412751566\" crossorigin=\"anonymous\"><\/script><ins class=\"adsbygoogle\" style=\"display:block;\" data-ad-client=\"ca-pub-8787528412751566\" \ndata-ad-slot=\"\" \ndata-ad-format=\"auto\"><\/ins>\n<script> \n(adsbygoogle = window.adsbygoogle || []).push({}); \n<\/script>\n<\/div>\n<h2 class=\"wp-block-heading\">Dados da Secretaria de Sa\u00fade do Estado mostram salto de 2,1 mil para mais de 5,1 mil atendimentos de urg\u00eancia no 1\u00ba trimestre. Alerta ocorre na semana do Dia Nacional de Combate \u00e0 Hipertens\u00e3o.<\/h2>\n\n\n\n<p><\/p>\n\n\n\n<p>O n\u00famero de atendimentos de urg\u00eancia por crises de hipertens\u00e3o em hospitais p\u00fablicos da regi\u00e3o de&nbsp;<a class=\"\" href=\"https:\/\/g1.globo.com\/sp\/campinas-regiao\/cidade\/campinas\/\">Campinas<\/a>&nbsp;(SP) cresceu 134% em um ano. Dados obtidos via Lei de Acesso \u00e0 Informa\u00e7\u00e3o mostram que&nbsp;os procedimentos saltaram de 2.199 no primeiro trimestre de 2024 para 5.155 no mesmo per\u00edodo de 2025.<\/p>\n\n\n\n<p>Os dados acendem um alerta na semana do&nbsp;<strong>Dia Nacional de Preven\u00e7\u00e3o e Combate \u00e0 Hipertens\u00e3o<\/strong>, celebrado neste domingo (26).<\/p>\n\n\n\n<p>A hipertens\u00e3o ocorre quando o sangue circula com for\u00e7a acima do normal por muito tempo, o que pode sobrecarregar o sistema circulat\u00f3rio e provocar infarto, acidente vascular cerebral (AVC) e fal\u00eancia dos rins.<\/p>\n\n\n\n<p>Segundo o cardiologista Roberto Abdalla Filho, a doen\u00e7a \u00e9 um dos principais fatores de risco para essas complica\u00e7\u00f5es. &#8220;S\u00e3o cerca de 400 mil mortes por ano [no Brasil], o que mostra a gravidade dessa condi\u00e7\u00e3o e a import\u00e2ncia do controle da press\u00e3o&#8221;, afirma.<\/p>\n\n\n\n<h2 class=\"wp-block-heading\">Doen\u00e7a silenciosa<\/h2>\n\n\n\n<p>Um dos maiores perigos da hipertens\u00e3o \u00e9 que, na maioria das vezes, ela n\u00e3o apresenta sintomas.<\/p>\n\n\n\n<p>&#8220;A pessoa n\u00e3o sente nada e acaba n\u00e3o fazendo o controle. Muitas vezes, o primeiro sinal \u00e9 uma crise, com dor de cabe\u00e7a, falta de ar ou dor no peito, que leva o paciente direto ao pronto-socorro&#8221;, explica o cardiologista.<\/p>\n\n\n\n<p>Foi o que aconteceu com a professora Liliane Bueno, que mesmo tomando medica\u00e7\u00e3o, teve uma crise em sala de aula.<\/p>\n\n\n\n<p>&#8220;Escureceu a minha vista, comecei a passar mal. Me levaram pra Santa Casa e eu dei entrada com hipertens\u00e3o e ansiedade&#8221;, relata.<\/p>\n\n\n\n<h2 class=\"wp-block-heading\">Como controlar<\/h2>\n\n\n\n<p>Diagnosticado h\u00e1 20 anos, o aposentado Renato Arruda aprendeu que a disciplina \u00e9 a principal arma contra a doen\u00e7a. A rotina inclui o uso di\u00e1rio de dois rem\u00e9dios e uma alimenta\u00e7\u00e3o com o m\u00ednimo de sal poss\u00edvel.<\/p>\n\n\n\n<p>&#8220;Depois que o m\u00e9dico disse que eu era hipertenso e precisava tomar o rem\u00e9dio todo dia, eu segui isso \u00e0 risca. Conhe\u00e7o pessoas que s\u00f3 tomam quando a press\u00e3o est\u00e1 alta, mas isso \u00e9 descuido&#8221;, diz.<\/p>\n\n\n\n<p>Para evitar as crises e as complica\u00e7\u00f5es da doen\u00e7a, os m\u00e9dicos recomendam um conjunto de h\u00e1bitos saud\u00e1veis:<\/p>\n\n\n\n<ul class=\"wp-block-list\">\n<li><strong>Alimenta\u00e7\u00e3o:\u00a0<\/strong>reduzir o consumo de s\u00f3dio e adotar uma dieta rica em frutas e verduras.<\/li>\n\n\n\n<li><strong>Atividade f\u00edsica:\u00a0<\/strong>praticar exerc\u00edcios regularmente.<\/li>\n\n\n\n<li><strong>H\u00e1bitos:\u00a0<\/strong>controlar o peso, parar de fumar e reduzir o consumo de bebidas alco\u00f3licas.<\/li>\n<\/ul>\n\n\n\n<p>Tanto o m\u00e9dico quanto os pacientes refor\u00e7am a import\u00e2ncia do acompanhamento regular. &#8220;\u00c9 fundamental que as pessoas fa\u00e7am o check-up, mesmo sem sintomas&#8221;, finaliza Abdalla Filho.<\/p>\n\n\n\n<p>Fonte G1 <\/p>\n","protected":false},"excerpt":{"rendered":"<p>Dados da Secretaria de Sa\u00fade do Estado mostram salto de 2,1 mil para mais de 5,1 mil atendimentos de urg\u00eancia no 1\u00ba trimestre. Alerta ocorre na semana do Dia Nacional de Combate \u00e0 Hipertens\u00e3o. O n\u00famero de atendimentos de urg\u00eancia por crises de hipertens\u00e3o em hospitais p\u00fablicos da regi\u00e3o de&nbsp;Campinas&nbsp;(SP) cresceu 134% em um ano. [&hellip;]<\/p>\n","protected":false},"author":8,"featured_media":31752,"comment_status":"closed","ping_status":"open","sticky":false,"template":"","format":"standard","meta":{"rop_custom_images_group":[],"rop_custom_messages_group":[],"rop_publish_now":"yes","rop_publish_now_accounts":[],"rop_publish_now_history":[],"rop_publish_now_status":"pending","footnotes":""},"categories":[272],"tags":[],"class_list":["post-31751","post","type-post","status-publish","format-standard","has-post-thumbnail","hentry","category-campinas"],"amp_enabled":true,"_links":{"self":[{"href":"https:\/\/imais.online\/portal\/wp-json\/wp\/v2\/posts\/31751","targetHints":{"allow":["GET"]}}],"collection":[{"href":"https:\/\/imais.online\/portal\/wp-json\/wp\/v2\/posts"}],"about":[{"href":"https:\/\/imais.online\/portal\/wp-json\/wp\/v2\/types\/post"}],"author":[{"embeddable":true,"href":"https:\/\/imais.online\/portal\/wp-json\/wp\/v2\/users\/8"}],"replies":[{"embeddable":true,"href":"https:\/\/imais.online\/portal\/wp-json\/wp\/v2\/comments?post=31751"}],"version-history":[{"count":1,"href":"https:\/\/imais.online\/portal\/wp-json\/wp\/v2\/posts\/31751\/revisions"}],"predecessor-version":[{"id":31753,"href":"https:\/\/imais.online\/portal\/wp-json\/wp\/v2\/posts\/31751\/revisions\/31753"}],"wp:featuredmedia":[{"embeddable":true,"href":"https:\/\/imais.online\/portal\/wp-json\/wp\/v2\/media\/31752"}],"wp:attachment":[{"href":"https:\/\/imais.online\/portal\/wp-json\/wp\/v2\/media?parent=31751"}],"wp:term":[{"taxonomy":"category","embeddable":true,"href":"https:\/\/imais.online\/portal\/wp-json\/wp\/v2\/categories?post=31751"},{"taxonomy":"post_tag","embeddable":true,"href":"https:\/\/imais.online\/portal\/wp-json\/wp\/v2\/tags?post=31751"}],"curies":[{"name":"wp","href":"https:\/\/api.w.org\/{rel}","templated":true}]}}