{"id":31754,"date":"2026-04-26T15:08:35","date_gmt":"2026-04-26T18:08:35","guid":{"rendered":"https:\/\/imais.online\/portal\/?p=31754"},"modified":"2026-04-26T15:18:47","modified_gmt":"2026-04-26T18:18:47","slug":"massa-de-ar-polar-e-ciclone-extratropical-marcam-avanco-de-frente-fria-no-sulsegundo-o-climatempo-regioes-do-rio-grande-do-sul-e-santa-catarina-podem-chegar-a-0oc-nos-proximos-dias","status":"publish","type":"post","link":"https:\/\/imais.online\/portal\/massa-de-ar-polar-e-ciclone-extratropical-marcam-avanco-de-frente-fria-no-sulsegundo-o-climatempo-regioes-do-rio-grande-do-sul-e-santa-catarina-podem-chegar-a-0oc-nos-proximos-dias\/","title":{"rendered":"Massa de ar polar e ciclone extratropical marcam avan\u00e7o de frente fria no Sul"},"content":{"rendered":"<div class=\"imais-before-content-placement\" id=\"imais-537195291\"><script async src=\"\/\/pagead2.googlesyndication.com\/pagead\/js\/adsbygoogle.js?client=ca-pub-8787528412751566\" crossorigin=\"anonymous\"><\/script><ins class=\"adsbygoogle\" style=\"display:block;\" data-ad-client=\"ca-pub-8787528412751566\" \ndata-ad-slot=\"\" \ndata-ad-format=\"auto\"><\/ins>\n<script> \n(adsbygoogle = window.adsbygoogle || []).push({}); \n<\/script>\n<\/div>\n<p>Segundo o Climatempo, regi\u00f5es do Rio Grande do Sul e Santa Catarina podem chegar a 0\u00baC nos pr\u00f3ximos dias<\/p>\n\n\n\n<p><\/p>\n\n\n\n<p>O avan\u00e7o de uma massa de ar polar, alinhado \u00e0 passagem de um ciclone extratropical, dever\u00e1 derrubar as temperaturas na regi\u00e3o Sul do Pa\u00eds a partir do pr\u00f3ximo domingo, 25. Em cidades do Rio Grande do Sul e Santa Catarina, os term\u00f4metros podem chegar \u00e0 marca de 0\u00baC, segundo o Climatempo.&nbsp;<\/p>\n\n\n\n<p>Segundo a empresa de meteorologia, a massa de ar frio de origem polar tem a expectativa de ser a mais intensa, at\u00e9 ent\u00e3o, de 2026. O sistema come\u00e7ar\u00e1 a ingressar pelo RS na noite de domingo, mas os efeitos mais expressivos poder\u00e3o ser sentidos entre segunda, 27, e ter\u00e7a-feira, 28.<\/p>\n\n\n\n<p>O Climatempo tamb\u00e9m divulgou as previs\u00f5es de temperatura mais baixas no Sul. Veja os destaques:&nbsp;<\/p>\n\n\n\n<p>Entre 0\u00b0C e 2\u00b0C: Campos de Cima da&nbsp;Serra&nbsp;(RS) e&nbsp;Planalto&nbsp;Sul Catarinense<br>Entre 3\u00b0C e 5\u00b0C:&nbsp;Fronteira&nbsp;com o Uruguai e \u00e1reas de planalto do RS<br>Entre 5\u00b0C e 7\u00b0C: Regi\u00e3o central e vales do RS<br>Entre 8\u00b0C e 10\u00b0C: Regi\u00e3o Metropolitana de&nbsp;Porto Alegre<br>A empresa ressalta, ainda, que a combina\u00e7\u00e3o de ar frio e c\u00e9u aberto durante a madrugada propicia a forma\u00e7\u00e3o de geada isolada. As \u00e1reas de maior potencial para o fen\u00f4meno s\u00e3o a Campanha Ga\u00facha, o Planalto do RS, e as Serras Ga\u00facha e Catarinense.&nbsp;<\/p>\n\n\n\n<p>Mas as quedas das temperaturas n\u00e3o ser\u00e3o limitadas ao Sul do Brasil. O Climatempo alerta que a passagem de um forte ciclone extratropical entre a Argentina e o Uruguai &#8216;empurrar\u00e1&#8217; a frente fria para outras regi\u00f5es brasileiras, como o Sudeste e o Centro-Oeste.&nbsp;<\/p>\n\n\n\n<p>A passagem do fen\u00f4meno dever\u00e1, ainda, gerar \u00e1reas de instabilidade sobre Santa Catarina e Paran\u00e1, com a possibilidade de pancadas de chuva ao longo do domingo, com risco de raios e rajadas de vento.&nbsp;<\/p>\n\n\n\n<p>A previs\u00e3o \u00e9 de que essas pancadas de chuva ocorram em partes do Mato Grosso do Sul e nas regi\u00f5es oeste e sul de S\u00e3o Paulo. A frente fria avan\u00e7a sobre os dois Estados na segunda-feira, 27.&nbsp;<\/p>\n\n\n\n<p>Al\u00e9m disso, a chuva poder\u00e1 chegar, na segunda-feira, em \u00e1reas do sul de Minas Gerais, Goi\u00e1s e do Rio de Janeiro.<\/p>\n\n\n\n<p>Fonte: Terra <\/p>\n","protected":false},"excerpt":{"rendered":"<p>Segundo o Climatempo, regi\u00f5es do Rio Grande do Sul e Santa Catarina podem chegar a 0\u00baC nos pr\u00f3ximos dias O avan\u00e7o de uma massa de ar polar, alinhado \u00e0 passagem de um ciclone extratropical, dever\u00e1 derrubar as temperaturas na regi\u00e3o Sul do Pa\u00eds a partir do pr\u00f3ximo domingo, 25. Em cidades do Rio Grande do [&hellip;]<\/p>\n","protected":false},"author":8,"featured_media":31756,"comment_status":"closed","ping_status":"open","sticky":false,"template":"","format":"standard","meta":{"rop_custom_images_group":[],"rop_custom_messages_group":[],"rop_publish_now":"yes","rop_publish_now_accounts":[],"rop_publish_now_history":[],"rop_publish_now_status":"pending","footnotes":""},"categories":[189],"tags":[73],"class_list":["post-31754","post","type-post","status-publish","format-standard","has-post-thumbnail","hentry","category-brasil","tag-featured"],"amp_enabled":true,"_links":{"self":[{"href":"https:\/\/imais.online\/portal\/wp-json\/wp\/v2\/posts\/31754","targetHints":{"allow":["GET"]}}],"collection":[{"href":"https:\/\/imais.online\/portal\/wp-json\/wp\/v2\/posts"}],"about":[{"href":"https:\/\/imais.online\/portal\/wp-json\/wp\/v2\/types\/post"}],"author":[{"embeddable":true,"href":"https:\/\/imais.online\/portal\/wp-json\/wp\/v2\/users\/8"}],"replies":[{"embeddable":true,"href":"https:\/\/imais.online\/portal\/wp-json\/wp\/v2\/comments?post=31754"}],"version-history":[{"count":2,"href":"https:\/\/imais.online\/portal\/wp-json\/wp\/v2\/posts\/31754\/revisions"}],"predecessor-version":[{"id":31762,"href":"https:\/\/imais.online\/portal\/wp-json\/wp\/v2\/posts\/31754\/revisions\/31762"}],"wp:featuredmedia":[{"embeddable":true,"href":"https:\/\/imais.online\/portal\/wp-json\/wp\/v2\/media\/31756"}],"wp:attachment":[{"href":"https:\/\/imais.online\/portal\/wp-json\/wp\/v2\/media?parent=31754"}],"wp:term":[{"taxonomy":"category","embeddable":true,"href":"https:\/\/imais.online\/portal\/wp-json\/wp\/v2\/categories?post=31754"},{"taxonomy":"post_tag","embeddable":true,"href":"https:\/\/imais.online\/portal\/wp-json\/wp\/v2\/tags?post=31754"}],"curies":[{"name":"wp","href":"https:\/\/api.w.org\/{rel}","templated":true}]}}